{"id":1660,"date":"2017-05-26T21:16:11","date_gmt":"2017-05-26T19:16:11","guid":{"rendered":"http:\/\/agora.xtec.cat\/escolaelsquatrevents\/?p=1660"},"modified":"2017-05-26T21:25:44","modified_gmt":"2017-05-26T19:25:44","slug":"art-i-artistes-a-p5","status":"publish","type":"post","link":"https:\/\/agora.xtec.cat\/escolaelsquatrevents\/general\/art-i-artistes-a-p5\/","title":{"rendered":"ART I ARTISTES  a P5"},"content":{"rendered":"<p><strong>HEM TRET L&#8217;ARTISTA QUE PORTEM DINS! <\/strong>I hem estat treballant diferents artistes i t\u00e8cniques art\u00edstiques.<\/p>\n<p><a href=\"http:\/\/agora.xtec.cat\/escolaelsquatrevents\/wp-content\/uploads\/usu584\/2017\/05\/pintura-ss-paul-klee-metrc3b3polis-pinturayartistas.jpg\"><img loading=\"lazy\" decoding=\"async\" class=\"wp-image-1710 alignleft\" src=\"http:\/\/agora.xtec.cat\/escolaelsquatrevents\/wp-content\/uploads\/usu584\/2017\/05\/pintura-ss-paul-klee-metrc3b3polis-pinturayartistas-150x150.jpg\" alt=\"pintura-ss-paul-klee-metrc3b3polis-pinturayartistas\" width=\"95\" height=\"95\" \/><\/a>Al primer trimestre vam con\u00e8ixer l&#8217;artista <strong>Paul Klee<\/strong>, ens vam inspirar en el seu art cubista i vam observar els colors i formes que feia servir. Vam pintar una obra cubista fent una quadricula, vam fer un collage amb formes geom\u00e8triques i goma eva. Tamb\u00e9 vam treballar el retrat i vam pintar sobre suport negre, inventant un m\u00f3n m\u00e0gic com algunes obres de Paul Klee. I com que ja comen\u00e7\u00e0vem a ser uns grans artistes vam inventar-nos una signatura i la vam emmarcar!<\/p>\n<p><a href=\"http:\/\/agora.xtec.cat\/escolaelsquatrevents\/wp-content\/uploads\/usu584\/2017\/05\/FIRMA.jpg\"><img loading=\"lazy\" decoding=\"async\" class=\"alignnone wp-image-1715 size-thumbnail\" src=\"http:\/\/agora.xtec.cat\/escolaelsquatrevents\/wp-content\/uploads\/usu584\/2017\/05\/FIRMA-150x150.jpg\" alt=\"FIRMA\" width=\"150\" height=\"150\" \/><\/a><a href=\"http:\/\/agora.xtec.cat\/escolaelsquatrevents\/wp-content\/uploads\/usu584\/2017\/05\/KUADRAT.jpg\"><img loading=\"lazy\" decoding=\"async\" class=\"alignnone wp-image-1717 size-thumbnail\" src=\"http:\/\/agora.xtec.cat\/escolaelsquatrevents\/wp-content\/uploads\/usu584\/2017\/05\/KUADRAT-150x150.jpg\" alt=\"KUADRAT\" width=\"150\" height=\"150\" \/><\/a><a href=\"http:\/\/agora.xtec.cat\/escolaelsquatrevents\/wp-content\/uploads\/usu584\/2017\/05\/CARA-1.jpg\"><img loading=\"lazy\" decoding=\"async\" class=\"alignnone wp-image-1719 size-thumbnail\" src=\"http:\/\/agora.xtec.cat\/escolaelsquatrevents\/wp-content\/uploads\/usu584\/2017\/05\/CARA-1-150x150.jpg\" alt=\"CARA\" width=\"150\" height=\"150\" \/><\/a><a href=\"http:\/\/agora.xtec.cat\/escolaelsquatrevents\/wp-content\/uploads\/usu584\/2017\/05\/NEGRE.jpg\"><img loading=\"lazy\" decoding=\"async\" class=\"alignnone wp-image-1718 size-thumbnail\" src=\"http:\/\/agora.xtec.cat\/escolaelsquatrevents\/wp-content\/uploads\/usu584\/2017\/05\/NEGRE-150x150.jpg\" alt=\"NEGRE\" width=\"150\" height=\"150\" \/><\/a><a href=\"http:\/\/agora.xtec.cat\/escolaelsquatrevents\/wp-content\/uploads\/usu584\/2017\/05\/ABST.jpg\"><img loading=\"lazy\" decoding=\"async\" class=\"alignnone wp-image-1716 size-thumbnail\" src=\"http:\/\/agora.xtec.cat\/escolaelsquatrevents\/wp-content\/uploads\/usu584\/2017\/05\/ABST-150x150.jpg\" alt=\"ABST\" width=\"150\" height=\"150\" \/><\/a><\/p>\n<p><a href=\"http:\/\/agora.xtec.cat\/escolaelsquatrevents\/wp-content\/uploads\/usu584\/2017\/05\/the-persistence-of-memory.jpg\"><img loading=\"lazy\" decoding=\"async\" class=\"wp-image-1701 alignright\" src=\"http:\/\/agora.xtec.cat\/escolaelsquatrevents\/wp-content\/uploads\/usu584\/2017\/05\/the-persistence-of-memory-150x150.jpg\" alt=\"the-persistence-of-memory\" width=\"105\" height=\"105\" \/><\/a>Al segon trimestre va arribar a la classe l&#8217;artista<strong> Salvador Dal\u00ed<\/strong>, amb el que vam poder-nos imaginar hist\u00f2ries i mons\u00a0fant\u00e0stics amb les seves obres. Ens vam convertir amb &#8220;petits Dal\u00ed&#8221; pintant-nos un bigoti com el seu. Vam veure que Dal\u00ed tamb\u00e9 creava escultures i figures imaginaries, i amb fang vam poder fer-ne una i posar-li nom. Ens vam inventar la cara d&#8217;un personatge imaginari\u00a0 trav\u00e9s del collage.Tamb\u00e9 vam dibuixar com ho feia en Dal\u00ed, deformant els objectes que l&#8217;envoltaven. <a href=\"https:\/\/goo.gl\/photos\/j8KwRQsqKsJvzoJy5\">https:\/\/goo.gl\/photos\/j8KwRQsqKsJvzoJy5<\/a><\/p>\n<p><a href=\"http:\/\/agora.xtec.cat\/escolaelsquatrevents\/wp-content\/uploads\/usu584\/2017\/05\/DSC_0411.jpg\"><img loading=\"lazy\" decoding=\"async\" class=\"alignnone wp-image-1702 size-thumbnail\" src=\"http:\/\/agora.xtec.cat\/escolaelsquatrevents\/wp-content\/uploads\/usu584\/2017\/05\/DSC_0411-150x150.jpg\" alt=\"DSC_0411\" width=\"150\" height=\"150\" \/><\/a> <a href=\"http:\/\/agora.xtec.cat\/escolaelsquatrevents\/wp-content\/uploads\/usu584\/2017\/05\/IMG-20170315-WA0055.jpg\"><img loading=\"lazy\" decoding=\"async\" class=\"alignnone wp-image-1703 size-thumbnail\" src=\"http:\/\/agora.xtec.cat\/escolaelsquatrevents\/wp-content\/uploads\/usu584\/2017\/05\/IMG-20170315-WA0055-150x150.jpg\" alt=\"IMG-20170315-WA0055\" width=\"150\" height=\"150\" \/><\/a> <a href=\"http:\/\/agora.xtec.cat\/escolaelsquatrevents\/wp-content\/uploads\/usu584\/2017\/05\/DSC_1179.jpg\"><img loading=\"lazy\" decoding=\"async\" class=\"alignnone wp-image-1704 size-thumbnail\" src=\"http:\/\/agora.xtec.cat\/escolaelsquatrevents\/wp-content\/uploads\/usu584\/2017\/05\/DSC_1179-150x150.jpg\" alt=\"DSC_1179\" width=\"150\" height=\"150\" \/><\/a> <a href=\"http:\/\/agora.xtec.cat\/escolaelsquatrevents\/wp-content\/uploads\/usu584\/2017\/05\/DSC_0905-1.jpg\"><img loading=\"lazy\" decoding=\"async\" class=\"alignnone wp-image-1705 size-thumbnail\" src=\"http:\/\/agora.xtec.cat\/escolaelsquatrevents\/wp-content\/uploads\/usu584\/2017\/05\/DSC_0905-1-150x150.jpg\" alt=\"DSC_0905 (1)\" width=\"150\" height=\"150\" \/><\/a> <a href=\"http:\/\/agora.xtec.cat\/escolaelsquatrevents\/wp-content\/uploads\/usu584\/2017\/05\/DSC_1340.jpg\"><img loading=\"lazy\" decoding=\"async\" class=\"alignnone wp-image-1706 size-thumbnail\" src=\"http:\/\/agora.xtec.cat\/escolaelsquatrevents\/wp-content\/uploads\/usu584\/2017\/05\/DSC_1340-150x150.jpg\" alt=\"DSC_1340\" width=\"150\" height=\"150\" \/><\/a><\/p>\n<p><a href=\"http:\/\/agora.xtec.cat\/escolaelsquatrevents\/wp-content\/uploads\/usu584\/2017\/05\/keith_haring.jpg\"><img loading=\"lazy\" decoding=\"async\" class=\"wp-image-1700 alignleft\" src=\"http:\/\/agora.xtec.cat\/escolaelsquatrevents\/wp-content\/uploads\/usu584\/2017\/05\/keith_haring-150x150.jpg\" alt=\"keith_haring\" width=\"93\" height=\"93\" \/><\/a>I al tercer trimestre hem treballat l&#8217;artista\u00a0 <strong>Keith Haring<\/strong>,que a trav\u00e9s de les siluetes i els colors primaris s&#8217;expressava i era cr\u00edtic amb el m\u00f3n que l&#8217;envoltava. Nosaltres hem pogut jugar imitant les seves siluetes amb el nostre propi cos, hem pintat siluetes al pati amb guixos, hem pintat murals recreant els espais que pintava l&#8217;artista, hem creat siluetes a mida real, hem observat les seves obres i hem opinat sobre elles.\u00a0 <a href=\"https:\/\/goo.gl\/photos\/PJU4FCJhsw2CecHFA\">https:\/\/goo.gl\/photos\/PJU4FCJhsw2CecHFA<\/a><\/p>\n<p>.<a href=\"http:\/\/agora.xtec.cat\/escolaelsquatrevents\/wp-content\/uploads\/usu584\/2017\/05\/2-1.jpg\"><img loading=\"lazy\" decoding=\"async\" class=\"alignnone wp-image-1697 size-thumbnail\" src=\"http:\/\/agora.xtec.cat\/escolaelsquatrevents\/wp-content\/uploads\/usu584\/2017\/05\/2-1-150x150.jpg\" alt=\"2\" width=\"150\" height=\"150\" \/><\/a><a href=\"http:\/\/agora.xtec.cat\/escolaelsquatrevents\/wp-content\/uploads\/usu584\/2017\/05\/3-1.jpg\"><img loading=\"lazy\" decoding=\"async\" class=\"alignnone wp-image-1698 size-thumbnail\" src=\"http:\/\/agora.xtec.cat\/escolaelsquatrevents\/wp-content\/uploads\/usu584\/2017\/05\/3-1-150x150.jpg\" alt=\"3\" width=\"150\" height=\"150\" \/><\/a><a href=\"http:\/\/agora.xtec.cat\/escolaelsquatrevents\/wp-content\/uploads\/usu584\/2017\/05\/4.jpg\"><img loading=\"lazy\" decoding=\"async\" class=\"alignnone wp-image-1699 size-thumbnail\" src=\"http:\/\/agora.xtec.cat\/escolaelsquatrevents\/wp-content\/uploads\/usu584\/2017\/05\/4-150x150.jpg\" alt=\"4\" width=\"150\" height=\"150\" \/><\/a><a href=\"http:\/\/agora.xtec.cat\/escolaelsquatrevents\/wp-content\/uploads\/usu584\/2017\/05\/1-1.jpg\"><img loading=\"lazy\" decoding=\"async\" class=\"alignnone wp-image-1696 size-thumbnail\" src=\"http:\/\/agora.xtec.cat\/escolaelsquatrevents\/wp-content\/uploads\/usu584\/2017\/05\/1-1-150x150.jpg\" alt=\"1\" width=\"150\" height=\"150\" \/><\/a><\/p>\n<p><strong>Amb tots ells ens hem inspirat i hem deixat volar la imaginaci\u00f3.<\/strong><\/p>\n","protected":false},"excerpt":{"rendered":"<p>HEM TRET L&#8217;ARTISTA QUE PORTEM DINS! I hem estat treballant diferents artistes i t\u00e8cniques art\u00edstiques. Al primer trimestre vam con\u00e8ixer l&#8217;artista Paul Klee, ens vam inspirar en el seu art cubista i vam observar els colors i formes que feia servir. Vam pintar una obra cubista fent una quadricula, vam fer un collage amb formes [&hellip;]<\/p>\n","protected":false},"author":3,"featured_media":1710,"comment_status":"open","ping_status":"closed","sticky":false,"template":"","format":"standard","meta":{"_bbp_topic_count":0,"_bbp_reply_count":0,"_bbp_total_topic_count":0,"_bbp_total_reply_count":0,"_bbp_voice_count":0,"_bbp_anonymous_reply_count":0,"_bbp_topic_count_hidden":0,"_bbp_reply_count_hidden":0,"_bbp_forum_subforum_count":0,"site-sidebar-layout":"default","site-content-layout":"","ast-site-content-layout":"","site-content-style":"default","site-sidebar-style":"default","ast-global-header-display":"","ast-banner-title-visibility":"","ast-main-header-display":"","ast-hfb-above-header-display":"","ast-hfb-below-header-display":"","ast-hfb-mobile-header-display":"","site-post-title":"","ast-breadcrumbs-content":"","ast-featured-img":"","footer-sml-layout":"","theme-transparent-header-meta":"","adv-header-id-meta":"","stick-header-meta":"","header-above-stick-meta":"","header-main-stick-meta":"","header-below-stick-meta":"","astra-migrate-meta-layouts":"default","ast-page-background-enabled":"default","ast-page-background-meta":{"desktop":{"background-color":"var(--ast-global-color-4)","background-image":"","background-repeat":"repeat","background-position":"center center","background-size":"auto","background-attachment":"scroll","background-type":"","background-media":"","overlay-type":"","overlay-color":"","overlay-opacity":"","overlay-gradient":""},"tablet":{"background-color":"","background-image":"","background-repeat":"repeat","background-position":"center center","background-size":"auto","background-attachment":"scroll","background-type":"","background-media":"","overlay-type":"","overlay-color":"","overlay-opacity":"","overlay-gradient":""},"mobile":{"background-color":"","background-image":"","background-repeat":"repeat","background-position":"center center","background-size":"auto","background-attachment":"scroll","background-type":"","background-media":"","overlay-type":"","overlay-color":"","overlay-opacity":"","overlay-gradient":""}},"ast-content-background-meta":{"desktop":{"background-color":"var(--ast-global-color-5)","background-image":"","background-repeat":"repeat","background-position":"center center","background-size":"auto","background-attachment":"scroll","background-type":"","background-media":"","overlay-type":"","overlay-color":"","overlay-opacity":"","overlay-gradient":""},"tablet":{"background-color":"var(--ast-global-color-5)","background-image":"","background-repeat":"repeat","background-position":"center center","background-size":"auto","background-attachment":"scroll","background-type":"","background-media":"","overlay-type":"","overlay-color":"","overlay-opacity":"","overlay-gradient":""},"mobile":{"background-color":"var(--ast-global-color-5)","background-image":"","background-repeat":"repeat","background-position":"center center","background-size":"auto","background-attachment":"scroll","background-type":"","background-media":"","overlay-type":"","overlay-color":"","overlay-opacity":"","overlay-gradient":""}},"footnotes":""},"categories":[22,1],"tags":[57,106,56,25],"class_list":["post-1660","post","type-post","status-publish","format-standard","has-post-thumbnail","hentry","category-petits","category-general","tag-art","tag-artistes","tag-p5","tag-petits"],"post_mailing_queue_ids":[],"_links":{"self":[{"href":"https:\/\/agora.xtec.cat\/escolaelsquatrevents\/wp-json\/wp\/v2\/posts\/1660","targetHints":{"allow":["GET"]}}],"collection":[{"href":"https:\/\/agora.xtec.cat\/escolaelsquatrevents\/wp-json\/wp\/v2\/posts"}],"about":[{"href":"https:\/\/agora.xtec.cat\/escolaelsquatrevents\/wp-json\/wp\/v2\/types\/post"}],"author":[{"embeddable":true,"href":"https:\/\/agora.xtec.cat\/escolaelsquatrevents\/wp-json\/wp\/v2\/users\/3"}],"replies":[{"embeddable":true,"href":"https:\/\/agora.xtec.cat\/escolaelsquatrevents\/wp-json\/wp\/v2\/comments?post=1660"}],"version-history":[{"count":2,"href":"https:\/\/agora.xtec.cat\/escolaelsquatrevents\/wp-json\/wp\/v2\/posts\/1660\/revisions"}],"predecessor-version":[{"id":1730,"href":"https:\/\/agora.xtec.cat\/escolaelsquatrevents\/wp-json\/wp\/v2\/posts\/1660\/revisions\/1730"}],"wp:featuredmedia":[{"embeddable":true,"href":"https:\/\/agora.xtec.cat\/escolaelsquatrevents\/wp-json\/wp\/v2\/media\/1710"}],"wp:attachment":[{"href":"https:\/\/agora.xtec.cat\/escolaelsquatrevents\/wp-json\/wp\/v2\/media?parent=1660"}],"wp:term":[{"taxonomy":"category","embeddable":true,"href":"https:\/\/agora.xtec.cat\/escolaelsquatrevents\/wp-json\/wp\/v2\/categories?post=1660"},{"taxonomy":"post_tag","embeddable":true,"href":"https:\/\/agora.xtec.cat\/escolaelsquatrevents\/wp-json\/wp\/v2\/tags?post=1660"}],"curies":[{"name":"wp","href":"https:\/\/api.w.org\/{rel}","templated":true}]}}