{"id":1464,"date":"2017-04-01T08:32:12","date_gmt":"2017-04-01T06:32:12","guid":{"rendered":"http:\/\/agora.xtec.cat\/escolaelsquatrevents\/?p=1464"},"modified":"2017-04-01T08:56:38","modified_gmt":"2017-04-01T06:56:38","slug":"jornades-esportives-2017-granollers","status":"publish","type":"post","link":"https:\/\/agora.xtec.cat\/escolaelsquatrevents\/general\/jornades-esportives-2017-granollers\/","title":{"rendered":"JORNADES ESPORTIVES 2017 GRANOLLERS"},"content":{"rendered":"<p>Els alumnes de sis\u00e8 de l\u00b4escola vam participar a les jornades esportives que es van celebrar a les pistes d\u00b4atletisme i al pavell\u00f3 esportiu el Tub de Granollers\u00a0el divendres 31 de mar\u00e7. Vam fer-ho en quatre modalitats esportives: futbol, b\u00e0squet, h\u00e1ndbol i b\u00e9isbol peu.<\/p>\n<p>Cada grup va disputar dos o tres partits contra grups d\u00b4altres escoles de la comarca. Ens ho vam pasar molt b\u00e9 i no va fer massa calor.<\/p>\n<p><a href=\"https:\/\/photos.google.com\/share\/AF1QipMyO-3T4lxjVTuTWr6F_DLsjwoMra6YxLcmsu35IpoNuUyMAVrmLyHXMuW4Qlb-Nw?key=cFhBbThPbGU0RGkwLVNZdVVJT2ZKTks1eFB1MGtn\">JORNADES ESPORTIVES 2017<\/a><\/p>\n<p style=\"text-align: left;\"><a href=\"http:\/\/agora.xtec.cat\/escolaelsquatrevents\/wp-content\/uploads\/usu584\/2017\/04\/IMG-20170331-WA0002.jpeg\"><img loading=\"lazy\" decoding=\"async\" class=\"alignnone wp-image-1465\" src=\"http:\/\/agora.xtec.cat\/escolaelsquatrevents\/wp-content\/uploads\/usu584\/2017\/04\/IMG-20170331-WA0002-300x180.jpeg\" alt=\"IMG-20170331-WA0002\" width=\"583\" height=\"350\" srcset=\"https:\/\/agora.xtec.cat\/escolaelsquatrevents\/wp-content\/uploads\/usu584\/2017\/04\/IMG-20170331-WA0002-300x180.jpeg 300w, https:\/\/agora.xtec.cat\/escolaelsquatrevents\/wp-content\/uploads\/usu584\/2017\/04\/IMG-20170331-WA0002-768x461.jpeg 768w, https:\/\/agora.xtec.cat\/escolaelsquatrevents\/wp-content\/uploads\/usu584\/2017\/04\/IMG-20170331-WA0002-1024x614.jpeg 1024w\" sizes=\"auto, (max-width: 583px) 100vw, 583px\" \/><\/a><\/p>\n<p style=\"text-align: left;\">\n<p style=\"text-align: left;\">\n","protected":false},"excerpt":{"rendered":"<p>Els alumnes de sis\u00e8 de l\u00b4escola vam participar a les jornades esportives que es van celebrar a les pistes d\u00b4atletisme i al pavell\u00f3 esportiu el Tub de Granollers\u00a0el divendres 31 de mar\u00e7. Vam fer-ho en quatre modalitats esportives: futbol, b\u00e0squet, h\u00e1ndbol i b\u00e9isbol peu. Cada grup va disputar dos o tres partits contra grups d\u00b4altres [&hellip;]<\/p>\n","protected":false},"author":3,"featured_media":1465,"comment_status":"open","ping_status":"open","sticky":false,"template":"","format":"standard","meta":{"_bbp_topic_count":0,"_bbp_reply_count":0,"_bbp_total_topic_count":0,"_bbp_total_reply_count":0,"_bbp_voice_count":0,"_bbp_anonymous_reply_count":0,"_bbp_topic_count_hidden":0,"_bbp_reply_count_hidden":0,"_bbp_forum_subforum_count":0,"site-sidebar-layout":"default","site-content-layout":"","ast-site-content-layout":"","site-content-style":"default","site-sidebar-style":"default","ast-global-header-display":"","ast-banner-title-visibility":"","ast-main-header-display":"","ast-hfb-above-header-display":"","ast-hfb-below-header-display":"","ast-hfb-mobile-header-display":"","site-post-title":"","ast-breadcrumbs-content":"","ast-featured-img":"","footer-sml-layout":"","theme-transparent-header-meta":"","adv-header-id-meta":"","stick-header-meta":"","header-above-stick-meta":"","header-main-stick-meta":"","header-below-stick-meta":"","astra-migrate-meta-layouts":"default","ast-page-background-enabled":"default","ast-page-background-meta":{"desktop":{"background-color":"var(--ast-global-color-4)","background-image":"","background-repeat":"repeat","background-position":"center center","background-size":"auto","background-attachment":"scroll","background-type":"","background-media":"","overlay-type":"","overlay-color":"","overlay-opacity":"","overlay-gradient":""},"tablet":{"background-color":"","background-image":"","background-repeat":"repeat","background-position":"center center","background-size":"auto","background-attachment":"scroll","background-type":"","background-media":"","overlay-type":"","overlay-color":"","overlay-opacity":"","overlay-gradient":""},"mobile":{"background-color":"","background-image":"","background-repeat":"repeat","background-position":"center center","background-size":"auto","background-attachment":"scroll","background-type":"","background-media":"","overlay-type":"","overlay-color":"","overlay-opacity":"","overlay-gradient":""}},"ast-content-background-meta":{"desktop":{"background-color":"var(--ast-global-color-5)","background-image":"","background-repeat":"repeat","background-position":"center center","background-size":"auto","background-attachment":"scroll","background-type":"","background-media":"","overlay-type":"","overlay-color":"","overlay-opacity":"","overlay-gradient":""},"tablet":{"background-color":"var(--ast-global-color-5)","background-image":"","background-repeat":"repeat","background-position":"center center","background-size":"auto","background-attachment":"scroll","background-type":"","background-media":"","overlay-type":"","overlay-color":"","overlay-opacity":"","overlay-gradient":""},"mobile":{"background-color":"var(--ast-global-color-5)","background-image":"","background-repeat":"repeat","background-position":"center center","background-size":"auto","background-attachment":"scroll","background-type":"","background-media":"","overlay-type":"","overlay-color":"","overlay-opacity":"","overlay-gradient":""}},"footnotes":""},"categories":[8,1,4],"tags":[33,29,16],"class_list":["post-1464","post","type-post","status-publish","format-standard","has-post-thumbnail","hentry","category-grans","category-general","category-portada","tag-activitats-generals","tag-grans","tag-sortides"],"post_mailing_queue_ids":[],"_links":{"self":[{"href":"https:\/\/agora.xtec.cat\/escolaelsquatrevents\/wp-json\/wp\/v2\/posts\/1464","targetHints":{"allow":["GET"]}}],"collection":[{"href":"https:\/\/agora.xtec.cat\/escolaelsquatrevents\/wp-json\/wp\/v2\/posts"}],"about":[{"href":"https:\/\/agora.xtec.cat\/escolaelsquatrevents\/wp-json\/wp\/v2\/types\/post"}],"author":[{"embeddable":true,"href":"https:\/\/agora.xtec.cat\/escolaelsquatrevents\/wp-json\/wp\/v2\/users\/3"}],"replies":[{"embeddable":true,"href":"https:\/\/agora.xtec.cat\/escolaelsquatrevents\/wp-json\/wp\/v2\/comments?post=1464"}],"version-history":[{"count":3,"href":"https:\/\/agora.xtec.cat\/escolaelsquatrevents\/wp-json\/wp\/v2\/posts\/1464\/revisions"}],"predecessor-version":[{"id":1469,"href":"https:\/\/agora.xtec.cat\/escolaelsquatrevents\/wp-json\/wp\/v2\/posts\/1464\/revisions\/1469"}],"wp:featuredmedia":[{"embeddable":true,"href":"https:\/\/agora.xtec.cat\/escolaelsquatrevents\/wp-json\/wp\/v2\/media\/1465"}],"wp:attachment":[{"href":"https:\/\/agora.xtec.cat\/escolaelsquatrevents\/wp-json\/wp\/v2\/media?parent=1464"}],"wp:term":[{"taxonomy":"category","embeddable":true,"href":"https:\/\/agora.xtec.cat\/escolaelsquatrevents\/wp-json\/wp\/v2\/categories?post=1464"},{"taxonomy":"post_tag","embeddable":true,"href":"https:\/\/agora.xtec.cat\/escolaelsquatrevents\/wp-json\/wp\/v2\/tags?post=1464"}],"curies":[{"name":"wp","href":"https:\/\/api.w.org\/{rel}","templated":true}]}}