{"id":1318,"date":"2017-03-02T21:09:30","date_gmt":"2017-03-02T20:09:30","guid":{"rendered":"http:\/\/agora.xtec.cat\/escolaelsquatrevents\/?p=1318"},"modified":"2017-03-02T21:15:56","modified_gmt":"2017-03-02T20:15:56","slug":"carnaval-la-volta-al-mon-als-quatre-vents","status":"publish","type":"post","link":"https:\/\/agora.xtec.cat\/escolaelsquatrevents\/general\/carnaval-la-volta-al-mon-als-quatre-vents\/","title":{"rendered":"Carnaval &#8220;La volta al m\u00f3n dels Quatre Vents&#8221;"},"content":{"rendered":"<p><a href=\"http:\/\/agora.xtec.cat\/escolaelsquatrevents\/wp-content\/uploads\/usu584\/2017\/03\/2017-02-23-16.20.03.jpg\"><img loading=\"lazy\" decoding=\"async\" class=\"aligncenter size-large wp-image-1320\" src=\"http:\/\/agora.xtec.cat\/escolaelsquatrevents\/wp-content\/uploads\/usu584\/2017\/03\/2017-02-23-16.20.03-1024x576.jpg\" alt=\"2017-02-23-16-20-03\" width=\"1024\" height=\"576\" srcset=\"https:\/\/agora.xtec.cat\/escolaelsquatrevents\/wp-content\/uploads\/usu584\/2017\/03\/2017-02-23-16.20.03-1024x576.jpg 1024w, https:\/\/agora.xtec.cat\/escolaelsquatrevents\/wp-content\/uploads\/usu584\/2017\/03\/2017-02-23-16.20.03-300x169.jpg 300w, https:\/\/agora.xtec.cat\/escolaelsquatrevents\/wp-content\/uploads\/usu584\/2017\/03\/2017-02-23-16.20.03-768x432.jpg 768w\" sizes=\"auto, (max-width: 1024px) 100vw, 1024px\" \/><\/a><\/p>\n<p>Dimarts\u00a0per fi vam poder sortir pels carrers del poble a lluir les nostres disfresses i fer la tradicional rua de carnaval. Com ja sabeu la tem\u00e0tica de les disfresses d&#8217;enguany girava en torn a la setmana cultural &#8220;La volta al m\u00f3n&#8221;, aix\u00ed que hem omplert els carrers d&#8217;est\u00e0tues de la llibertat, soldadets anglesos, pizzes, indis americans, tribus africanes, boles del m\u00f3n, dracs de la Xina, grecs i castellers. En arribar a l&#8217;escola vam fer una desfilada a la pista per gaudir tots plegats de festa.<\/p>\n<p>A la tarda es va\u00a0celebrar el judici del rei Carnestoltes, que amablement vam convidar a marxar fins l&#8217;any que ve \u00a0per donar la benvinguda a la Vella Quaresma!<\/p>\n<p>Podeu veure totes les\u00a0imatges als seg\u00fcents enlla\u00e7os:<\/p>\n<p><a href=\"https:\/\/goo.gl\/photos\/FuEb2UMNvpSg7xVd9\">Fotos de grups<\/a><\/p>\n<p><a href=\"https:\/\/goo.gl\/photos\/2NQzxNVX51iYktuU6\">Rua de carnaval<\/a><\/p>\n<div class=\"ast-oembed-container \" style=\"height: 100%;\"><iframe loading=\"lazy\" title=\"Rua Carnestoltes 2017\" width=\"500\" height=\"281\" src=\"https:\/\/www.youtube.com\/embed\/5eusX4AzW8Q?feature=oembed\" frameborder=\"0\" allow=\"accelerometer; autoplay; clipboard-write; encrypted-media; gyroscope; picture-in-picture; web-share\" referrerpolicy=\"strict-origin-when-cross-origin\" allowfullscreen><\/iframe><\/div>\n<div class=\"ast-oembed-container \" style=\"height: 100%;\"><iframe loading=\"lazy\" title=\"IMG 8438\" width=\"500\" height=\"281\" src=\"https:\/\/www.youtube.com\/embed\/1FmtQvZUo7U?feature=oembed\" frameborder=\"0\" allow=\"accelerometer; autoplay; clipboard-write; encrypted-media; gyroscope; picture-in-picture; web-share\" referrerpolicy=\"strict-origin-when-cross-origin\" allowfullscreen><\/iframe><\/div>\n","protected":false},"excerpt":{"rendered":"<p>Dimarts\u00a0per fi vam poder sortir pels carrers del poble a lluir les nostres disfresses i fer la tradicional rua de carnaval. Com ja sabeu la tem\u00e0tica de les disfresses d&#8217;enguany girava en torn a la setmana cultural &#8220;La volta al m\u00f3n&#8221;, aix\u00ed que hem omplert els carrers d&#8217;est\u00e0tues de la llibertat, soldadets anglesos, pizzes, indis [&hellip;]<\/p>\n","protected":false},"author":4,"featured_media":1320,"comment_status":"open","ping_status":"open","sticky":false,"template":"","format":"standard","meta":{"_bbp_topic_count":0,"_bbp_reply_count":0,"_bbp_total_topic_count":0,"_bbp_total_reply_count":0,"_bbp_voice_count":0,"_bbp_anonymous_reply_count":0,"_bbp_topic_count_hidden":0,"_bbp_reply_count_hidden":0,"_bbp_forum_subforum_count":0,"site-sidebar-layout":"default","site-content-layout":"","ast-site-content-layout":"","site-content-style":"default","site-sidebar-style":"default","ast-global-header-display":"","ast-banner-title-visibility":"","ast-main-header-display":"","ast-hfb-above-header-display":"","ast-hfb-below-header-display":"","ast-hfb-mobile-header-display":"","site-post-title":"","ast-breadcrumbs-content":"","ast-featured-img":"","footer-sml-layout":"","theme-transparent-header-meta":"","adv-header-id-meta":"","stick-header-meta":"","header-above-stick-meta":"","header-main-stick-meta":"","header-below-stick-meta":"","astra-migrate-meta-layouts":"default","ast-page-background-enabled":"default","ast-page-background-meta":{"desktop":{"background-color":"var(--ast-global-color-4)","background-image":"","background-repeat":"repeat","background-position":"center center","background-size":"auto","background-attachment":"scroll","background-type":"","background-media":"","overlay-type":"","overlay-color":"","overlay-opacity":"","overlay-gradient":""},"tablet":{"background-color":"","background-image":"","background-repeat":"repeat","background-position":"center center","background-size":"auto","background-attachment":"scroll","background-type":"","background-media":"","overlay-type":"","overlay-color":"","overlay-opacity":"","overlay-gradient":""},"mobile":{"background-color":"","background-image":"","background-repeat":"repeat","background-position":"center center","background-size":"auto","background-attachment":"scroll","background-type":"","background-media":"","overlay-type":"","overlay-color":"","overlay-opacity":"","overlay-gradient":""}},"ast-content-background-meta":{"desktop":{"background-color":"var(--ast-global-color-5)","background-image":"","background-repeat":"repeat","background-position":"center center","background-size":"auto","background-attachment":"scroll","background-type":"","background-media":"","overlay-type":"","overlay-color":"","overlay-opacity":"","overlay-gradient":""},"tablet":{"background-color":"var(--ast-global-color-5)","background-image":"","background-repeat":"repeat","background-position":"center center","background-size":"auto","background-attachment":"scroll","background-type":"","background-media":"","overlay-type":"","overlay-color":"","overlay-opacity":"","overlay-gradient":""},"mobile":{"background-color":"var(--ast-global-color-5)","background-image":"","background-repeat":"repeat","background-position":"center center","background-size":"auto","background-attachment":"scroll","background-type":"","background-media":"","overlay-type":"","overlay-color":"","overlay-opacity":"","overlay-gradient":""}},"footnotes":""},"categories":[8,3,22,1,4],"tags":[18,33,74,26,29,28,25],"class_list":["post-1318","post","type-post","status-publish","format-standard","has-post-thumbnail","hentry","category-grans","category-mitjans","category-petits","category-general","category-portada","tag-act-classe","tag-activitats-generals","tag-carnestoltes","tag-festes","tag-grans","tag-mitjans","tag-petits"],"post_mailing_queue_ids":[],"_links":{"self":[{"href":"https:\/\/agora.xtec.cat\/escolaelsquatrevents\/wp-json\/wp\/v2\/posts\/1318","targetHints":{"allow":["GET"]}}],"collection":[{"href":"https:\/\/agora.xtec.cat\/escolaelsquatrevents\/wp-json\/wp\/v2\/posts"}],"about":[{"href":"https:\/\/agora.xtec.cat\/escolaelsquatrevents\/wp-json\/wp\/v2\/types\/post"}],"author":[{"embeddable":true,"href":"https:\/\/agora.xtec.cat\/escolaelsquatrevents\/wp-json\/wp\/v2\/users\/4"}],"replies":[{"embeddable":true,"href":"https:\/\/agora.xtec.cat\/escolaelsquatrevents\/wp-json\/wp\/v2\/comments?post=1318"}],"version-history":[{"count":3,"href":"https:\/\/agora.xtec.cat\/escolaelsquatrevents\/wp-json\/wp\/v2\/posts\/1318\/revisions"}],"predecessor-version":[{"id":1323,"href":"https:\/\/agora.xtec.cat\/escolaelsquatrevents\/wp-json\/wp\/v2\/posts\/1318\/revisions\/1323"}],"wp:featuredmedia":[{"embeddable":true,"href":"https:\/\/agora.xtec.cat\/escolaelsquatrevents\/wp-json\/wp\/v2\/media\/1320"}],"wp:attachment":[{"href":"https:\/\/agora.xtec.cat\/escolaelsquatrevents\/wp-json\/wp\/v2\/media?parent=1318"}],"wp:term":[{"taxonomy":"category","embeddable":true,"href":"https:\/\/agora.xtec.cat\/escolaelsquatrevents\/wp-json\/wp\/v2\/categories?post=1318"},{"taxonomy":"post_tag","embeddable":true,"href":"https:\/\/agora.xtec.cat\/escolaelsquatrevents\/wp-json\/wp\/v2\/tags?post=1318"}],"curies":[{"name":"wp","href":"https:\/\/api.w.org\/{rel}","templated":true}]}}