{"id":1301,"date":"2017-03-06T16:36:50","date_gmt":"2017-03-06T15:36:50","guid":{"rendered":"http:\/\/agora.xtec.cat\/escolaelsquatrevents\/?p=1301"},"modified":"2017-03-06T16:36:50","modified_gmt":"2017-03-06T15:36:50","slug":"setmana-cultural-16-17-la-volta-al-mon","status":"publish","type":"post","link":"https:\/\/agora.xtec.cat\/escolaelsquatrevents\/portada\/setmana-cultural-16-17-la-volta-al-mon\/","title":{"rendered":"Setmana cultural 16-17 LA VOLTA AL M\u00d3N"},"content":{"rendered":"<h4>Un any m\u00e9s hem celebrat la setmana cultural. Aquest cop donant la volta al m\u00f3n amb diferents tallers: danses d&#8217;arreu del m\u00f3n, castells, la geometria dels edificis, trenes africanes, henna, pelis amb crispetes, animacions lectores, gimcanes tecnol\u00f2giques, etc.<\/h4>\n<h4>Ha estat una setmana molt intensa i, despr\u00e9s de celebrar l&#8217;arribada del rei Carnestoltes i el dia de la truita, ens hem disfressat de 9 llocs diferents del m\u00f3n. A veure si els endevineu!!<\/h4>\n<p><img loading=\"lazy\" decoding=\"async\" class=\"aligncenter wp-image-1302 size-medium\" src=\"http:\/\/agora.xtec.cat\/escolaelsquatrevents\/wp-content\/uploads\/usu584\/2017\/03\/Diapositiva1-300x225.jpg\" alt=\"diapositiva1\" width=\"300\" height=\"225\" srcset=\"https:\/\/agora.xtec.cat\/escolaelsquatrevents\/wp-content\/uploads\/usu584\/2017\/03\/Diapositiva1-300x225.jpg 300w, https:\/\/agora.xtec.cat\/escolaelsquatrevents\/wp-content\/uploads\/usu584\/2017\/03\/Diapositiva1-768x576.jpg 768w, https:\/\/agora.xtec.cat\/escolaelsquatrevents\/wp-content\/uploads\/usu584\/2017\/03\/Diapositiva1-200x150.jpg 200w, https:\/\/agora.xtec.cat\/escolaelsquatrevents\/wp-content\/uploads\/usu584\/2017\/03\/Diapositiva1.jpg 960w\" sizes=\"auto, (max-width: 300px) 100vw, 300px\" \/>Podeu veure totes les fotografies en el seg\u00fcents enlla\u00e7os:<\/p>\n<ul>\n<li><a href=\"https:\/\/goo.gl\/photos\/guspjYDBA1SFDsN87\" target=\"_blank\">SETMANA CULTURAL DELS PETITS<\/a><\/li>\n<li><a href=\"https:\/\/goo.gl\/photos\/mwUtzUy1BqD6YXgT6\" target=\"_blank\">SETMANA CULTURAL DELS MITJANS<\/a><\/li>\n<li><a href=\"https:\/\/goo.gl\/photos\/oVaZwcxYjCnxjzur9\" target=\"_blank\">SETMANA CULTURAL DELS GRANS<\/a><\/li>\n<li><a href=\"https:\/\/goo.gl\/photos\/rNG3x2wfUk8TuHmC9\" target=\"_blank\">II Concurs de truites del dijous gras<\/a><\/li>\n<li><a href=\"https:\/\/goo.gl\/photos\/FuEb2UMNvpSg7xVd9\" target=\"_blank\">Fotos de grup amb el rei Carnestoltes<\/a><\/li>\n<li><a href=\"https:\/\/goo.gl\/photos\/2NQzxNVX51iYktuU6\" target=\"_blank\">RUA DE CARNAVAL<\/a><\/li>\n<\/ul>\n<p>A m\u00e9s, aqu\u00ed us deixem un resum de la setmana en forma de collages.<br \/>\n<img loading=\"lazy\" decoding=\"async\" class=\"aligncenter size-large wp-image-1308\" src=\"http:\/\/agora.xtec.cat\/escolaelsquatrevents\/wp-content\/uploads\/usu584\/2017\/03\/Setmana-culturla-1024x1024.jpg\" alt=\"setmana-culturla\" width=\"1024\" height=\"1024\" srcset=\"https:\/\/agora.xtec.cat\/escolaelsquatrevents\/wp-content\/uploads\/usu584\/2017\/03\/Setmana-culturla-1024x1024.jpg 1024w, https:\/\/agora.xtec.cat\/escolaelsquatrevents\/wp-content\/uploads\/usu584\/2017\/03\/Setmana-culturla-150x150.jpg 150w, https:\/\/agora.xtec.cat\/escolaelsquatrevents\/wp-content\/uploads\/usu584\/2017\/03\/Setmana-culturla-300x300.jpg 300w, https:\/\/agora.xtec.cat\/escolaelsquatrevents\/wp-content\/uploads\/usu584\/2017\/03\/Setmana-culturla-768x768.jpg 768w, https:\/\/agora.xtec.cat\/escolaelsquatrevents\/wp-content\/uploads\/usu584\/2017\/03\/Setmana-culturla.jpg 2047w\" sizes=\"auto, (max-width: 1024px) 100vw, 1024px\" \/><img loading=\"lazy\" decoding=\"async\" class=\"wp-image-1303 size-medium alignleft\" src=\"http:\/\/agora.xtec.cat\/escolaelsquatrevents\/wp-content\/uploads\/usu584\/2017\/03\/Edificis-300x300.jpg\" alt=\"edificis\" width=\"300\" height=\"300\" srcset=\"https:\/\/agora.xtec.cat\/escolaelsquatrevents\/wp-content\/uploads\/usu584\/2017\/03\/Edificis-300x300.jpg 300w, https:\/\/agora.xtec.cat\/escolaelsquatrevents\/wp-content\/uploads\/usu584\/2017\/03\/Edificis-150x150.jpg 150w, https:\/\/agora.xtec.cat\/escolaelsquatrevents\/wp-content\/uploads\/usu584\/2017\/03\/Edificis-768x768.jpg 768w, https:\/\/agora.xtec.cat\/escolaelsquatrevents\/wp-content\/uploads\/usu584\/2017\/03\/Edificis-1024x1024.jpg 1024w, https:\/\/agora.xtec.cat\/escolaelsquatrevents\/wp-content\/uploads\/usu584\/2017\/03\/Edificis.jpg 2046w\" sizes=\"auto, (max-width: 300px) 100vw, 300px\" \/><img loading=\"lazy\" decoding=\"async\" class=\"wp-image-1306 size-medium aligncenter\" src=\"http:\/\/agora.xtec.cat\/escolaelsquatrevents\/wp-content\/uploads\/usu584\/2017\/03\/Petits-300x300.png\" alt=\"petits\" width=\"300\" height=\"300\" srcset=\"https:\/\/agora.xtec.cat\/escolaelsquatrevents\/wp-content\/uploads\/usu584\/2017\/03\/Petits-300x300.png 300w, https:\/\/agora.xtec.cat\/escolaelsquatrevents\/wp-content\/uploads\/usu584\/2017\/03\/Petits-150x150.png 150w, https:\/\/agora.xtec.cat\/escolaelsquatrevents\/wp-content\/uploads\/usu584\/2017\/03\/Petits.png 480w\" sizes=\"auto, (max-width: 300px) 100vw, 300px\" \/><\/p>\n<p><img loading=\"lazy\" decoding=\"async\" class=\"wp-image-1305 size-medium alignleft\" src=\"http:\/\/agora.xtec.cat\/escolaelsquatrevents\/wp-content\/uploads\/usu584\/2017\/03\/Mitjans-300x300.png\" alt=\"mitjans\" width=\"300\" height=\"300\" srcset=\"https:\/\/agora.xtec.cat\/escolaelsquatrevents\/wp-content\/uploads\/usu584\/2017\/03\/Mitjans-300x300.png 300w, https:\/\/agora.xtec.cat\/escolaelsquatrevents\/wp-content\/uploads\/usu584\/2017\/03\/Mitjans-150x150.png 150w, https:\/\/agora.xtec.cat\/escolaelsquatrevents\/wp-content\/uploads\/usu584\/2017\/03\/Mitjans.png 480w\" sizes=\"auto, (max-width: 300px) 100vw, 300px\" \/><img loading=\"lazy\" decoding=\"async\" class=\"aligncenter wp-image-1304 size-medium\" src=\"http:\/\/agora.xtec.cat\/escolaelsquatrevents\/wp-content\/uploads\/usu584\/2017\/03\/Grans-300x300.png\" alt=\"grans\" width=\"300\" height=\"300\" srcset=\"https:\/\/agora.xtec.cat\/escolaelsquatrevents\/wp-content\/uploads\/usu584\/2017\/03\/Grans-300x300.png 300w, https:\/\/agora.xtec.cat\/escolaelsquatrevents\/wp-content\/uploads\/usu584\/2017\/03\/Grans-150x150.png 150w, https:\/\/agora.xtec.cat\/escolaelsquatrevents\/wp-content\/uploads\/usu584\/2017\/03\/Grans.png 480w\" sizes=\"auto, (max-width: 300px) 100vw, 300px\" \/><\/p>\n<p><img loading=\"lazy\" decoding=\"async\" class=\"aligncenter size-large wp-image-1307\" src=\"http:\/\/agora.xtec.cat\/escolaelsquatrevents\/wp-content\/uploads\/usu584\/2017\/03\/Rua-1024x1024.jpg\" alt=\"rua\" width=\"1024\" height=\"1024\" srcset=\"https:\/\/agora.xtec.cat\/escolaelsquatrevents\/wp-content\/uploads\/usu584\/2017\/03\/Rua-1024x1024.jpg 1024w, https:\/\/agora.xtec.cat\/escolaelsquatrevents\/wp-content\/uploads\/usu584\/2017\/03\/Rua-150x150.jpg 150w, https:\/\/agora.xtec.cat\/escolaelsquatrevents\/wp-content\/uploads\/usu584\/2017\/03\/Rua-300x300.jpg 300w, https:\/\/agora.xtec.cat\/escolaelsquatrevents\/wp-content\/uploads\/usu584\/2017\/03\/Rua-768x768.jpg 768w, https:\/\/agora.xtec.cat\/escolaelsquatrevents\/wp-content\/uploads\/usu584\/2017\/03\/Rua.jpg 2047w\" sizes=\"auto, (max-width: 1024px) 100vw, 1024px\" \/><\/p>\n","protected":false},"excerpt":{"rendered":"<p>Un any m\u00e9s hem celebrat la setmana cultural. Aquest cop donant la volta al m\u00f3n amb diferents tallers: danses d&#8217;arreu del m\u00f3n, castells, la geometria dels edificis, trenes africanes, henna, pelis amb crispetes, animacions lectores, gimcanes tecnol\u00f2giques, etc. Ha estat una setmana molt intensa i, despr\u00e9s de celebrar l&#8217;arribada del rei Carnestoltes i el dia [&hellip;]<\/p>\n","protected":false},"author":1,"featured_media":1302,"comment_status":"open","ping_status":"open","sticky":false,"template":"","format":"standard","meta":{"_bbp_topic_count":0,"_bbp_reply_count":0,"_bbp_total_topic_count":0,"_bbp_total_reply_count":0,"_bbp_voice_count":0,"_bbp_anonymous_reply_count":0,"_bbp_topic_count_hidden":0,"_bbp_reply_count_hidden":0,"_bbp_forum_subforum_count":0,"site-sidebar-layout":"default","site-content-layout":"","ast-site-content-layout":"","site-content-style":"default","site-sidebar-style":"default","ast-global-header-display":"","ast-banner-title-visibility":"","ast-main-header-display":"","ast-hfb-above-header-display":"","ast-hfb-below-header-display":"","ast-hfb-mobile-header-display":"","site-post-title":"","ast-breadcrumbs-content":"","ast-featured-img":"","footer-sml-layout":"","theme-transparent-header-meta":"","adv-header-id-meta":"","stick-header-meta":"","header-above-stick-meta":"","header-main-stick-meta":"","header-below-stick-meta":"","astra-migrate-meta-layouts":"default","ast-page-background-enabled":"default","ast-page-background-meta":{"desktop":{"background-color":"var(--ast-global-color-4)","background-image":"","background-repeat":"repeat","background-position":"center center","background-size":"auto","background-attachment":"scroll","background-type":"","background-media":"","overlay-type":"","overlay-color":"","overlay-opacity":"","overlay-gradient":""},"tablet":{"background-color":"","background-image":"","background-repeat":"repeat","background-position":"center center","background-size":"auto","background-attachment":"scroll","background-type":"","background-media":"","overlay-type":"","overlay-color":"","overlay-opacity":"","overlay-gradient":""},"mobile":{"background-color":"","background-image":"","background-repeat":"repeat","background-position":"center center","background-size":"auto","background-attachment":"scroll","background-type":"","background-media":"","overlay-type":"","overlay-color":"","overlay-opacity":"","overlay-gradient":""}},"ast-content-background-meta":{"desktop":{"background-color":"var(--ast-global-color-5)","background-image":"","background-repeat":"repeat","background-position":"center center","background-size":"auto","background-attachment":"scroll","background-type":"","background-media":"","overlay-type":"","overlay-color":"","overlay-opacity":"","overlay-gradient":""},"tablet":{"background-color":"var(--ast-global-color-5)","background-image":"","background-repeat":"repeat","background-position":"center center","background-size":"auto","background-attachment":"scroll","background-type":"","background-media":"","overlay-type":"","overlay-color":"","overlay-opacity":"","overlay-gradient":""},"mobile":{"background-color":"var(--ast-global-color-5)","background-image":"","background-repeat":"repeat","background-position":"center center","background-size":"auto","background-attachment":"scroll","background-type":"","background-media":"","overlay-type":"","overlay-color":"","overlay-opacity":"","overlay-gradient":""}},"footnotes":""},"categories":[4],"tags":[18,33,74,53,26,29,28,25],"class_list":["post-1301","post","type-post","status-publish","format-standard","has-post-thumbnail","hentry","category-portada","tag-act-classe","tag-activitats-generals","tag-carnestoltes","tag-comissions","tag-festes","tag-grans","tag-mitjans","tag-petits"],"post_mailing_queue_ids":[],"_links":{"self":[{"href":"https:\/\/agora.xtec.cat\/escolaelsquatrevents\/wp-json\/wp\/v2\/posts\/1301","targetHints":{"allow":["GET"]}}],"collection":[{"href":"https:\/\/agora.xtec.cat\/escolaelsquatrevents\/wp-json\/wp\/v2\/posts"}],"about":[{"href":"https:\/\/agora.xtec.cat\/escolaelsquatrevents\/wp-json\/wp\/v2\/types\/post"}],"author":[{"embeddable":true,"href":"https:\/\/agora.xtec.cat\/escolaelsquatrevents\/wp-json\/wp\/v2\/users\/1"}],"replies":[{"embeddable":true,"href":"https:\/\/agora.xtec.cat\/escolaelsquatrevents\/wp-json\/wp\/v2\/comments?post=1301"}],"version-history":[{"count":2,"href":"https:\/\/agora.xtec.cat\/escolaelsquatrevents\/wp-json\/wp\/v2\/posts\/1301\/revisions"}],"predecessor-version":[{"id":1310,"href":"https:\/\/agora.xtec.cat\/escolaelsquatrevents\/wp-json\/wp\/v2\/posts\/1301\/revisions\/1310"}],"wp:featuredmedia":[{"embeddable":true,"href":"https:\/\/agora.xtec.cat\/escolaelsquatrevents\/wp-json\/wp\/v2\/media\/1302"}],"wp:attachment":[{"href":"https:\/\/agora.xtec.cat\/escolaelsquatrevents\/wp-json\/wp\/v2\/media?parent=1301"}],"wp:term":[{"taxonomy":"category","embeddable":true,"href":"https:\/\/agora.xtec.cat\/escolaelsquatrevents\/wp-json\/wp\/v2\/categories?post=1301"},{"taxonomy":"post_tag","embeddable":true,"href":"https:\/\/agora.xtec.cat\/escolaelsquatrevents\/wp-json\/wp\/v2\/tags?post=1301"}],"curies":[{"name":"wp","href":"https:\/\/api.w.org\/{rel}","templated":true}]}}