{"id":1204,"date":"2017-01-30T20:11:37","date_gmt":"2017-01-30T19:11:37","guid":{"rendered":"http:\/\/agora.xtec.cat\/escolaelsquatrevents\/?p=1204"},"modified":"2017-01-30T21:24:49","modified_gmt":"2017-01-30T20:24:49","slug":"pau1617","status":"publish","type":"post","link":"https:\/\/agora.xtec.cat\/escolaelsquatrevents\/portada\/pau1617\/","title":{"rendered":"Pau 16-17"},"content":{"rendered":"<p style=\"text-align: left;\"><b>El dilluns 30 de gener hem celebrat el dia de la pau i la no viol\u00e8ncia.<\/b><\/p>\n<p style=\"text-align: left;\"><b>Tots els alumnes de l&#8217;escola hem gaudit dels actes preparats pels m\u00e9s grans: els de 6\u00e8 han preparat i llegit un manifest per recordar la import\u00e0ncia de la pau, els de 5\u00e8 han recitat un poema per proclamar la vida sense viol\u00e8ncia, els de 4t han recordat i exemplificat els llocs amb conflicte al m\u00f3n (per desgr\u00e0cia molts i la majoria en els continents menys desenvolupats), i finalment la comunitat de grans ha cantat una can\u00e7\u00f3 on havien canviat la lletra especialment per reivindicar la pau i tothom ha cantat l&#8217;himne de l&#8217;escola. Ha estat molt emotiu!\u00a0<\/b><\/p>\n<p style=\"text-align: left;\"><strong>Us deixem els videos de les can\u00e7ons:<\/strong><\/p>\n<p style=\"text-align: left;\"><a href=\"https:\/\/www.youtube.com\/watch?v=3kxwVjRbDGg\">Can\u00e7\u00f3 comunitat dels grans<\/a><\/p>\n<p style=\"text-align: left;\"><a href=\"https:\/\/youtu.be\/136bTui3pHo\">Himne de l&#8217;escola<\/a><\/p>\n<p style=\"text-align: left;\"><b>Podeu veure algunes imatges en aquest <a href=\"https:\/\/goo.gl\/photos\/3B1S94M2BQ88u4vq7\">enlla\u00e7<\/a>\u00a0<\/b><\/p>\n<p style=\"text-align: left;\"><b><img loading=\"lazy\" decoding=\"async\" class=\"aligncenter size-medium wp-image-1209\" src=\"http:\/\/agora.xtec.cat\/escolaelsquatrevents\/wp-content\/uploads\/usu584\/2017\/01\/IMG_7554-300x225.jpg\" alt=\"img_7554\" width=\"300\" height=\"225\" srcset=\"https:\/\/agora.xtec.cat\/escolaelsquatrevents\/wp-content\/uploads\/usu584\/2017\/01\/IMG_7554-300x225.jpg 300w, https:\/\/agora.xtec.cat\/escolaelsquatrevents\/wp-content\/uploads\/usu584\/2017\/01\/IMG_7554-768x576.jpg 768w, https:\/\/agora.xtec.cat\/escolaelsquatrevents\/wp-content\/uploads\/usu584\/2017\/01\/IMG_7554-1024x768.jpg 1024w, https:\/\/agora.xtec.cat\/escolaelsquatrevents\/wp-content\/uploads\/usu584\/2017\/01\/IMG_7554-200x150.jpg 200w\" sizes=\"auto, (max-width: 300px) 100vw, 300px\" \/><img loading=\"lazy\" decoding=\"async\" class=\"aligncenter size-medium wp-image-1206\" src=\"http:\/\/agora.xtec.cat\/escolaelsquatrevents\/wp-content\/uploads\/usu584\/2017\/01\/IMG_7553-300x225.jpg\" alt=\"img_7553\" width=\"300\" height=\"225\" srcset=\"https:\/\/agora.xtec.cat\/escolaelsquatrevents\/wp-content\/uploads\/usu584\/2017\/01\/IMG_7553-300x225.jpg 300w, https:\/\/agora.xtec.cat\/escolaelsquatrevents\/wp-content\/uploads\/usu584\/2017\/01\/IMG_7553-768x576.jpg 768w, https:\/\/agora.xtec.cat\/escolaelsquatrevents\/wp-content\/uploads\/usu584\/2017\/01\/IMG_7553-1024x768.jpg 1024w, https:\/\/agora.xtec.cat\/escolaelsquatrevents\/wp-content\/uploads\/usu584\/2017\/01\/IMG_7553-200x150.jpg 200w\" sizes=\"auto, (max-width: 300px) 100vw, 300px\" \/><\/b><\/p>\n<pre><i>\r\n\r\n\r\nMANIFEST PER LA PAU\r\n<\/i><i>Els alumnes i les alumnes de l' Escola Els Quatre Vents de Canovelles volem des del dia d'avui la pau a tot el m\u00f3n.\r\n<\/i><i>Volem que no hi hagin m\u00e9s guerres, ni atemptats terror\u00edstes, ni racisme, ni bulling, ni viol\u00e8ncia de g\u00e8nere o de cap altres tipus\r\n<\/i><i>Ens agradaria que deissexin de fabricar bombes perqu\u00e8 cada hora que passa moren al m\u00f3n persones quan aquestes armes exploten.<\/i><i><\/i><i>Ens agradaria que hi hagu\u00e9s pau, felicitat, amistat, salut i respecte pels altres a tot el m\u00f3n.\r\nDes de l'escola Els Quatre Vents ens dirigim a tots els governs del m\u00f3n perqu\u00e8 ens ajudin a que el nostre desig es faci realitat.<\/i>\r\n\r\n<i>Tot el que volem es viure en pau.<\/i>\r\n\r\n<i>(escrit pels alumnes de 6\u00e8)\r\n\r\n<\/i><\/pre>\n","protected":false},"excerpt":{"rendered":"<p>El dilluns 30 de gener hem celebrat el dia de la pau i la no viol\u00e8ncia. Tots els alumnes de l&#8217;escola hem gaudit dels actes preparats pels m\u00e9s grans: els de 6\u00e8 han preparat i llegit un manifest per recordar la import\u00e0ncia de la pau, els de 5\u00e8 han recitat un poema per proclamar la [&hellip;]<\/p>\n","protected":false},"author":1,"featured_media":1209,"comment_status":"open","ping_status":"open","sticky":false,"template":"","format":"standard","meta":{"_bbp_topic_count":0,"_bbp_reply_count":0,"_bbp_total_topic_count":0,"_bbp_total_reply_count":0,"_bbp_voice_count":0,"_bbp_anonymous_reply_count":0,"_bbp_topic_count_hidden":0,"_bbp_reply_count_hidden":0,"_bbp_forum_subforum_count":0,"site-sidebar-layout":"default","site-content-layout":"","ast-site-content-layout":"","site-content-style":"default","site-sidebar-style":"default","ast-global-header-display":"","ast-banner-title-visibility":"","ast-main-header-display":"","ast-hfb-above-header-display":"","ast-hfb-below-header-display":"","ast-hfb-mobile-header-display":"","site-post-title":"","ast-breadcrumbs-content":"","ast-featured-img":"","footer-sml-layout":"","theme-transparent-header-meta":"","adv-header-id-meta":"","stick-header-meta":"","header-above-stick-meta":"","header-main-stick-meta":"","header-below-stick-meta":"","astra-migrate-meta-layouts":"default","ast-page-background-enabled":"default","ast-page-background-meta":{"desktop":{"background-color":"var(--ast-global-color-4)","background-image":"","background-repeat":"repeat","background-position":"center center","background-size":"auto","background-attachment":"scroll","background-type":"","background-media":"","overlay-type":"","overlay-color":"","overlay-opacity":"","overlay-gradient":""},"tablet":{"background-color":"","background-image":"","background-repeat":"repeat","background-position":"center center","background-size":"auto","background-attachment":"scroll","background-type":"","background-media":"","overlay-type":"","overlay-color":"","overlay-opacity":"","overlay-gradient":""},"mobile":{"background-color":"","background-image":"","background-repeat":"repeat","background-position":"center center","background-size":"auto","background-attachment":"scroll","background-type":"","background-media":"","overlay-type":"","overlay-color":"","overlay-opacity":"","overlay-gradient":""}},"ast-content-background-meta":{"desktop":{"background-color":"var(--ast-global-color-5)","background-image":"","background-repeat":"repeat","background-position":"center center","background-size":"auto","background-attachment":"scroll","background-type":"","background-media":"","overlay-type":"","overlay-color":"","overlay-opacity":"","overlay-gradient":""},"tablet":{"background-color":"var(--ast-global-color-5)","background-image":"","background-repeat":"repeat","background-position":"center center","background-size":"auto","background-attachment":"scroll","background-type":"","background-media":"","overlay-type":"","overlay-color":"","overlay-opacity":"","overlay-gradient":""},"mobile":{"background-color":"var(--ast-global-color-5)","background-image":"","background-repeat":"repeat","background-position":"center center","background-size":"auto","background-attachment":"scroll","background-type":"","background-media":"","overlay-type":"","overlay-color":"","overlay-opacity":"","overlay-gradient":""}},"footnotes":""},"categories":[4],"tags":[33,26],"class_list":["post-1204","post","type-post","status-publish","format-standard","has-post-thumbnail","hentry","category-portada","tag-activitats-generals","tag-festes"],"post_mailing_queue_ids":[],"_links":{"self":[{"href":"https:\/\/agora.xtec.cat\/escolaelsquatrevents\/wp-json\/wp\/v2\/posts\/1204","targetHints":{"allow":["GET"]}}],"collection":[{"href":"https:\/\/agora.xtec.cat\/escolaelsquatrevents\/wp-json\/wp\/v2\/posts"}],"about":[{"href":"https:\/\/agora.xtec.cat\/escolaelsquatrevents\/wp-json\/wp\/v2\/types\/post"}],"author":[{"embeddable":true,"href":"https:\/\/agora.xtec.cat\/escolaelsquatrevents\/wp-json\/wp\/v2\/users\/1"}],"replies":[{"embeddable":true,"href":"https:\/\/agora.xtec.cat\/escolaelsquatrevents\/wp-json\/wp\/v2\/comments?post=1204"}],"version-history":[{"count":4,"href":"https:\/\/agora.xtec.cat\/escolaelsquatrevents\/wp-json\/wp\/v2\/posts\/1204\/revisions"}],"predecessor-version":[{"id":1217,"href":"https:\/\/agora.xtec.cat\/escolaelsquatrevents\/wp-json\/wp\/v2\/posts\/1204\/revisions\/1217"}],"wp:featuredmedia":[{"embeddable":true,"href":"https:\/\/agora.xtec.cat\/escolaelsquatrevents\/wp-json\/wp\/v2\/media\/1209"}],"wp:attachment":[{"href":"https:\/\/agora.xtec.cat\/escolaelsquatrevents\/wp-json\/wp\/v2\/media?parent=1204"}],"wp:term":[{"taxonomy":"category","embeddable":true,"href":"https:\/\/agora.xtec.cat\/escolaelsquatrevents\/wp-json\/wp\/v2\/categories?post=1204"},{"taxonomy":"post_tag","embeddable":true,"href":"https:\/\/agora.xtec.cat\/escolaelsquatrevents\/wp-json\/wp\/v2\/tags?post=1204"}],"curies":[{"name":"wp","href":"https:\/\/api.w.org\/{rel}","templated":true}]}}