{"id":1141,"date":"2016-12-19T15:40:02","date_gmt":"2016-12-19T14:40:02","guid":{"rendered":"http:\/\/agora.xtec.cat\/escolaelsquatrevents\/?p=1141"},"modified":"2016-12-19T15:40:02","modified_gmt":"2016-12-19T14:40:02","slug":"cantem-al-nadal","status":"publish","type":"post","link":"https:\/\/agora.xtec.cat\/escolaelsquatrevents\/mitjans\/cantem-al-nadal\/","title":{"rendered":"Cantem al Nadal"},"content":{"rendered":"<p>Aquest Nadal les nenes i els nens de 1r participen de l&#8217;activitat que ha organitzat VOTV per veure-ho sols cals que sintonitzeu al vostre TV els dies i horari que us indiquem a la imatge.<\/p>\n<p>En cas que no pogueu sintonitzar-ho \u00a0en aquest horari estar\u00e0 disponible al seg\u00fcent enlla\u00e7:<\/p>\n<p><a href=\"http:\/\/votv.xiptv.cat\/cantem-al-nadal\" target=\"_blank\" data-saferedirecturl=\"https:\/\/www.google.com\/url?hl=ca&amp;q=http:\/\/votv.xiptv.cat\/cantem-al-nadal&amp;source=gmail&amp;ust=1482244248062000&amp;usg=AFQjCNGkEbciVgYSEIYtAZXwbOn37rk6cQ\">http:\/\/votv.xiptv.cat\/cant<wbr \/>em-al-nadal<\/a>\u00a0i al canal de VOTV en<a href=\"https:\/\/www.youtube.com\/user\/VOTVVallesOriental\" target=\"_blank\" data-saferedirecturl=\"https:\/\/www.google.com\/url?hl=ca&amp;q=https:\/\/www.youtube.com\/user\/VOTVVallesOriental&amp;source=gmail&amp;ust=1482244248062000&amp;usg=AFQjCNHpsYdlL4yKpsUH9XS_5sNF5gVYig\">Youtube<\/a><\/p>\n<p><a href=\"http:\/\/agora.xtec.cat\/escolaelsquatrevents\/wp-content\/uploads\/usu584\/2016\/12\/cantemalnadal2016.jpg\"><img loading=\"lazy\" decoding=\"async\" class=\"alignnone size-large wp-image-1142\" src=\"http:\/\/agora.xtec.cat\/escolaelsquatrevents\/wp-content\/uploads\/usu584\/2016\/12\/cantemalnadal2016-1024x564.jpg\" alt=\"cantemalnadal2016\" width=\"1024\" height=\"564\" srcset=\"https:\/\/agora.xtec.cat\/escolaelsquatrevents\/wp-content\/uploads\/usu584\/2016\/12\/cantemalnadal2016-1024x564.jpg 1024w, https:\/\/agora.xtec.cat\/escolaelsquatrevents\/wp-content\/uploads\/usu584\/2016\/12\/cantemalnadal2016-300x165.jpg 300w, https:\/\/agora.xtec.cat\/escolaelsquatrevents\/wp-content\/uploads\/usu584\/2016\/12\/cantemalnadal2016-768x423.jpg 768w, https:\/\/agora.xtec.cat\/escolaelsquatrevents\/wp-content\/uploads\/usu584\/2016\/12\/cantemalnadal2016.jpg 1048w\" sizes=\"auto, (max-width: 1024px) 100vw, 1024px\" \/><\/a><\/p>\n","protected":false},"excerpt":{"rendered":"<p>Aquest Nadal les nenes i els nens de 1r participen de l&#8217;activitat que ha organitzat VOTV per veure-ho sols cals que sintonitzeu al vostre TV els dies i horari que us indiquem a la imatge. En cas que no pogueu sintonitzar-ho \u00a0en aquest horari estar\u00e0 disponible al seg\u00fcent enlla\u00e7: http:\/\/votv.xiptv.cat\/cantem-al-nadal\u00a0i al canal de VOTV enYoutube<\/p>\n","protected":false},"author":3,"featured_media":0,"comment_status":"open","ping_status":"open","sticky":false,"template":"","format":"standard","meta":{"_bbp_topic_count":0,"_bbp_reply_count":0,"_bbp_total_topic_count":0,"_bbp_total_reply_count":0,"_bbp_voice_count":0,"_bbp_anonymous_reply_count":0,"_bbp_topic_count_hidden":0,"_bbp_reply_count_hidden":0,"_bbp_forum_subforum_count":0,"site-sidebar-layout":"default","site-content-layout":"","ast-site-content-layout":"","site-content-style":"default","site-sidebar-style":"default","ast-global-header-display":"","ast-banner-title-visibility":"","ast-main-header-display":"","ast-hfb-above-header-display":"","ast-hfb-below-header-display":"","ast-hfb-mobile-header-display":"","site-post-title":"","ast-breadcrumbs-content":"","ast-featured-img":"","footer-sml-layout":"","theme-transparent-header-meta":"","adv-header-id-meta":"","stick-header-meta":"","header-above-stick-meta":"","header-main-stick-meta":"","header-below-stick-meta":"","astra-migrate-meta-layouts":"default","ast-page-background-enabled":"default","ast-page-background-meta":{"desktop":{"background-color":"var(--ast-global-color-4)","background-image":"","background-repeat":"repeat","background-position":"center center","background-size":"auto","background-attachment":"scroll","background-type":"","background-media":"","overlay-type":"","overlay-color":"","overlay-opacity":"","overlay-gradient":""},"tablet":{"background-color":"","background-image":"","background-repeat":"repeat","background-position":"center center","background-size":"auto","background-attachment":"scroll","background-type":"","background-media":"","overlay-type":"","overlay-color":"","overlay-opacity":"","overlay-gradient":""},"mobile":{"background-color":"","background-image":"","background-repeat":"repeat","background-position":"center center","background-size":"auto","background-attachment":"scroll","background-type":"","background-media":"","overlay-type":"","overlay-color":"","overlay-opacity":"","overlay-gradient":""}},"ast-content-background-meta":{"desktop":{"background-color":"var(--ast-global-color-5)","background-image":"","background-repeat":"repeat","background-position":"center center","background-size":"auto","background-attachment":"scroll","background-type":"","background-media":"","overlay-type":"","overlay-color":"","overlay-opacity":"","overlay-gradient":""},"tablet":{"background-color":"var(--ast-global-color-5)","background-image":"","background-repeat":"repeat","background-position":"center center","background-size":"auto","background-attachment":"scroll","background-type":"","background-media":"","overlay-type":"","overlay-color":"","overlay-opacity":"","overlay-gradient":""},"mobile":{"background-color":"var(--ast-global-color-5)","background-image":"","background-repeat":"repeat","background-position":"center center","background-size":"auto","background-attachment":"scroll","background-type":"","background-media":"","overlay-type":"","overlay-color":"","overlay-opacity":"","overlay-gradient":""}},"footnotes":""},"categories":[3],"tags":[55],"class_list":["post-1141","post","type-post","status-publish","format-standard","hentry","category-mitjans","tag-musica"],"post_mailing_queue_ids":[],"_links":{"self":[{"href":"https:\/\/agora.xtec.cat\/escolaelsquatrevents\/wp-json\/wp\/v2\/posts\/1141","targetHints":{"allow":["GET"]}}],"collection":[{"href":"https:\/\/agora.xtec.cat\/escolaelsquatrevents\/wp-json\/wp\/v2\/posts"}],"about":[{"href":"https:\/\/agora.xtec.cat\/escolaelsquatrevents\/wp-json\/wp\/v2\/types\/post"}],"author":[{"embeddable":true,"href":"https:\/\/agora.xtec.cat\/escolaelsquatrevents\/wp-json\/wp\/v2\/users\/3"}],"replies":[{"embeddable":true,"href":"https:\/\/agora.xtec.cat\/escolaelsquatrevents\/wp-json\/wp\/v2\/comments?post=1141"}],"version-history":[{"count":1,"href":"https:\/\/agora.xtec.cat\/escolaelsquatrevents\/wp-json\/wp\/v2\/posts\/1141\/revisions"}],"predecessor-version":[{"id":1143,"href":"https:\/\/agora.xtec.cat\/escolaelsquatrevents\/wp-json\/wp\/v2\/posts\/1141\/revisions\/1143"}],"wp:attachment":[{"href":"https:\/\/agora.xtec.cat\/escolaelsquatrevents\/wp-json\/wp\/v2\/media?parent=1141"}],"wp:term":[{"taxonomy":"category","embeddable":true,"href":"https:\/\/agora.xtec.cat\/escolaelsquatrevents\/wp-json\/wp\/v2\/categories?post=1141"},{"taxonomy":"post_tag","embeddable":true,"href":"https:\/\/agora.xtec.cat\/escolaelsquatrevents\/wp-json\/wp\/v2\/tags?post=1141"}],"curies":[{"name":"wp","href":"https:\/\/api.w.org\/{rel}","templated":true}]}}