{"id":1077,"date":"2016-10-29T14:31:19","date_gmt":"2016-10-29T12:31:19","guid":{"rendered":"http:\/\/agora.xtec.cat\/escolaelsquatrevents\/?p=1077"},"modified":"2016-10-29T14:31:19","modified_gmt":"2016-10-29T12:31:19","slug":"festa-tardor","status":"publish","type":"post","link":"https:\/\/agora.xtec.cat\/escolaelsquatrevents\/mitjans\/festa-tardor\/","title":{"rendered":"Festa tardor"},"content":{"rendered":"<p>El divendres 28 d&#8217;octubre hem celebrat la festa de tardor amb molts actes emotius.<br \/>\nAqu\u00ed us deixem un recull de les de fotografies de la festa: la visita de la castanyera, els pastissos de tardor, els guanyadors del concurs de la castanya, de les danses dels alumnes de 1r i 2n i la menjada de castanyes. Tamb\u00e9 us hem inserit els v\u00eddeos de les danses de 1r (galop d&#8217;entrada, ball de la castanya, ball de la civada i cavallers de taula rodona) i de 2n (galop d&#8217;entrada i Sant Ferriol). Esperem que ho gaudiu molt!<\/p>\n<p><a href=\"https:\/\/goo.gl\/photos\/1h1Z5BafER2ZgoQu7\">Fotografies<\/a>: <a href=\"https:\/\/goo.gl\/photos\/1h1Z5BafER2ZgoQu7\">https:\/\/goo.gl\/photos\/1h1Z5BafER2ZgoQu7<\/a><\/p>\n<p>&nbsp;<br \/>\nMoltes gr\u00e0cies a les fam\u00edlies\u00a0de la comissi\u00f3 de decoraci\u00f3 per preparar l&#8217;escenari i decorar l&#8217;escola, comissi\u00f3 de comunicaci\u00f3 per enregistrar publicar l&#8217;esdeveniment, a l&#8217;AMPA i a la resta de voluntaris per la torrada de castanyes i a la castanyera per animar la festa!!!<br \/>\n&nbsp;<br \/>\n<iframe loading=\"lazy\" width=\"854\" height=\"480\" src=\"https:\/\/www.youtube.com\/embed\/4G0D8jDP0-w\" frameborder=\"0\" allowfullscreen><\/iframe><br \/>\n&nbsp;<br \/>\n<iframe loading=\"lazy\" width=\"854\" height=\"480\" src=\"https:\/\/www.youtube.com\/embed\/x6mnqrAjGmQ\" frameborder=\"0\" allowfullscreen><\/iframe><br \/>\n&nbsp;<br \/>\n<iframe loading=\"lazy\" width=\"854\" height=\"480\" src=\"https:\/\/www.youtube.com\/embed\/TCAj7Bs8FMQ\" frameborder=\"0\" allowfullscreen><\/iframe><br \/>\n&nbsp;<br \/>\n<iframe loading=\"lazy\" width=\"854\" height=\"480\" src=\"https:\/\/www.youtube.com\/embed\/0dhDjuoYWyc\" frameborder=\"0\" allowfullscreen><\/iframe><br \/>\n&nbsp;<br \/>\n<iframe loading=\"lazy\" width=\"854\" height=\"480\" src=\"https:\/\/www.youtube.com\/embed\/hlNPXw1Z6Ys\" frameborder=\"0\" allowfullscreen><\/iframe><br \/>\n&nbsp;<\/p>\n","protected":false},"excerpt":{"rendered":"<p>El divendres 28 d&#8217;octubre hem celebrat la festa de tardor amb molts actes emotius. Aqu\u00ed us deixem un recull de les de fotografies de la festa: la visita de la castanyera, els pastissos de tardor, els guanyadors del concurs de la castanya, de les danses dels alumnes de 1r i 2n i la menjada de [&hellip;]<\/p>\n","protected":false},"author":4,"featured_media":1078,"comment_status":"open","ping_status":"open","sticky":false,"template":"","format":"standard","meta":{"_bbp_topic_count":0,"_bbp_reply_count":0,"_bbp_total_topic_count":0,"_bbp_total_reply_count":0,"_bbp_voice_count":0,"_bbp_anonymous_reply_count":0,"_bbp_topic_count_hidden":0,"_bbp_reply_count_hidden":0,"_bbp_forum_subforum_count":0,"site-sidebar-layout":"default","site-content-layout":"","ast-site-content-layout":"","site-content-style":"default","site-sidebar-style":"default","ast-global-header-display":"","ast-banner-title-visibility":"","ast-main-header-display":"","ast-hfb-above-header-display":"","ast-hfb-below-header-display":"","ast-hfb-mobile-header-display":"","site-post-title":"","ast-breadcrumbs-content":"","ast-featured-img":"","footer-sml-layout":"","theme-transparent-header-meta":"","adv-header-id-meta":"","stick-header-meta":"","header-above-stick-meta":"","header-main-stick-meta":"","header-below-stick-meta":"","astra-migrate-meta-layouts":"default","ast-page-background-enabled":"default","ast-page-background-meta":{"desktop":{"background-color":"var(--ast-global-color-4)","background-image":"","background-repeat":"repeat","background-position":"center center","background-size":"auto","background-attachment":"scroll","background-type":"","background-media":"","overlay-type":"","overlay-color":"","overlay-opacity":"","overlay-gradient":""},"tablet":{"background-color":"","background-image":"","background-repeat":"repeat","background-position":"center center","background-size":"auto","background-attachment":"scroll","background-type":"","background-media":"","overlay-type":"","overlay-color":"","overlay-opacity":"","overlay-gradient":""},"mobile":{"background-color":"","background-image":"","background-repeat":"repeat","background-position":"center center","background-size":"auto","background-attachment":"scroll","background-type":"","background-media":"","overlay-type":"","overlay-color":"","overlay-opacity":"","overlay-gradient":""}},"ast-content-background-meta":{"desktop":{"background-color":"var(--ast-global-color-5)","background-image":"","background-repeat":"repeat","background-position":"center center","background-size":"auto","background-attachment":"scroll","background-type":"","background-media":"","overlay-type":"","overlay-color":"","overlay-opacity":"","overlay-gradient":""},"tablet":{"background-color":"var(--ast-global-color-5)","background-image":"","background-repeat":"repeat","background-position":"center center","background-size":"auto","background-attachment":"scroll","background-type":"","background-media":"","overlay-type":"","overlay-color":"","overlay-opacity":"","overlay-gradient":""},"mobile":{"background-color":"var(--ast-global-color-5)","background-image":"","background-repeat":"repeat","background-position":"center center","background-size":"auto","background-attachment":"scroll","background-type":"","background-media":"","overlay-type":"","overlay-color":"","overlay-opacity":"","overlay-gradient":""}},"footnotes":""},"categories":[8,3,22,4],"tags":[33,34,59,24,53,26,29,28,25],"class_list":["post-1077","post","type-post","status-publish","format-standard","has-post-thumbnail","hentry","category-grans","category-mitjans","category-petits","category-portada","tag-activitats-generals","tag-ampa-afa","tag-castanya","tag-castanyada","tag-comissions","tag-festes","tag-grans","tag-mitjans","tag-petits"],"post_mailing_queue_ids":[],"_links":{"self":[{"href":"https:\/\/agora.xtec.cat\/escolaelsquatrevents\/wp-json\/wp\/v2\/posts\/1077","targetHints":{"allow":["GET"]}}],"collection":[{"href":"https:\/\/agora.xtec.cat\/escolaelsquatrevents\/wp-json\/wp\/v2\/posts"}],"about":[{"href":"https:\/\/agora.xtec.cat\/escolaelsquatrevents\/wp-json\/wp\/v2\/types\/post"}],"author":[{"embeddable":true,"href":"https:\/\/agora.xtec.cat\/escolaelsquatrevents\/wp-json\/wp\/v2\/users\/4"}],"replies":[{"embeddable":true,"href":"https:\/\/agora.xtec.cat\/escolaelsquatrevents\/wp-json\/wp\/v2\/comments?post=1077"}],"version-history":[{"count":1,"href":"https:\/\/agora.xtec.cat\/escolaelsquatrevents\/wp-json\/wp\/v2\/posts\/1077\/revisions"}],"predecessor-version":[{"id":1079,"href":"https:\/\/agora.xtec.cat\/escolaelsquatrevents\/wp-json\/wp\/v2\/posts\/1077\/revisions\/1079"}],"wp:featuredmedia":[{"embeddable":true,"href":"https:\/\/agora.xtec.cat\/escolaelsquatrevents\/wp-json\/wp\/v2\/media\/1078"}],"wp:attachment":[{"href":"https:\/\/agora.xtec.cat\/escolaelsquatrevents\/wp-json\/wp\/v2\/media?parent=1077"}],"wp:term":[{"taxonomy":"category","embeddable":true,"href":"https:\/\/agora.xtec.cat\/escolaelsquatrevents\/wp-json\/wp\/v2\/categories?post=1077"},{"taxonomy":"post_tag","embeddable":true,"href":"https:\/\/agora.xtec.cat\/escolaelsquatrevents\/wp-json\/wp\/v2\/tags?post=1077"}],"curies":[{"name":"wp","href":"https:\/\/api.w.org\/{rel}","templated":true}]}}