{"id":10415,"date":"2025-10-30T18:00:00","date_gmt":"2025-10-30T17:00:00","guid":{"rendered":"https:\/\/agora.xtec.cat\/escolaelsquatrevents\/?p=10415"},"modified":"2025-10-29T13:30:36","modified_gmt":"2025-10-29T12:30:36","slug":"%f0%9f%8d%82-celebrem-la-castanyada-%f0%9f%8d%82","status":"publish","type":"post","link":"https:\/\/agora.xtec.cat\/escolaelsquatrevents\/general\/%f0%9f%8d%82-celebrem-la-castanyada-%f0%9f%8d%82\/","title":{"rendered":"\ud83c\udf42 Celebrem la Castanyada \ud83c\udf42"},"content":{"rendered":"\n<figure class=\"wp-block-image aligncenter size-full is-resized\"><a href=\"https:\/\/agora.xtec.cat\/escolaelsquatrevents\/wp-content\/uploads\/usu584\/2025\/10\/castanya.jpg\"><img loading=\"lazy\" decoding=\"async\" width=\"848\" height=\"564\" src=\"https:\/\/agora.xtec.cat\/escolaelsquatrevents\/wp-content\/uploads\/usu584\/2025\/10\/castanya.jpg\" alt=\"\" class=\"wp-image-10416\" style=\"width:296px;height:auto\" srcset=\"https:\/\/agora.xtec.cat\/escolaelsquatrevents\/wp-content\/uploads\/usu584\/2025\/10\/castanya.jpg 848w, https:\/\/agora.xtec.cat\/escolaelsquatrevents\/wp-content\/uploads\/usu584\/2025\/10\/castanya-300x200.jpg 300w, https:\/\/agora.xtec.cat\/escolaelsquatrevents\/wp-content\/uploads\/usu584\/2025\/10\/castanya-768x511.jpg 768w\" sizes=\"auto, (max-width: 848px) 100vw, 848px\" \/><\/a><\/figure>\n\n\n\n<p>Celebrem la Castanyada a l\u2019escola \ud83c\udf42<\/p>\n\n\n\n<p>Durant les \u00faltimes setmanes d\u2019octubre, a l\u2019escola ens hem anat preparant per celebrar la Castanyada, una de les tradicions m\u00e9s estimades de la tardor. Al llarg d\u2019aquests dies, hem realitzat diverses activitats que ens han ajudat a con\u00e8ixer millor aquesta festa i a gaudir-ne plegades i plegats.<\/p>\n\n\n\n<p>Una de les activitats m\u00e9s especials \u00e9s \u201cLa Castanya Col\u00b7laborativa\u201d, en la qual, per comunitats i barrejant infants de diferents nivells, treballem conjuntament per decorar la nostra gran castanya.<\/p>\n\n\n\n<p>Tamb\u00e9 hem gaudit d\u2019un esmorzar compartit amb els pastissos bon\u00edssims que les fam\u00edlies han preparat amb il\u00b7lusi\u00f3. Ha estat un moment molt dol\u00e7 i agradable de compartir.<\/p>\n\n\n\n<p>Despr\u00e9s, ens hem fet una foto de grup amb la Castanyera, el personatge m\u00e9s representatiu d\u2019aquesta festa tan entranyable.<\/p>\n\n\n\n<p>A la tarda, els infants de 1r i 2n ens han ballat unes danses que han estat preparant aquestes \u00faltimes setmanes. I tamb\u00e9, la Castanyera ens ha visitat a l\u2019escola per torrar les castanyes que han portat les nenes i els nens. Enguany, hem comptat amb l\u2019ajuda de les fam\u00edlies de l\u2019AFA, que han col\u00b7laborat torrant les castanyes amb molta dedicaci\u00f3. L\u2019olor de castanyes acabades de fer ha omplert el pati i ens ha fet venir molta gana! Moltes gr\u00e0cies a totes les fam\u00edlies per la seva implicaci\u00f3 i suport.<\/p>\n\n\n\n<p>Ha estat una jornada plena de colors, somriures i esperit de tardor. Una manera fant\u00e0stica de mantenir viva una tradici\u00f3 que ens uneix i ens recorda la import\u00e0ncia de compartir, col\u00b7laborar i gaudir plegades i plegats.<\/p>\n\n\n\n<p>Al seg\u00fcent article, podreu veure totes les fotos i v\u00eddeos.<\/p>\n\n\n\n<p><\/p>\n","protected":false},"excerpt":{"rendered":"<p>Celebrem la Castanyada a l\u2019escola \ud83c\udf42 Durant les \u00faltimes setmanes d\u2019octubre, a l\u2019escola ens hem anat preparant per celebrar la Castanyada, una de les tradicions m\u00e9s estimades de la tardor. Al llarg d\u2019aquests dies, hem realitzat diverses activitats que ens han ajudat a con\u00e8ixer millor aquesta festa i a gaudir-ne plegades i plegats. Una de [&hellip;]<\/p>\n","protected":false},"author":3,"featured_media":10417,"comment_status":"closed","ping_status":"open","sticky":false,"template":"","format":"standard","meta":{"_bbp_topic_count":0,"_bbp_reply_count":0,"_bbp_total_topic_count":0,"_bbp_total_reply_count":0,"_bbp_voice_count":0,"_bbp_anonymous_reply_count":0,"_bbp_topic_count_hidden":0,"_bbp_reply_count_hidden":0,"_bbp_forum_subforum_count":0,"site-sidebar-layout":"default","site-content-layout":"","ast-site-content-layout":"default","site-content-style":"default","site-sidebar-style":"default","ast-global-header-display":"","ast-banner-title-visibility":"","ast-main-header-display":"","ast-hfb-above-header-display":"","ast-hfb-below-header-display":"","ast-hfb-mobile-header-display":"","site-post-title":"","ast-breadcrumbs-content":"","ast-featured-img":"","footer-sml-layout":"","theme-transparent-header-meta":"","adv-header-id-meta":"","stick-header-meta":"","header-above-stick-meta":"","header-main-stick-meta":"","header-below-stick-meta":"","astra-migrate-meta-layouts":"set","ast-page-background-enabled":"default","ast-page-background-meta":{"desktop":{"background-color":"var(--ast-global-color-4)","background-image":"","background-repeat":"repeat","background-position":"center center","background-size":"auto","background-attachment":"scroll","background-type":"","background-media":"","overlay-type":"","overlay-color":"","overlay-opacity":"","overlay-gradient":""},"tablet":{"background-color":"","background-image":"","background-repeat":"repeat","background-position":"center center","background-size":"auto","background-attachment":"scroll","background-type":"","background-media":"","overlay-type":"","overlay-color":"","overlay-opacity":"","overlay-gradient":""},"mobile":{"background-color":"","background-image":"","background-repeat":"repeat","background-position":"center center","background-size":"auto","background-attachment":"scroll","background-type":"","background-media":"","overlay-type":"","overlay-color":"","overlay-opacity":"","overlay-gradient":""}},"ast-content-background-meta":{"desktop":{"background-color":"var(--ast-global-color-5)","background-image":"","background-repeat":"repeat","background-position":"center center","background-size":"auto","background-attachment":"scroll","background-type":"","background-media":"","overlay-type":"","overlay-color":"","overlay-opacity":"","overlay-gradient":""},"tablet":{"background-color":"var(--ast-global-color-5)","background-image":"","background-repeat":"repeat","background-position":"center center","background-size":"auto","background-attachment":"scroll","background-type":"","background-media":"","overlay-type":"","overlay-color":"","overlay-opacity":"","overlay-gradient":""},"mobile":{"background-color":"var(--ast-global-color-5)","background-image":"","background-repeat":"repeat","background-position":"center center","background-size":"auto","background-attachment":"scroll","background-type":"","background-media":"","overlay-type":"","overlay-color":"","overlay-opacity":"","overlay-gradient":""}},"footnotes":""},"categories":[1,4],"tags":[],"class_list":["post-10415","post","type-post","status-publish","format-standard","has-post-thumbnail","hentry","category-general","category-portada"],"post_mailing_queue_ids":[],"_links":{"self":[{"href":"https:\/\/agora.xtec.cat\/escolaelsquatrevents\/wp-json\/wp\/v2\/posts\/10415","targetHints":{"allow":["GET"]}}],"collection":[{"href":"https:\/\/agora.xtec.cat\/escolaelsquatrevents\/wp-json\/wp\/v2\/posts"}],"about":[{"href":"https:\/\/agora.xtec.cat\/escolaelsquatrevents\/wp-json\/wp\/v2\/types\/post"}],"author":[{"embeddable":true,"href":"https:\/\/agora.xtec.cat\/escolaelsquatrevents\/wp-json\/wp\/v2\/users\/3"}],"replies":[{"embeddable":true,"href":"https:\/\/agora.xtec.cat\/escolaelsquatrevents\/wp-json\/wp\/v2\/comments?post=10415"}],"version-history":[{"count":2,"href":"https:\/\/agora.xtec.cat\/escolaelsquatrevents\/wp-json\/wp\/v2\/posts\/10415\/revisions"}],"predecessor-version":[{"id":10424,"href":"https:\/\/agora.xtec.cat\/escolaelsquatrevents\/wp-json\/wp\/v2\/posts\/10415\/revisions\/10424"}],"wp:featuredmedia":[{"embeddable":true,"href":"https:\/\/agora.xtec.cat\/escolaelsquatrevents\/wp-json\/wp\/v2\/media\/10417"}],"wp:attachment":[{"href":"https:\/\/agora.xtec.cat\/escolaelsquatrevents\/wp-json\/wp\/v2\/media?parent=10415"}],"wp:term":[{"taxonomy":"category","embeddable":true,"href":"https:\/\/agora.xtec.cat\/escolaelsquatrevents\/wp-json\/wp\/v2\/categories?post=10415"},{"taxonomy":"post_tag","embeddable":true,"href":"https:\/\/agora.xtec.cat\/escolaelsquatrevents\/wp-json\/wp\/v2\/tags?post=10415"}],"curies":[{"name":"wp","href":"https:\/\/api.w.org\/{rel}","templated":true}]}}