{"id":10243,"date":"2025-06-20T17:00:14","date_gmt":"2025-06-20T15:00:14","guid":{"rendered":"https:\/\/agora.xtec.cat\/escolaelsquatrevents\/?p=10243"},"modified":"2025-06-20T12:29:43","modified_gmt":"2025-06-20T10:29:43","slug":"ultima-setmana-de-curs","status":"publish","type":"post","link":"https:\/\/agora.xtec.cat\/escolaelsquatrevents\/general\/ultima-setmana-de-curs\/","title":{"rendered":"\u00daltima setmana de curs!"},"content":{"rendered":"<p><a href=\"https:\/\/drive.google.com\/drive\/folders\/14xA05MrpCGMIJn8H95I-5i-gWaSzJyHC?usp=share_link\"><img loading=\"lazy\" decoding=\"async\" class=\"aligncenter size-medium wp-image-10244\" src=\"https:\/\/agora.xtec.cat\/escolaelsquatrevents\/wp-content\/uploads\/usu584\/2025\/06\/Fi-de-curs-300x225.jpeg\" alt=\"\" width=\"300\" height=\"225\" srcset=\"https:\/\/agora.xtec.cat\/escolaelsquatrevents\/wp-content\/uploads\/usu584\/2025\/06\/Fi-de-curs-300x225.jpeg 300w, https:\/\/agora.xtec.cat\/escolaelsquatrevents\/wp-content\/uploads\/usu584\/2025\/06\/Fi-de-curs-1024x766.jpeg 1024w, https:\/\/agora.xtec.cat\/escolaelsquatrevents\/wp-content\/uploads\/usu584\/2025\/06\/Fi-de-curs-768x575.jpeg 768w, https:\/\/agora.xtec.cat\/escolaelsquatrevents\/wp-content\/uploads\/usu584\/2025\/06\/Fi-de-curs-1536x1150.jpeg 1536w, https:\/\/agora.xtec.cat\/escolaelsquatrevents\/wp-content\/uploads\/usu584\/2025\/06\/Fi-de-curs-200x150.jpeg 200w, https:\/\/agora.xtec.cat\/escolaelsquatrevents\/wp-content\/uploads\/usu584\/2025\/06\/Fi-de-curs.jpeg 2000w\" sizes=\"auto, (max-width: 300px) 100vw, 300px\" \/><\/a><\/p>\n<p data-start=\"70\" data-end=\"393\">Aquesta darrera setmana del curs 2024-2025 ha estat plena d\u2019activitats especials i moments inoblidables. A l\u2019escola hem celebrat la festa major, amb gimcanes i propostes l\u00fadiques per a tot l\u2019alumnat. Hem fet polseres, jocs d\u2019aigua, activitats esportives i molt m\u00e9s, tot gaudint d\u2019un ambient festiu i de conviv\u00e8ncia.<\/p>\n<p data-start=\"395\" data-end=\"649\">Per afavorir els vincles entre infants, hem barrejat grups dins les comunitats, una manera de con\u00e8ixer i compartir moments amb companys i companyes amb qui coincidiran el curs vinent. Ha estat una experi\u00e8ncia enriquidora i molt ben rebuda per tothom!<\/p>\n<p data-start=\"651\" data-end=\"952\">Dins d\u2019aquesta setmana tan especial, tamb\u00e9 hem celebrat l\u2019English Day, dedicat a la literatura en llengua anglesa. Hem treballat tres autors i autores angleses i hem realitzat activitats relacionades amb les seves obres, fomentant l\u2019aprenentatge de l\u2019angl\u00e8s d\u2019una manera divertida i significativa.<\/p>\n<p data-start=\"954\" data-end=\"1203\">I per acabar, aquest divendres hem viscut un moment molt emotiu: la graduaci\u00f3 de 6\u00e8, amb la qual hem acomiadat l\u2019alumnat que finalitza la seva etapa a la nostra escola. Ha estat una cerim\u00f2nia plena d\u2019afecte, records i bons desitjos per al futur.<\/p>\n<p data-start=\"1205\" data-end=\"1571\">Tanquem aix\u00ed un curs llarg, intens i molt emocionant, en qu\u00e8 hem apr\u00e8s molt\u00edssimes coses, hem crescut, hem compartit viv\u00e8ncies i tamb\u00e9 hem viscut moments dif\u00edcils. Un dels m\u00e9s durs ha estat haver d\u2019acomiadar un company, amic i alumne estimat que ens va deixar. El seu record ha estat molt present al llarg del curs, i sempre formar\u00e0 part de la nostra escola.<\/p>\n<p data-start=\"1573\" data-end=\"1733\">Ara s\u00ed, marxem de vacances amb el cor ple d\u2019experi\u00e8ncies i amb la mirada posada en un nou curs que, de ben segur, arribar\u00e0 carregat de nous reptes i il\u00b7lusions.<\/p>\n<p data-start=\"1573\" data-end=\"1733\">Podeu veure les imatges clicant <a href=\"https:\/\/drive.google.com\/drive\/folders\/14xA05MrpCGMIJn8H95I-5i-gWaSzJyHC?usp=share_link\">aqu\u00ed<\/a>.<\/p>\n<p data-start=\"1735\" data-end=\"1761\" data-is-last-node=\"\" data-is-only-node=\"\">Bon estiu a tothom! Us deixem l&#8217;<a href=\"https:\/\/drive.google.com\/file\/d\/1V90CcieAxEzE9vyfyOOJWbKXChEI9urS\/view?usp=share_link\">enlla\u00e7<\/a> del v\u00eddeo de l&#8217;estiu que hem fet els i les mestres, per a vosaltres.<\/p>\n","protected":false},"excerpt":{"rendered":"<p>Aquesta darrera setmana del curs 2024-2025 ha estat plena d\u2019activitats especials i moments inoblidables. A l\u2019escola hem celebrat la festa major, amb gimcanes i propostes l\u00fadiques per a tot l\u2019alumnat. Hem fet polseres, jocs d\u2019aigua, activitats esportives i molt m\u00e9s, tot gaudint d\u2019un ambient festiu i de conviv\u00e8ncia. Per afavorir els vincles entre infants, hem [&hellip;]<\/p>\n","protected":false},"author":3,"featured_media":10244,"comment_status":"closed","ping_status":"open","sticky":false,"template":"","format":"standard","meta":{"_bbp_topic_count":0,"_bbp_reply_count":0,"_bbp_total_topic_count":0,"_bbp_total_reply_count":0,"_bbp_voice_count":0,"_bbp_anonymous_reply_count":0,"_bbp_topic_count_hidden":0,"_bbp_reply_count_hidden":0,"_bbp_forum_subforum_count":0,"site-sidebar-layout":"default","site-content-layout":"","ast-site-content-layout":"","site-content-style":"default","site-sidebar-style":"default","ast-global-header-display":"","ast-banner-title-visibility":"","ast-main-header-display":"","ast-hfb-above-header-display":"","ast-hfb-below-header-display":"","ast-hfb-mobile-header-display":"","site-post-title":"","ast-breadcrumbs-content":"","ast-featured-img":"","footer-sml-layout":"","theme-transparent-header-meta":"","adv-header-id-meta":"","stick-header-meta":"","header-above-stick-meta":"","header-main-stick-meta":"","header-below-stick-meta":"","astra-migrate-meta-layouts":"default","ast-page-background-enabled":"default","ast-page-background-meta":{"desktop":{"background-color":"var(--ast-global-color-4)","background-image":"","background-repeat":"repeat","background-position":"center center","background-size":"auto","background-attachment":"scroll","background-type":"","background-media":"","overlay-type":"","overlay-color":"","overlay-opacity":"","overlay-gradient":""},"tablet":{"background-color":"","background-image":"","background-repeat":"repeat","background-position":"center center","background-size":"auto","background-attachment":"scroll","background-type":"","background-media":"","overlay-type":"","overlay-color":"","overlay-opacity":"","overlay-gradient":""},"mobile":{"background-color":"","background-image":"","background-repeat":"repeat","background-position":"center center","background-size":"auto","background-attachment":"scroll","background-type":"","background-media":"","overlay-type":"","overlay-color":"","overlay-opacity":"","overlay-gradient":""}},"ast-content-background-meta":{"desktop":{"background-color":"var(--ast-global-color-5)","background-image":"","background-repeat":"repeat","background-position":"center center","background-size":"auto","background-attachment":"scroll","background-type":"","background-media":"","overlay-type":"","overlay-color":"","overlay-opacity":"","overlay-gradient":""},"tablet":{"background-color":"var(--ast-global-color-5)","background-image":"","background-repeat":"repeat","background-position":"center center","background-size":"auto","background-attachment":"scroll","background-type":"","background-media":"","overlay-type":"","overlay-color":"","overlay-opacity":"","overlay-gradient":""},"mobile":{"background-color":"var(--ast-global-color-5)","background-image":"","background-repeat":"repeat","background-position":"center center","background-size":"auto","background-attachment":"scroll","background-type":"","background-media":"","overlay-type":"","overlay-color":"","overlay-opacity":"","overlay-gradient":""}},"footnotes":""},"categories":[1,4],"tags":[],"class_list":["post-10243","post","type-post","status-publish","format-standard","has-post-thumbnail","hentry","category-general","category-portada"],"post_mailing_queue_ids":[],"_links":{"self":[{"href":"https:\/\/agora.xtec.cat\/escolaelsquatrevents\/wp-json\/wp\/v2\/posts\/10243","targetHints":{"allow":["GET"]}}],"collection":[{"href":"https:\/\/agora.xtec.cat\/escolaelsquatrevents\/wp-json\/wp\/v2\/posts"}],"about":[{"href":"https:\/\/agora.xtec.cat\/escolaelsquatrevents\/wp-json\/wp\/v2\/types\/post"}],"author":[{"embeddable":true,"href":"https:\/\/agora.xtec.cat\/escolaelsquatrevents\/wp-json\/wp\/v2\/users\/3"}],"replies":[{"embeddable":true,"href":"https:\/\/agora.xtec.cat\/escolaelsquatrevents\/wp-json\/wp\/v2\/comments?post=10243"}],"version-history":[{"count":3,"href":"https:\/\/agora.xtec.cat\/escolaelsquatrevents\/wp-json\/wp\/v2\/posts\/10243\/revisions"}],"predecessor-version":[{"id":10262,"href":"https:\/\/agora.xtec.cat\/escolaelsquatrevents\/wp-json\/wp\/v2\/posts\/10243\/revisions\/10262"}],"wp:featuredmedia":[{"embeddable":true,"href":"https:\/\/agora.xtec.cat\/escolaelsquatrevents\/wp-json\/wp\/v2\/media\/10244"}],"wp:attachment":[{"href":"https:\/\/agora.xtec.cat\/escolaelsquatrevents\/wp-json\/wp\/v2\/media?parent=10243"}],"wp:term":[{"taxonomy":"category","embeddable":true,"href":"https:\/\/agora.xtec.cat\/escolaelsquatrevents\/wp-json\/wp\/v2\/categories?post=10243"},{"taxonomy":"post_tag","embeddable":true,"href":"https:\/\/agora.xtec.cat\/escolaelsquatrevents\/wp-json\/wp\/v2\/tags?post=10243"}],"curies":[{"name":"wp","href":"https:\/\/api.w.org\/{rel}","templated":true}]}}