{"id":10214,"date":"2025-05-23T18:56:46","date_gmt":"2025-05-23T16:56:46","guid":{"rendered":"https:\/\/agora.xtec.cat\/escolaelsquatrevents\/?p=10214"},"modified":"2025-05-23T18:56:46","modified_gmt":"2025-05-23T16:56:46","slug":"sortida-al-jardi-botanic-mar-i-murtra","status":"publish","type":"post","link":"https:\/\/agora.xtec.cat\/escolaelsquatrevents\/grans\/sortida-al-jardi-botanic-mar-i-murtra\/","title":{"rendered":"Sortida al jard\u00ed bot\u00e0nic Mar i Murtra"},"content":{"rendered":"<p data-start=\"0\" data-end=\"70\">\ud83d\udcda\ud83c\udf3f <strong data-start=\"5\" data-end=\"65\">Sortida dels i les alumnes de 4t al Jard\u00ed Bot\u00e0nic Mar i Murtra<\/strong> \ud83c\udf1e\ud83c\udf0a<\/p>\n<p data-start=\"72\" data-end=\"294\">Aquest tercer trimestre, a l&#8217;escola estem treballant el centre d\u2019inter\u00e8s de <strong data-start=\"148\" data-end=\"163\">les plantes<\/strong>, i per aprofundir en aquest tema, els alumnes de 4t hem fet una sortida molt especial al <strong data-start=\"253\" data-end=\"293\">Jard\u00ed Bot\u00e0nic Mar i Murtra de Blanes<\/strong>.<\/p>\n<p data-start=\"296\" data-end=\"573\">Durant la visita, hem pogut observar de ben a prop una gran varietat de plantes i descobrir moltes curiositats sobre la seva classificaci\u00f3, origen i adaptaci\u00f3. Ha estat una experi\u00e8ncia molt enriquidora que ens ha perm\u00e8s connectar el que treballem a l\u2019aula amb l\u2019entorn natural.<\/p>\n<p data-start=\"575\" data-end=\"726\">A m\u00e9s, hem tingut la sort de gaudir d\u2019un <strong data-start=\"616\" data-end=\"638\">dia radiant de sol<\/strong>, que hem aprofitat al m\u00e0xim amb una estona de joc i diversi\u00f3 a la <b>cala Sant Francesc.<\/b><\/p>\n<p data-start=\"728\" data-end=\"796\" data-is-last-node=\"\" data-is-only-node=\"\">Una jornada plena d\u2019aprenentatge, conviv\u00e8ncia i bons moments! \ud83c\udf3a\ud83c\udf43\ud83c\udf1e Us deixem les <a href=\"https:\/\/drive.google.com\/drive\/u\/4\/folders\/16xdTu5sy2UV_IXGP08Qg_wXqBDrtMsgy\">fotos<\/a> perqu\u00e8 feu una ullada!!<\/p>\n","protected":false},"excerpt":{"rendered":"<p>\ud83d\udcda\ud83c\udf3f Sortida dels i les alumnes de 4t al Jard\u00ed Bot\u00e0nic Mar i Murtra \ud83c\udf1e\ud83c\udf0a Aquest tercer trimestre, a l&#8217;escola estem treballant el centre d\u2019inter\u00e8s de les plantes, i per aprofundir en aquest tema, els alumnes de 4t hem fet una sortida molt especial al Jard\u00ed Bot\u00e0nic Mar i Murtra de Blanes. Durant la visita, [&hellip;]<\/p>\n","protected":false},"author":3,"featured_media":0,"comment_status":"closed","ping_status":"closed","sticky":false,"template":"","format":"standard","meta":{"_bbp_topic_count":0,"_bbp_reply_count":0,"_bbp_total_topic_count":0,"_bbp_total_reply_count":0,"_bbp_voice_count":0,"_bbp_anonymous_reply_count":0,"_bbp_topic_count_hidden":0,"_bbp_reply_count_hidden":0,"_bbp_forum_subforum_count":0,"site-sidebar-layout":"default","site-content-layout":"","ast-site-content-layout":"","site-content-style":"default","site-sidebar-style":"default","ast-global-header-display":"","ast-banner-title-visibility":"","ast-main-header-display":"","ast-hfb-above-header-display":"","ast-hfb-below-header-display":"","ast-hfb-mobile-header-display":"","site-post-title":"","ast-breadcrumbs-content":"","ast-featured-img":"","footer-sml-layout":"","theme-transparent-header-meta":"","adv-header-id-meta":"","stick-header-meta":"","header-above-stick-meta":"","header-main-stick-meta":"","header-below-stick-meta":"","astra-migrate-meta-layouts":"default","ast-page-background-enabled":"default","ast-page-background-meta":{"desktop":{"background-color":"var(--ast-global-color-4)","background-image":"","background-repeat":"repeat","background-position":"center center","background-size":"auto","background-attachment":"scroll","background-type":"","background-media":"","overlay-type":"","overlay-color":"","overlay-opacity":"","overlay-gradient":""},"tablet":{"background-color":"","background-image":"","background-repeat":"repeat","background-position":"center center","background-size":"auto","background-attachment":"scroll","background-type":"","background-media":"","overlay-type":"","overlay-color":"","overlay-opacity":"","overlay-gradient":""},"mobile":{"background-color":"","background-image":"","background-repeat":"repeat","background-position":"center center","background-size":"auto","background-attachment":"scroll","background-type":"","background-media":"","overlay-type":"","overlay-color":"","overlay-opacity":"","overlay-gradient":""}},"ast-content-background-meta":{"desktop":{"background-color":"var(--ast-global-color-5)","background-image":"","background-repeat":"repeat","background-position":"center center","background-size":"auto","background-attachment":"scroll","background-type":"","background-media":"","overlay-type":"","overlay-color":"","overlay-opacity":"","overlay-gradient":""},"tablet":{"background-color":"var(--ast-global-color-5)","background-image":"","background-repeat":"repeat","background-position":"center center","background-size":"auto","background-attachment":"scroll","background-type":"","background-media":"","overlay-type":"","overlay-color":"","overlay-opacity":"","overlay-gradient":""},"mobile":{"background-color":"var(--ast-global-color-5)","background-image":"","background-repeat":"repeat","background-position":"center center","background-size":"auto","background-attachment":"scroll","background-type":"","background-media":"","overlay-type":"","overlay-color":"","overlay-opacity":"","overlay-gradient":""}},"footnotes":""},"categories":[8],"tags":[],"class_list":["post-10214","post","type-post","status-publish","format-standard","hentry","category-grans"],"post_mailing_queue_ids":[],"_links":{"self":[{"href":"https:\/\/agora.xtec.cat\/escolaelsquatrevents\/wp-json\/wp\/v2\/posts\/10214","targetHints":{"allow":["GET"]}}],"collection":[{"href":"https:\/\/agora.xtec.cat\/escolaelsquatrevents\/wp-json\/wp\/v2\/posts"}],"about":[{"href":"https:\/\/agora.xtec.cat\/escolaelsquatrevents\/wp-json\/wp\/v2\/types\/post"}],"author":[{"embeddable":true,"href":"https:\/\/agora.xtec.cat\/escolaelsquatrevents\/wp-json\/wp\/v2\/users\/3"}],"replies":[{"embeddable":true,"href":"https:\/\/agora.xtec.cat\/escolaelsquatrevents\/wp-json\/wp\/v2\/comments?post=10214"}],"version-history":[{"count":1,"href":"https:\/\/agora.xtec.cat\/escolaelsquatrevents\/wp-json\/wp\/v2\/posts\/10214\/revisions"}],"predecessor-version":[{"id":10215,"href":"https:\/\/agora.xtec.cat\/escolaelsquatrevents\/wp-json\/wp\/v2\/posts\/10214\/revisions\/10215"}],"wp:attachment":[{"href":"https:\/\/agora.xtec.cat\/escolaelsquatrevents\/wp-json\/wp\/v2\/media?parent=10214"}],"wp:term":[{"taxonomy":"category","embeddable":true,"href":"https:\/\/agora.xtec.cat\/escolaelsquatrevents\/wp-json\/wp\/v2\/categories?post=10214"},{"taxonomy":"post_tag","embeddable":true,"href":"https:\/\/agora.xtec.cat\/escolaelsquatrevents\/wp-json\/wp\/v2\/tags?post=10214"}],"curies":[{"name":"wp","href":"https:\/\/api.w.org\/{rel}","templated":true}]}}