{"id":10157,"date":"2025-04-28T09:24:23","date_gmt":"2025-04-28T07:24:23","guid":{"rendered":"https:\/\/agora.xtec.cat\/escolaelsquatrevents\/?p=10157"},"modified":"2025-04-28T11:29:36","modified_gmt":"2025-04-28T09:29:36","slug":"colonies-24-25-a-taradell","status":"publish","type":"post","link":"https:\/\/agora.xtec.cat\/escolaelsquatrevents\/general\/colonies-24-25-a-taradell\/","title":{"rendered":"Col\u00f2nies 24-25 a Taradell!"},"content":{"rendered":"<p style=\"text-align: left;\">Ja han arribat les tan esperades col\u00f2nies d&#8217;aquest curs! Els Infants d&#8217;I5 i 3r de l&#8217;escola anem a Taradell a la casa Can Pic. Segur que ser\u00e0 una experi\u00e8ncia meravellosa i per tal que en sigueu testimonis us deixem l&#8217;enlla\u00e7 amb les fotos que anirem penjant! Fins dem\u00e0!<img loading=\"lazy\" decoding=\"async\" class=\"aligncenter size-medium wp-image-10164\" src=\"https:\/\/agora.xtec.cat\/escolaelsquatrevents\/wp-content\/uploads\/usu584\/2025\/04\/WhatsApp-Image-2025-04-28-at-11.29.09-300x225.jpeg\" alt=\"\" width=\"300\" height=\"225\" srcset=\"https:\/\/agora.xtec.cat\/escolaelsquatrevents\/wp-content\/uploads\/usu584\/2025\/04\/WhatsApp-Image-2025-04-28-at-11.29.09-300x225.jpeg 300w, https:\/\/agora.xtec.cat\/escolaelsquatrevents\/wp-content\/uploads\/usu584\/2025\/04\/WhatsApp-Image-2025-04-28-at-11.29.09-1024x768.jpeg 1024w, https:\/\/agora.xtec.cat\/escolaelsquatrevents\/wp-content\/uploads\/usu584\/2025\/04\/WhatsApp-Image-2025-04-28-at-11.29.09-768x576.jpeg 768w, https:\/\/agora.xtec.cat\/escolaelsquatrevents\/wp-content\/uploads\/usu584\/2025\/04\/WhatsApp-Image-2025-04-28-at-11.29.09-1536x1152.jpeg 1536w, https:\/\/agora.xtec.cat\/escolaelsquatrevents\/wp-content\/uploads\/usu584\/2025\/04\/WhatsApp-Image-2025-04-28-at-11.29.09-200x150.jpeg 200w, https:\/\/agora.xtec.cat\/escolaelsquatrevents\/wp-content\/uploads\/usu584\/2025\/04\/WhatsApp-Image-2025-04-28-at-11.29.09.jpeg 1600w\" sizes=\"auto, (max-width: 300px) 100vw, 300px\" \/><\/p>\n<p style=\"text-align: left;\"><a href=\"https:\/\/drive.google.com\/drive\/folders\/1tHrAvokHXBwbiAWBVhEB6lbxxlpx7RNx\">Col\u00f2nies I5<\/a><\/p>\n<p><a href=\"https:\/\/drive.google.com\/drive\/folders\/1xU4mkrI5QL4a-jO-xLL99MRjIH2JmA1a?usp=sharing\">Col\u00f2nies 3r<\/a><\/p>\n","protected":false},"excerpt":{"rendered":"<p>Ja han arribat les tan esperades col\u00f2nies d&#8217;aquest curs! Els Infants d&#8217;I5 i 3r de l&#8217;escola anem a Taradell a la casa Can Pic. Segur que ser\u00e0 una experi\u00e8ncia meravellosa i per tal que en sigueu testimonis us deixem l&#8217;enlla\u00e7 amb les fotos que anirem penjant! Fins dem\u00e0! Col\u00f2nies I5 Col\u00f2nies 3r<\/p>\n","protected":false},"author":3,"featured_media":0,"comment_status":"closed","ping_status":"closed","sticky":false,"template":"","format":"standard","meta":{"_bbp_topic_count":0,"_bbp_reply_count":0,"_bbp_total_topic_count":0,"_bbp_total_reply_count":0,"_bbp_voice_count":0,"_bbp_anonymous_reply_count":0,"_bbp_topic_count_hidden":0,"_bbp_reply_count_hidden":0,"_bbp_forum_subforum_count":0,"site-sidebar-layout":"default","site-content-layout":"","ast-site-content-layout":"","site-content-style":"default","site-sidebar-style":"default","ast-global-header-display":"","ast-banner-title-visibility":"","ast-main-header-display":"","ast-hfb-above-header-display":"","ast-hfb-below-header-display":"","ast-hfb-mobile-header-display":"","site-post-title":"","ast-breadcrumbs-content":"","ast-featured-img":"","footer-sml-layout":"","theme-transparent-header-meta":"","adv-header-id-meta":"","stick-header-meta":"","header-above-stick-meta":"","header-main-stick-meta":"","header-below-stick-meta":"","astra-migrate-meta-layouts":"default","ast-page-background-enabled":"default","ast-page-background-meta":{"desktop":{"background-color":"var(--ast-global-color-4)","background-image":"","background-repeat":"repeat","background-position":"center center","background-size":"auto","background-attachment":"scroll","background-type":"","background-media":"","overlay-type":"","overlay-color":"","overlay-opacity":"","overlay-gradient":""},"tablet":{"background-color":"","background-image":"","background-repeat":"repeat","background-position":"center center","background-size":"auto","background-attachment":"scroll","background-type":"","background-media":"","overlay-type":"","overlay-color":"","overlay-opacity":"","overlay-gradient":""},"mobile":{"background-color":"","background-image":"","background-repeat":"repeat","background-position":"center center","background-size":"auto","background-attachment":"scroll","background-type":"","background-media":"","overlay-type":"","overlay-color":"","overlay-opacity":"","overlay-gradient":""}},"ast-content-background-meta":{"desktop":{"background-color":"var(--ast-global-color-5)","background-image":"","background-repeat":"repeat","background-position":"center center","background-size":"auto","background-attachment":"scroll","background-type":"","background-media":"","overlay-type":"","overlay-color":"","overlay-opacity":"","overlay-gradient":""},"tablet":{"background-color":"var(--ast-global-color-5)","background-image":"","background-repeat":"repeat","background-position":"center center","background-size":"auto","background-attachment":"scroll","background-type":"","background-media":"","overlay-type":"","overlay-color":"","overlay-opacity":"","overlay-gradient":""},"mobile":{"background-color":"var(--ast-global-color-5)","background-image":"","background-repeat":"repeat","background-position":"center center","background-size":"auto","background-attachment":"scroll","background-type":"","background-media":"","overlay-type":"","overlay-color":"","overlay-opacity":"","overlay-gradient":""}},"footnotes":""},"categories":[3,22,1,4],"tags":[97,89,131,420],"class_list":["post-10157","post","type-post","status-publish","format-standard","hentry","category-mitjans","category-petits","category-general","category-portada","tag-3r","tag-colonies","tag-comunitat-de-petits","tag-i5"],"post_mailing_queue_ids":[],"_links":{"self":[{"href":"https:\/\/agora.xtec.cat\/escolaelsquatrevents\/wp-json\/wp\/v2\/posts\/10157","targetHints":{"allow":["GET"]}}],"collection":[{"href":"https:\/\/agora.xtec.cat\/escolaelsquatrevents\/wp-json\/wp\/v2\/posts"}],"about":[{"href":"https:\/\/agora.xtec.cat\/escolaelsquatrevents\/wp-json\/wp\/v2\/types\/post"}],"author":[{"embeddable":true,"href":"https:\/\/agora.xtec.cat\/escolaelsquatrevents\/wp-json\/wp\/v2\/users\/3"}],"replies":[{"embeddable":true,"href":"https:\/\/agora.xtec.cat\/escolaelsquatrevents\/wp-json\/wp\/v2\/comments?post=10157"}],"version-history":[{"count":3,"href":"https:\/\/agora.xtec.cat\/escolaelsquatrevents\/wp-json\/wp\/v2\/posts\/10157\/revisions"}],"predecessor-version":[{"id":10165,"href":"https:\/\/agora.xtec.cat\/escolaelsquatrevents\/wp-json\/wp\/v2\/posts\/10157\/revisions\/10165"}],"wp:attachment":[{"href":"https:\/\/agora.xtec.cat\/escolaelsquatrevents\/wp-json\/wp\/v2\/media?parent=10157"}],"wp:term":[{"taxonomy":"category","embeddable":true,"href":"https:\/\/agora.xtec.cat\/escolaelsquatrevents\/wp-json\/wp\/v2\/categories?post=10157"},{"taxonomy":"post_tag","embeddable":true,"href":"https:\/\/agora.xtec.cat\/escolaelsquatrevents\/wp-json\/wp\/v2\/tags?post=10157"}],"curies":[{"name":"wp","href":"https:\/\/api.w.org\/{rel}","templated":true}]}}