{"id":10092,"date":"2025-03-19T17:00:29","date_gmt":"2025-03-19T16:00:29","guid":{"rendered":"https:\/\/agora.xtec.cat\/escolaelsquatrevents\/?p=10092"},"modified":"2025-03-28T14:01:15","modified_gmt":"2025-03-28T13:01:15","slug":"2n-sortida-al-parc-de-les-olors-18-03-2025","status":"publish","type":"post","link":"https:\/\/agora.xtec.cat\/escolaelsquatrevents\/mitjans\/2n-sortida-al-parc-de-les-olors-18-03-2025\/","title":{"rendered":"2n Sortida al Parc de les Olors 18.03.2025"},"content":{"rendered":"<p><a href=\"https:\/\/drive.google.com\/drive\/folders\/10-Tt6auxXv5Pg92QLrJ7ZqFVa3lJWXvs?usp=sharing\"><img loading=\"lazy\" decoding=\"async\" class=\"aligncenter size-medium wp-image-10093\" src=\"https:\/\/agora.xtec.cat\/escolaelsquatrevents\/wp-content\/uploads\/usu584\/2025\/03\/IMG_9623-1-300x225.jpg\" alt=\"\" width=\"300\" height=\"225\" srcset=\"https:\/\/agora.xtec.cat\/escolaelsquatrevents\/wp-content\/uploads\/usu584\/2025\/03\/IMG_9623-1-300x225.jpg 300w, https:\/\/agora.xtec.cat\/escolaelsquatrevents\/wp-content\/uploads\/usu584\/2025\/03\/IMG_9623-1-1024x768.jpg 1024w, https:\/\/agora.xtec.cat\/escolaelsquatrevents\/wp-content\/uploads\/usu584\/2025\/03\/IMG_9623-1-768x576.jpg 768w, https:\/\/agora.xtec.cat\/escolaelsquatrevents\/wp-content\/uploads\/usu584\/2025\/03\/IMG_9623-1-1536x1152.jpg 1536w, https:\/\/agora.xtec.cat\/escolaelsquatrevents\/wp-content\/uploads\/usu584\/2025\/03\/IMG_9623-1-2048x1536.jpg 2048w, https:\/\/agora.xtec.cat\/escolaelsquatrevents\/wp-content\/uploads\/usu584\/2025\/03\/IMG_9623-1-200x150.jpg 200w\" sizes=\"auto, (max-width: 300px) 100vw, 300px\" \/><\/a><\/p>\n<p><span style=\"font-family: inherit; font-size: 1em;\">Els nens i nenes de segon han gaudit d\u2019una experi\u00e8ncia \u00fanica al <\/span><strong style=\"font-family: inherit; font-size: 1em;\" data-start=\"188\" data-end=\"209\">Parc de les Olors<\/strong><span style=\"font-family: inherit; font-size: 1em;\"> de Santa Eul\u00e0lia de Ron\u00e7ana. Ha estat una jornada plena de descobriments sobre el m\u00f3n de les plantes i la natura!<\/span><\/p>\n<p data-start=\"327\" data-end=\"652\">Nom\u00e9s arribar, hem fet una pausa per esmorzar i agafar forces abans de comen\u00e7ar les activitats. Hem apr\u00e8s a desgranar <strong data-start=\"445\" data-end=\"456\">lavanda<\/strong> per elaborar un oli amb propietats especials, que haur\u00e0 de macerar durant <strong data-start=\"531\" data-end=\"542\">40 dies<\/strong>. Tamb\u00e9 hem visitat la <strong data-start=\"565\" data-end=\"574\">bassa<\/strong>, un espai essencial tant per al reg com per als animals que hi beuen aigua.<\/p>\n<p data-start=\"654\" data-end=\"957\">Durant el recorregut, hem conegut diferents esp\u00e8cies vegetals i les seves propietats. Per exemple, sab\u00edeu que el <strong data-start=\"767\" data-end=\"777\">gerani<\/strong> ens protegeix dels mosquits? A m\u00e9s, hem apr\u00e8s a plantar lavanda amb esqueix: cal regar-la <strong data-start=\"868\" data-end=\"901\">cada setmana durant 10 minuts<\/strong> fins que desenvolupin arrels i puguem trasplantar-la.<\/p>\n<p data-start=\"959\" data-end=\"1078\">Un altre moment emocionant ha estat donar menjar a les <strong data-start=\"1014\" data-end=\"1034\">cabres i ovelles<\/strong>, una experi\u00e8ncia divertida i enriquidora.<\/p>\n<p data-start=\"1080\" data-end=\"1203\">Despr\u00e9s de dinar, hem gaudit d\u2019una estona de <strong data-start=\"1125\" data-end=\"1140\">joc al bosc<\/strong>, construint amb pals i troncs i deixant volar la imaginaci\u00f3.<\/p>\n<p data-start=\"1205\" data-end=\"1286\">Ha estat un dia inoblidable! <strong data-start=\"1234\" data-end=\"1284\">Voleu veure-ho en imatges? Feu clic a la foto!<\/strong><\/p>\n<p>&nbsp;<\/p>\n","protected":false},"excerpt":{"rendered":"<p>Els nens i nenes de segon han gaudit d\u2019una experi\u00e8ncia \u00fanica al Parc de les Olors de Santa Eul\u00e0lia de Ron\u00e7ana. Ha estat una jornada plena de descobriments sobre el m\u00f3n de les plantes i la natura! Nom\u00e9s arribar, hem fet una pausa per esmorzar i agafar forces abans de comen\u00e7ar les activitats. Hem apr\u00e8s [&hellip;]<\/p>\n","protected":false},"author":3,"featured_media":10093,"comment_status":"closed","ping_status":"closed","sticky":false,"template":"","format":"standard","meta":{"_bbp_topic_count":0,"_bbp_reply_count":0,"_bbp_total_topic_count":0,"_bbp_total_reply_count":0,"_bbp_voice_count":0,"_bbp_anonymous_reply_count":0,"_bbp_topic_count_hidden":0,"_bbp_reply_count_hidden":0,"_bbp_forum_subforum_count":0,"site-sidebar-layout":"default","site-content-layout":"","ast-site-content-layout":"","site-content-style":"default","site-sidebar-style":"default","ast-global-header-display":"","ast-banner-title-visibility":"","ast-main-header-display":"","ast-hfb-above-header-display":"","ast-hfb-below-header-display":"","ast-hfb-mobile-header-display":"","site-post-title":"","ast-breadcrumbs-content":"","ast-featured-img":"","footer-sml-layout":"","theme-transparent-header-meta":"","adv-header-id-meta":"","stick-header-meta":"","header-above-stick-meta":"","header-main-stick-meta":"","header-below-stick-meta":"","astra-migrate-meta-layouts":"default","ast-page-background-enabled":"default","ast-page-background-meta":{"desktop":{"background-color":"var(--ast-global-color-4)","background-image":"","background-repeat":"repeat","background-position":"center center","background-size":"auto","background-attachment":"scroll","background-type":"","background-media":"","overlay-type":"","overlay-color":"","overlay-opacity":"","overlay-gradient":""},"tablet":{"background-color":"","background-image":"","background-repeat":"repeat","background-position":"center center","background-size":"auto","background-attachment":"scroll","background-type":"","background-media":"","overlay-type":"","overlay-color":"","overlay-opacity":"","overlay-gradient":""},"mobile":{"background-color":"","background-image":"","background-repeat":"repeat","background-position":"center center","background-size":"auto","background-attachment":"scroll","background-type":"","background-media":"","overlay-type":"","overlay-color":"","overlay-opacity":"","overlay-gradient":""}},"ast-content-background-meta":{"desktop":{"background-color":"var(--ast-global-color-5)","background-image":"","background-repeat":"repeat","background-position":"center center","background-size":"auto","background-attachment":"scroll","background-type":"","background-media":"","overlay-type":"","overlay-color":"","overlay-opacity":"","overlay-gradient":""},"tablet":{"background-color":"var(--ast-global-color-5)","background-image":"","background-repeat":"repeat","background-position":"center center","background-size":"auto","background-attachment":"scroll","background-type":"","background-media":"","overlay-type":"","overlay-color":"","overlay-opacity":"","overlay-gradient":""},"mobile":{"background-color":"var(--ast-global-color-5)","background-image":"","background-repeat":"repeat","background-position":"center center","background-size":"auto","background-attachment":"scroll","background-type":"","background-media":"","overlay-type":"","overlay-color":"","overlay-opacity":"","overlay-gradient":""}},"footnotes":""},"categories":[3,4],"tags":[87,133,242],"class_list":["post-10092","post","type-post","status-publish","format-standard","has-post-thumbnail","hentry","category-mitjans","category-portada","tag-2n","tag-comunitat-de-mitjans","tag-portada"],"post_mailing_queue_ids":[],"_links":{"self":[{"href":"https:\/\/agora.xtec.cat\/escolaelsquatrevents\/wp-json\/wp\/v2\/posts\/10092","targetHints":{"allow":["GET"]}}],"collection":[{"href":"https:\/\/agora.xtec.cat\/escolaelsquatrevents\/wp-json\/wp\/v2\/posts"}],"about":[{"href":"https:\/\/agora.xtec.cat\/escolaelsquatrevents\/wp-json\/wp\/v2\/types\/post"}],"author":[{"embeddable":true,"href":"https:\/\/agora.xtec.cat\/escolaelsquatrevents\/wp-json\/wp\/v2\/users\/3"}],"replies":[{"embeddable":true,"href":"https:\/\/agora.xtec.cat\/escolaelsquatrevents\/wp-json\/wp\/v2\/comments?post=10092"}],"version-history":[{"count":2,"href":"https:\/\/agora.xtec.cat\/escolaelsquatrevents\/wp-json\/wp\/v2\/posts\/10092\/revisions"}],"predecessor-version":[{"id":10124,"href":"https:\/\/agora.xtec.cat\/escolaelsquatrevents\/wp-json\/wp\/v2\/posts\/10092\/revisions\/10124"}],"wp:featuredmedia":[{"embeddable":true,"href":"https:\/\/agora.xtec.cat\/escolaelsquatrevents\/wp-json\/wp\/v2\/media\/10093"}],"wp:attachment":[{"href":"https:\/\/agora.xtec.cat\/escolaelsquatrevents\/wp-json\/wp\/v2\/media?parent=10092"}],"wp:term":[{"taxonomy":"category","embeddable":true,"href":"https:\/\/agora.xtec.cat\/escolaelsquatrevents\/wp-json\/wp\/v2\/categories?post=10092"},{"taxonomy":"post_tag","embeddable":true,"href":"https:\/\/agora.xtec.cat\/escolaelsquatrevents\/wp-json\/wp\/v2\/tags?post=10092"}],"curies":[{"name":"wp","href":"https:\/\/api.w.org\/{rel}","templated":true}]}}