{"id":10044,"date":"2025-02-21T12:22:03","date_gmt":"2025-02-21T11:22:03","guid":{"rendered":"https:\/\/agora.xtec.cat\/escolaelsquatrevents\/?p=10044"},"modified":"2025-02-21T12:26:33","modified_gmt":"2025-02-21T11:26:33","slug":"sortida-de-5e-al-palau-de-la-generalitat-de-catalunya","status":"publish","type":"post","link":"https:\/\/agora.xtec.cat\/escolaelsquatrevents\/general\/sortida-de-5e-al-palau-de-la-generalitat-de-catalunya\/","title":{"rendered":"Sortida de 5\u00e8 al Palau de la Generalitat de Catalunya"},"content":{"rendered":"<p>Aquest dilluns 17 de febrer, els infants de cinqu\u00e8 hem anat al Palau de la Generalitat de Catalunya. A la seu de la Presid\u00e8ncia i el Govern de Catalunya hem realitzat un taller i una posterior visita dels espais m\u00e9s emblem\u00e0tics (el sal\u00f3 de Sant Jordi, la Sala Clav\u00e9, la sala de premsa, la Sala del Govern, el Pati dels Tarongers, l&#8217;escala g\u00f2tica i el pati g\u00f2tic). Gr\u00e0cies a aquesta sortida, ara som uns experts i expertes sobre qu\u00e8 \u00e9s el Govern, qui en forma part i com funciona.<\/p>\n<p>A banda de la visita al Palau, no hem desaprofitat l&#8217;oportunitat de gaudir dels encants de Barcelona, aix\u00ed com del parc de la Ciutadella. Cal dir que ens ha encantat aquesta visita, ja que ha sigut una experi\u00e8ncia incre\u00efble.<\/p>\n<p>Podeu veure m\u00e9s fotos de la nostra sortida en els seg\u00fcents enlla\u00e7os: <a href=\"https:\/\/drive.google.com\/drive\/folders\/1Tf7upAV4PWw8rmvXe0nyr-iVbKTlikyM?usp=drive_link\">5\u00e8 Groc<\/a> i <a href=\"https:\/\/drive.google.com\/drive\/folders\/1-1uK6n9uLSvgeONEEFDmC_50sBlQ95XO?usp=drive_link\">5\u00e8 Blau<\/a><\/p>\n","protected":false},"excerpt":{"rendered":"<p>Aquest dilluns 17 de febrer, els infants de cinqu\u00e8 hem anat al Palau de la Generalitat de Catalunya. A la seu de la Presid\u00e8ncia i el Govern de Catalunya hem realitzat un taller i una posterior visita dels espais m\u00e9s emblem\u00e0tics (el sal\u00f3 de Sant Jordi, la Sala Clav\u00e9, la sala de premsa, la Sala [&hellip;]<\/p>\n","protected":false},"author":3,"featured_media":10048,"comment_status":"closed","ping_status":"closed","sticky":false,"template":"","format":"standard","meta":{"_bbp_topic_count":0,"_bbp_reply_count":0,"_bbp_total_topic_count":0,"_bbp_total_reply_count":0,"_bbp_voice_count":0,"_bbp_anonymous_reply_count":0,"_bbp_topic_count_hidden":0,"_bbp_reply_count_hidden":0,"_bbp_forum_subforum_count":0,"site-sidebar-layout":"default","site-content-layout":"","ast-site-content-layout":"","site-content-style":"default","site-sidebar-style":"default","ast-global-header-display":"","ast-banner-title-visibility":"","ast-main-header-display":"","ast-hfb-above-header-display":"","ast-hfb-below-header-display":"","ast-hfb-mobile-header-display":"","site-post-title":"","ast-breadcrumbs-content":"","ast-featured-img":"","footer-sml-layout":"","theme-transparent-header-meta":"","adv-header-id-meta":"","stick-header-meta":"","header-above-stick-meta":"","header-main-stick-meta":"","header-below-stick-meta":"","astra-migrate-meta-layouts":"default","ast-page-background-enabled":"default","ast-page-background-meta":{"desktop":{"background-color":"var(--ast-global-color-4)","background-image":"","background-repeat":"repeat","background-position":"center center","background-size":"auto","background-attachment":"scroll","background-type":"","background-media":"","overlay-type":"","overlay-color":"","overlay-opacity":"","overlay-gradient":""},"tablet":{"background-color":"","background-image":"","background-repeat":"repeat","background-position":"center center","background-size":"auto","background-attachment":"scroll","background-type":"","background-media":"","overlay-type":"","overlay-color":"","overlay-opacity":"","overlay-gradient":""},"mobile":{"background-color":"","background-image":"","background-repeat":"repeat","background-position":"center center","background-size":"auto","background-attachment":"scroll","background-type":"","background-media":"","overlay-type":"","overlay-color":"","overlay-opacity":"","overlay-gradient":""}},"ast-content-background-meta":{"desktop":{"background-color":"var(--ast-global-color-5)","background-image":"","background-repeat":"repeat","background-position":"center center","background-size":"auto","background-attachment":"scroll","background-type":"","background-media":"","overlay-type":"","overlay-color":"","overlay-opacity":"","overlay-gradient":""},"tablet":{"background-color":"var(--ast-global-color-5)","background-image":"","background-repeat":"repeat","background-position":"center center","background-size":"auto","background-attachment":"scroll","background-type":"","background-media":"","overlay-type":"","overlay-color":"","overlay-opacity":"","overlay-gradient":""},"mobile":{"background-color":"var(--ast-global-color-5)","background-image":"","background-repeat":"repeat","background-position":"center center","background-size":"auto","background-attachment":"scroll","background-type":"","background-media":"","overlay-type":"","overlay-color":"","overlay-opacity":"","overlay-gradient":""}},"footnotes":""},"categories":[8,1,4],"tags":[485,486,487,324],"class_list":["post-10044","post","type-post","status-publish","format-standard","has-post-thumbnail","hentry","category-grans","category-general","category-portada","tag-barcelona","tag-govern","tag-palau","tag-sortida"],"post_mailing_queue_ids":[],"_links":{"self":[{"href":"https:\/\/agora.xtec.cat\/escolaelsquatrevents\/wp-json\/wp\/v2\/posts\/10044","targetHints":{"allow":["GET"]}}],"collection":[{"href":"https:\/\/agora.xtec.cat\/escolaelsquatrevents\/wp-json\/wp\/v2\/posts"}],"about":[{"href":"https:\/\/agora.xtec.cat\/escolaelsquatrevents\/wp-json\/wp\/v2\/types\/post"}],"author":[{"embeddable":true,"href":"https:\/\/agora.xtec.cat\/escolaelsquatrevents\/wp-json\/wp\/v2\/users\/3"}],"replies":[{"embeddable":true,"href":"https:\/\/agora.xtec.cat\/escolaelsquatrevents\/wp-json\/wp\/v2\/comments?post=10044"}],"version-history":[{"count":5,"href":"https:\/\/agora.xtec.cat\/escolaelsquatrevents\/wp-json\/wp\/v2\/posts\/10044\/revisions"}],"predecessor-version":[{"id":10051,"href":"https:\/\/agora.xtec.cat\/escolaelsquatrevents\/wp-json\/wp\/v2\/posts\/10044\/revisions\/10051"}],"wp:featuredmedia":[{"embeddable":true,"href":"https:\/\/agora.xtec.cat\/escolaelsquatrevents\/wp-json\/wp\/v2\/media\/10048"}],"wp:attachment":[{"href":"https:\/\/agora.xtec.cat\/escolaelsquatrevents\/wp-json\/wp\/v2\/media?parent=10044"}],"wp:term":[{"taxonomy":"category","embeddable":true,"href":"https:\/\/agora.xtec.cat\/escolaelsquatrevents\/wp-json\/wp\/v2\/categories?post=10044"},{"taxonomy":"post_tag","embeddable":true,"href":"https:\/\/agora.xtec.cat\/escolaelsquatrevents\/wp-json\/wp\/v2\/tags?post=10044"}],"curies":[{"name":"wp","href":"https:\/\/api.w.org\/{rel}","templated":true}]}}