{"id":1605,"date":"2026-02-02T15:28:55","date_gmt":"2026-02-02T14:28:55","guid":{"rendered":"https:\/\/agora.xtec.cat\/escolaelsporxos\/?p=1605"},"modified":"2026-04-29T10:27:47","modified_gmt":"2026-04-29T08:27:47","slug":"preinscripcio-2026-2027","status":"publish","type":"post","link":"https:\/\/agora.xtec.cat\/escolaelsporxos\/general\/preinscripcio-2026-2027\/","title":{"rendered":"PREINSCRIPCI\u00d3 2026-2027"},"content":{"rendered":"<div class=\"gmail_default\">\n<p><a style=\"font-size: 16px; font-style: normal; font-weight: 400; transition-property: all; color: #3a3a3a;\" href=\"https:\/\/preinscripcio.gencat.cat\/ca\/inici\"><img loading=\"lazy\" decoding=\"async\" class=\"aligncenter wp-image-1606 \" src=\"https:\/\/agora.xtec.cat\/escolaelsporxos\/wp-content\/uploads\/usu2425\/2026\/02\/Cartell_I3_preinscripcio-2026_2027-212x300.jpg\" alt=\"\" width=\"201\" height=\"284\" srcset=\"https:\/\/agora.xtec.cat\/escolaelsporxos\/wp-content\/uploads\/usu2425\/2026\/02\/Cartell_I3_preinscripcio-2026_2027-212x300.jpg 212w, https:\/\/agora.xtec.cat\/escolaelsporxos\/wp-content\/uploads\/usu2425\/2026\/02\/Cartell_I3_preinscripcio-2026_2027-768x1085.jpg 768w, https:\/\/agora.xtec.cat\/escolaelsporxos\/wp-content\/uploads\/usu2425\/2026\/02\/Cartell_I3_preinscripcio-2026_2027-1087x1536.jpg 1087w, https:\/\/agora.xtec.cat\/escolaelsporxos\/wp-content\/uploads\/usu2425\/2026\/02\/Cartell_I3_preinscripcio-2026_2027-1449x2048.jpg 1449w, https:\/\/agora.xtec.cat\/escolaelsporxos\/wp-content\/uploads\/usu2425\/2026\/02\/Cartell_I3_preinscripcio-2026_2027.jpg 1740w\" sizes=\"auto, (max-width: 201px) 100vw, 201px\" \/><\/a><\/p>\n<p>En aquest espai trobareu tota la informaci\u00f3 relacionada amb el <strong>proc\u00e9s <\/strong><strong>de preinscripci\u00f3 per al curs 2026-2027:<\/strong><\/p>\n<p><a href=\"https:\/\/drive.google.com\/file\/d\/1rqKIKw45PJNGpQQ5mwbfOdOBcfHulhyK\/view?usp=sharing\"><strong>Calendari de presentaci\u00f3 de sol\u00b7licituds per a la preinscripci\u00f3 del curs 2026-2027<\/strong><\/a><\/p>\n<p>Aquestes s\u00f3n les dates clau per a presentar les sol\u00b7licituds de preinscripci\u00f3 per al curs 2026-2027:<\/p>\n<p><strong>Educaci\u00f3 infantil (3-6 anys) i educaci\u00f3 prim\u00e0ria:<\/strong> del 4 al 18 de mar\u00e7 de 2026<\/p>\n<p><strong>Educaci\u00f3 secund\u00e0ria obligat\u00f2ria:<\/strong> del 6 al 18 de mar\u00e7 de 2026<\/p>\n<table style=\"width: 100%; height: 472px;\">\n<tbody>\n<tr style=\"height: 64px;\">\n<td style=\"height: 64px;\"><strong>3 de mar\u00e7 del 2026<\/strong><\/td>\n<td style=\"height: 64px;\"><a href=\"https:\/\/drive.google.com\/file\/d\/1KdfnAOO98r1E7soXs7Rg5fBufvUnpvmH\/view?usp=sharing\"><span style=\"font-weight: 400;\">Oferta inicial de places escolars<\/span><\/a><\/td>\n<\/tr>\n<tr style=\"height: 68px;\">\n<td style=\"height: 68px;\"><strong>15 d&#8217;abril de 2026<\/strong><\/td>\n<td style=\"height: 68px;\"><a href=\"https:\/\/drive.google.com\/file\/d\/1LIp-XPNy5Lz4s92KbvaVZgk_W6d5GtNr\/view?usp=sharing\"><span style=\"font-weight: 400;\">Llista de sol\u00b7licituds amb la puntuaci\u00f3 provisional<\/span><\/a><\/td>\n<\/tr>\n<tr style=\"height: 68px;\">\n<td style=\"height: 68px;\"><strong>23 d\u2019abril de 2026<\/strong><\/td>\n<td style=\"height: 68px;\"><a href=\"https:\/\/drive.google.com\/file\/d\/13dLBlq214qjs9mAezdeNg2Yex7SsTJ2z\/view?usp=sharing\"><span style=\"font-weight: 400;\">Llista de sol\u00b7licituds amb la puntuaci\u00f3 un cop resoltes les reclamacions<\/span><\/a><\/td>\n<\/tr>\n<tr style=\"height: 68px;\">\n<td style=\"height: 68px;\"><strong>28 d\u2019abril de 2026<\/strong><\/td>\n<td style=\"height: 68px;\"><a href=\"https:\/\/drive.google.com\/file\/d\/1j3JEhO8VzL97SKgQV4ppn1nwb6lXEcsM\/view?usp=drive_link\"><span style=\"font-weight: 400;\">Sorteig del n\u00famero de desempat (11h)<\/span><\/a><\/td>\n<\/tr>\n<tr style=\"height: 68px;\">\n<td style=\"height: 68px;\"><strong>29 d\u2019abril de 2026<\/strong><\/td>\n<td style=\"height: 68px;\"><a href=\"https:\/\/drive.google.com\/file\/d\/15xIx072JR8gKFsP84eKnuD-6n5GlTevW\/view?usp=drive_link\"><span style=\"font-weight: 400;\">Llista ordenada de sol\u00b7licituds<\/span><\/a><\/td>\n<\/tr>\n<tr style=\"height: 68px;\">\n<td style=\"height: 68px;\"><strong>10 de juny de 2026<\/strong><\/td>\n<td style=\"height: 68px;\"><span style=\"font-weight: 400;\">Oferta de places definitiva<\/span><\/td>\n<\/tr>\n<tr style=\"height: 68px;\">\n<td style=\"height: 68px;\"><strong>10 de juny de 2026<\/strong><\/td>\n<td style=\"height: 68px;\"><span style=\"font-weight: 400;\">Llista d&#8217;alumnes admesos, llista d&#8217;espera i alumnes preinscrits al centre.<\/span><\/td>\n<\/tr>\n<\/tbody>\n<\/table>\n<p>Trobareu m\u00e9s informaci\u00f3 en els seg\u00fcents enlla\u00e7os:<\/p>\n<\/div>\n<p><a href=\"https:\/\/www.edubcn.cat\/rcs_gene\/extra\/02_preinscripcio_2026_2027\/materials-obligatoris\/CEB-fullet-I3-2026-27-cat-digital.pdf\">Qu\u00e8 heu de saber? (Consorci d&#8217;Educaci\u00f3 de Barcelona)<\/a><br \/>\n<a href=\"https:\/\/www.edubcn.cat\/ca\/alumnat_i_familia\/informacio_general_matriculacio\/preinscripcio_info\">edubcn.cat<\/a><br \/>\n<a href=\"https:\/\/preinscripcio.gencat.cat\/ca\/inici\">preinscripcio.gencat.cat<\/a><\/p>\n","protected":false},"excerpt":{"rendered":"<p>En aquest espai trobareu tota la informaci\u00f3 relacionada amb el proc\u00e9s de preinscripci\u00f3 per al curs 2026-2027: Calendari de presentaci\u00f3 [&hellip;]<\/p>\n","protected":false},"author":1,"featured_media":1606,"comment_status":"open","ping_status":"open","sticky":true,"template":"","format":"standard","meta":{"_bbp_topic_count":0,"_bbp_reply_count":0,"_bbp_total_topic_count":0,"_bbp_total_reply_count":0,"_bbp_voice_count":0,"_bbp_anonymous_reply_count":0,"_bbp_topic_count_hidden":0,"_bbp_reply_count_hidden":0,"_bbp_forum_subforum_count":0,"site-sidebar-layout":"default","site-content-layout":"","ast-site-content-layout":"default","site-content-style":"default","site-sidebar-style":"default","ast-global-header-display":"","ast-banner-title-visibility":"","ast-main-header-display":"","ast-hfb-above-header-display":"","ast-hfb-below-header-display":"","ast-hfb-mobile-header-display":"","site-post-title":"","ast-breadcrumbs-content":"","ast-featured-img":"","footer-sml-layout":"","theme-transparent-header-meta":"default","adv-header-id-meta":"","stick-header-meta":"","header-above-stick-meta":"","header-main-stick-meta":"","header-below-stick-meta":"","astra-migrate-meta-layouts":"set","ast-page-background-enabled":"default","ast-page-background-meta":{"desktop":{"background-color":"var(--ast-global-color-4)","background-image":"","background-repeat":"repeat","background-position":"center center","background-size":"auto","background-attachment":"scroll","background-type":"","background-media":"","overlay-type":"","overlay-color":"","overlay-opacity":"","overlay-gradient":""},"tablet":{"background-color":"","background-image":"","background-repeat":"repeat","background-position":"center center","background-size":"auto","background-attachment":"scroll","background-type":"","background-media":"","overlay-type":"","overlay-color":"","overlay-opacity":"","overlay-gradient":""},"mobile":{"background-color":"","background-image":"","background-repeat":"repeat","background-position":"center center","background-size":"auto","background-attachment":"scroll","background-type":"","background-media":"","overlay-type":"","overlay-color":"","overlay-opacity":"","overlay-gradient":""}},"ast-content-background-meta":{"desktop":{"background-color":"var(--ast-global-color-5)","background-image":"","background-repeat":"repeat","background-position":"center center","background-size":"auto","background-attachment":"scroll","background-type":"","background-media":"","overlay-type":"","overlay-color":"","overlay-opacity":"","overlay-gradient":""},"tablet":{"background-color":"var(--ast-global-color-5)","background-image":"","background-repeat":"repeat","background-position":"center center","background-size":"auto","background-attachment":"scroll","background-type":"","background-media":"","overlay-type":"","overlay-color":"","overlay-opacity":"","overlay-gradient":""},"mobile":{"background-color":"var(--ast-global-color-5)","background-image":"","background-repeat":"repeat","background-position":"center center","background-size":"auto","background-attachment":"scroll","background-type":"","background-media":"","overlay-type":"","overlay-color":"","overlay-opacity":"","overlay-gradient":""}},"footnotes":""},"categories":[1,4],"tags":[],"class_list":["post-1605","post","type-post","status-publish","format-standard","has-post-thumbnail","hentry","category-general","category-portada"],"post_mailing_queue_ids":[],"_links":{"self":[{"href":"https:\/\/agora.xtec.cat\/escolaelsporxos\/wp-json\/wp\/v2\/posts\/1605","targetHints":{"allow":["GET"]}}],"collection":[{"href":"https:\/\/agora.xtec.cat\/escolaelsporxos\/wp-json\/wp\/v2\/posts"}],"about":[{"href":"https:\/\/agora.xtec.cat\/escolaelsporxos\/wp-json\/wp\/v2\/types\/post"}],"author":[{"embeddable":true,"href":"https:\/\/agora.xtec.cat\/escolaelsporxos\/wp-json\/wp\/v2\/users\/1"}],"replies":[{"embeddable":true,"href":"https:\/\/agora.xtec.cat\/escolaelsporxos\/wp-json\/wp\/v2\/comments?post=1605"}],"version-history":[{"count":6,"href":"https:\/\/agora.xtec.cat\/escolaelsporxos\/wp-json\/wp\/v2\/posts\/1605\/revisions"}],"predecessor-version":[{"id":1659,"href":"https:\/\/agora.xtec.cat\/escolaelsporxos\/wp-json\/wp\/v2\/posts\/1605\/revisions\/1659"}],"wp:featuredmedia":[{"embeddable":true,"href":"https:\/\/agora.xtec.cat\/escolaelsporxos\/wp-json\/wp\/v2\/media\/1606"}],"wp:attachment":[{"href":"https:\/\/agora.xtec.cat\/escolaelsporxos\/wp-json\/wp\/v2\/media?parent=1605"}],"wp:term":[{"taxonomy":"category","embeddable":true,"href":"https:\/\/agora.xtec.cat\/escolaelsporxos\/wp-json\/wp\/v2\/categories?post=1605"},{"taxonomy":"post_tag","embeddable":true,"href":"https:\/\/agora.xtec.cat\/escolaelsporxos\/wp-json\/wp\/v2\/tags?post=1605"}],"curies":[{"name":"wp","href":"https:\/\/api.w.org\/{rel}","templated":true}]}}