{"id":8207,"date":"2023-12-20T12:04:50","date_gmt":"2023-12-20T11:04:50","guid":{"rendered":"https:\/\/agora.xtec.cat\/escolaelsplanells\/?p=8207"},"modified":"2023-12-20T13:02:28","modified_gmt":"2023-12-20T12:02:28","slug":"festival-de-nadal-2023","status":"publish","type":"post","link":"https:\/\/agora.xtec.cat\/escolaelsplanells\/general\/festival-de-nadal-2023\/","title":{"rendered":"FESTIVAL DE NADAL 2023"},"content":{"rendered":"<p><a href=\"https:\/\/agora.xtec.cat\/escolaelsplanells\/wp-content\/uploads\/usu303\/2023\/12\/PRESENTADORES-2-scaled.jpg\"><img loading=\"lazy\" decoding=\"async\" class=\"wp-image-8223 aligncenter\" src=\"https:\/\/agora.xtec.cat\/escolaelsplanells\/wp-content\/uploads\/usu303\/2023\/12\/PRESENTADORES-2-scaled.jpg\" alt=\"\" width=\"362\" height=\"271\" srcset=\"https:\/\/agora.xtec.cat\/escolaelsplanells\/wp-content\/uploads\/usu303\/2023\/12\/PRESENTADORES-2-scaled.jpg 2560w, https:\/\/agora.xtec.cat\/escolaelsplanells\/wp-content\/uploads\/usu303\/2023\/12\/PRESENTADORES-2-300x225.jpg 300w, https:\/\/agora.xtec.cat\/escolaelsplanells\/wp-content\/uploads\/usu303\/2023\/12\/PRESENTADORES-2-1024x768.jpg 1024w, https:\/\/agora.xtec.cat\/escolaelsplanells\/wp-content\/uploads\/usu303\/2023\/12\/PRESENTADORES-2-768x576.jpg 768w, https:\/\/agora.xtec.cat\/escolaelsplanells\/wp-content\/uploads\/usu303\/2023\/12\/PRESENTADORES-2-1536x1152.jpg 1536w, https:\/\/agora.xtec.cat\/escolaelsplanells\/wp-content\/uploads\/usu303\/2023\/12\/PRESENTADORES-2-2048x1536.jpg 2048w, https:\/\/agora.xtec.cat\/escolaelsplanells\/wp-content\/uploads\/usu303\/2023\/12\/PRESENTADORES-2-200x150.jpg 200w\" sizes=\"auto, (max-width: 362px) 100vw, 362px\" \/><\/a><\/p>\n<p>Fam\u00edlies, avui hem viscut amb molta il\u00b7lusi\u00f3 el festival de Nadal a l&#8217;escola, una tradici\u00f3 que celebrem amb entusiasme cada any. Cada curs ha compartit el seu talent amb un repertori de can\u00e7ons nadalenques i l&#8217;alumnat de cicle superior ens ha sorpr\u00e8s tocant diversos instruments musicals amb gran destresa. Les mestres tamb\u00e9 han interpretat la can\u00e7\u00f3\u00a0 &#8220;Estimo el Nadal&#8221; ( Antoni Tolmos).<\/p>\n<p>Volem expressar el nostre agra\u00efment als i les alumnes del taller de festes de cicle superior.<\/p>\n<p>Amb aquesta celebraci\u00f3, volem transmetre els nostres millors desitjos de bones festes a tota la comunitat educativa, desitjant que aquests dies estiguin plens de moments especials i alegria.<\/p>\n<p>A m\u00e9s a m\u00e9s, al final de l&#8217;acte hem acomiadat a l\u2019Ester, ha sigut l\u2019\u00faltim dia que ha exercit de mestres a l\u2019Escola Els Planells. S\u00ed, es jubila. Despr\u00e9s de molts anys de compartir treball amb ella, podem dir que l\u2019Ester, ens has acompanyat tant professionalment com personalment en el viatge de la vida.<\/p>\n<p>Companya, et jubiles, per\u00f2 una mestra no es jubila mai. Tens una gran capacitat per educar en tots els aspectes. La teva feina parla per si mateixa.<\/p>\n<p>Gaudeix del temps tan merescut amb la fam\u00edlia, amics i les persones que m\u00e9s estimes.<\/p>\n<p>Ha estat un enorme plaer compartir aquesta escola amb tu.<\/p>\n<p>Moltes gr\u00e0cies!<\/p>\n<p>Bon Nadal i feli\u00e7 any nou!<\/p>\n<p><a href=\"https:\/\/agora.xtec.cat\/escolaelsplanells\/wp-content\/uploads\/usu303\/2023\/12\/Ester.jpg\"><img loading=\"lazy\" decoding=\"async\" class=\"wp-image-8231 alignnone\" src=\"https:\/\/agora.xtec.cat\/escolaelsplanells\/wp-content\/uploads\/usu303\/2023\/12\/Ester.jpg\" alt=\"\" width=\"340\" height=\"191\" srcset=\"https:\/\/agora.xtec.cat\/escolaelsplanells\/wp-content\/uploads\/usu303\/2023\/12\/Ester.jpg 1024w, https:\/\/agora.xtec.cat\/escolaelsplanells\/wp-content\/uploads\/usu303\/2023\/12\/Ester-300x169.jpg 300w, https:\/\/agora.xtec.cat\/escolaelsplanells\/wp-content\/uploads\/usu303\/2023\/12\/Ester-768x432.jpg 768w\" sizes=\"auto, (max-width: 340px) 100vw, 340px\" \/><\/a><\/p>\n<p>&nbsp;<\/p>\n<p>A continuaci\u00f3, us deixem els v\u00eddeos i les fotografies de les can\u00e7ons dels nostres infants.<\/p>\n<p><a href=\"https:\/\/photos.app.goo.gl\/5dzYEQeg5bLVzREb9\">\u00c0lbum fotos generals festival<\/a><\/p>\n<p><a href=\"https:\/\/photos.app.goo.gl\/UrkSgxDDbNBWYKgM8\">V\u00eddeo I3<\/a><\/p>\n<p><a href=\"https:\/\/photos.app.goo.gl\/ecLeFxGLe8jgLt3K7\">V\u00eddeo\u00a0 I4<\/a><\/p>\n<p><a href=\"https:\/\/photos.app.goo.gl\/3pukd1mB2ePx4dfTA\">V\u00eddeo I5<\/a><\/p>\n<p><a href=\"https:\/\/photos.app.goo.gl\/ibZSYDbxp4wGoAoN8\">V\u00eddeo 1r<\/a><\/p>\n<p><a href=\"https:\/\/photos.app.goo.gl\/FFiiP814j7U63SkK6\">V\u00eddeo 2n<\/a><\/p>\n<p><a href=\"https:\/\/photos.app.goo.gl\/tyRiBD631AxV9nKc7\">V\u00eddeo 3r<\/a><\/p>\n<p><a href=\"https:\/\/photos.app.goo.gl\/xVYQ29yFU8vH5t2RA\">V\u00eddeo 4rt<\/a><\/p>\n<p><a href=\"https:\/\/photos.app.goo.gl\/Mhup6gcbE9Qpkgp2A\">V\u00eddeo 5\u00e8<\/a><\/p>\n<p><a href=\"https:\/\/photos.app.goo.gl\/34xS6gc8kM9UVvmA9\">V\u00eddeo 6\u00e8<\/a><\/p>\n","protected":false},"excerpt":{"rendered":"<p>Fam\u00edlies, avui hem viscut amb molta il\u00b7lusi\u00f3 el festival de Nadal a l&#8217;escola, una tradici\u00f3 que celebrem amb entusiasme cada any. Cada curs ha compartit el seu talent amb un repertori de can\u00e7ons nadalenques i l&#8217;alumnat de cicle superior ens ha sorpr\u00e8s tocant diversos instruments musicals amb gran destresa. Les mestres tamb\u00e9 han interpretat la [&hellip;]<\/p>\n","protected":false},"author":7,"featured_media":8223,"comment_status":"open","ping_status":"closed","sticky":false,"template":"","format":"standard","meta":{"_bbp_topic_count":0,"_bbp_reply_count":0,"_bbp_total_topic_count":0,"_bbp_total_reply_count":0,"_bbp_voice_count":0,"_bbp_anonymous_reply_count":0,"_bbp_topic_count_hidden":0,"_bbp_reply_count_hidden":0,"_bbp_forum_subforum_count":0,"site-sidebar-layout":"default","site-content-layout":"","ast-site-content-layout":"","site-content-style":"default","site-sidebar-style":"default","ast-global-header-display":"","ast-banner-title-visibility":"","ast-main-header-display":"","ast-hfb-above-header-display":"","ast-hfb-below-header-display":"","ast-hfb-mobile-header-display":"","site-post-title":"","ast-breadcrumbs-content":"","ast-featured-img":"","footer-sml-layout":"","theme-transparent-header-meta":"","adv-header-id-meta":"","stick-header-meta":"","header-above-stick-meta":"","header-main-stick-meta":"","header-below-stick-meta":"","astra-migrate-meta-layouts":"default","ast-page-background-enabled":"default","ast-page-background-meta":{"desktop":{"background-color":"var(--ast-global-color-4)","background-image":"","background-repeat":"repeat","background-position":"center center","background-size":"auto","background-attachment":"scroll","background-type":"","background-media":"","overlay-type":"","overlay-color":"","overlay-opacity":"","overlay-gradient":""},"tablet":{"background-color":"","background-image":"","background-repeat":"repeat","background-position":"center center","background-size":"auto","background-attachment":"scroll","background-type":"","background-media":"","overlay-type":"","overlay-color":"","overlay-opacity":"","overlay-gradient":""},"mobile":{"background-color":"","background-image":"","background-repeat":"repeat","background-position":"center center","background-size":"auto","background-attachment":"scroll","background-type":"","background-media":"","overlay-type":"","overlay-color":"","overlay-opacity":"","overlay-gradient":""}},"ast-content-background-meta":{"desktop":{"background-color":"var(--ast-global-color-5)","background-image":"","background-repeat":"repeat","background-position":"center center","background-size":"auto","background-attachment":"scroll","background-type":"","background-media":"","overlay-type":"","overlay-color":"","overlay-opacity":"","overlay-gradient":""},"tablet":{"background-color":"var(--ast-global-color-5)","background-image":"","background-repeat":"repeat","background-position":"center center","background-size":"auto","background-attachment":"scroll","background-type":"","background-media":"","overlay-type":"","overlay-color":"","overlay-opacity":"","overlay-gradient":""},"mobile":{"background-color":"var(--ast-global-color-5)","background-image":"","background-repeat":"repeat","background-position":"center center","background-size":"auto","background-attachment":"scroll","background-type":"","background-media":"","overlay-type":"","overlay-color":"","overlay-opacity":"","overlay-gradient":""}},"footnotes":""},"categories":[10,13,15,21,1,176,70,4,24],"tags":[],"class_list":["post-8207","post","type-post","status-publish","format-standard","has-post-thumbnail","hentry","category-ci","category-cm","category-cs","category-infantil","category-general","category-infantil-2","category-musica","category-portada","category-primaria"],"post_mailing_queue_ids":[],"_links":{"self":[{"href":"https:\/\/agora.xtec.cat\/escolaelsplanells\/wp-json\/wp\/v2\/posts\/8207","targetHints":{"allow":["GET"]}}],"collection":[{"href":"https:\/\/agora.xtec.cat\/escolaelsplanells\/wp-json\/wp\/v2\/posts"}],"about":[{"href":"https:\/\/agora.xtec.cat\/escolaelsplanells\/wp-json\/wp\/v2\/types\/post"}],"author":[{"embeddable":true,"href":"https:\/\/agora.xtec.cat\/escolaelsplanells\/wp-json\/wp\/v2\/users\/7"}],"replies":[{"embeddable":true,"href":"https:\/\/agora.xtec.cat\/escolaelsplanells\/wp-json\/wp\/v2\/comments?post=8207"}],"version-history":[{"count":6,"href":"https:\/\/agora.xtec.cat\/escolaelsplanells\/wp-json\/wp\/v2\/posts\/8207\/revisions"}],"predecessor-version":[{"id":8232,"href":"https:\/\/agora.xtec.cat\/escolaelsplanells\/wp-json\/wp\/v2\/posts\/8207\/revisions\/8232"}],"wp:featuredmedia":[{"embeddable":true,"href":"https:\/\/agora.xtec.cat\/escolaelsplanells\/wp-json\/wp\/v2\/media\/8223"}],"wp:attachment":[{"href":"https:\/\/agora.xtec.cat\/escolaelsplanells\/wp-json\/wp\/v2\/media?parent=8207"}],"wp:term":[{"taxonomy":"category","embeddable":true,"href":"https:\/\/agora.xtec.cat\/escolaelsplanells\/wp-json\/wp\/v2\/categories?post=8207"},{"taxonomy":"post_tag","embeddable":true,"href":"https:\/\/agora.xtec.cat\/escolaelsplanells\/wp-json\/wp\/v2\/tags?post=8207"}],"curies":[{"name":"wp","href":"https:\/\/api.w.org\/{rel}","templated":true}]}}