{"id":8121,"date":"2023-11-21T13:17:36","date_gmt":"2023-11-21T12:17:36","guid":{"rendered":"https:\/\/agora.xtec.cat\/escolaelsplanells\/?p=8121"},"modified":"2023-11-29T17:07:00","modified_gmt":"2023-11-29T16:07:00","slug":"visita-a-la-biblioteca-i3-i4-i5","status":"publish","type":"post","link":"https:\/\/agora.xtec.cat\/escolaelsplanells\/nivells\/infantil\/visita-a-la-biblioteca-i3-i4-i5\/","title":{"rendered":"VISITA A LA BIBLIOTECA ( I3-I4-I5)"},"content":{"rendered":"<p>Els nens i nenes d&#8217;educaci\u00f3 infantil hem anat a la biblioteca d&#8217;Artesa per tal de veure una exposici\u00f3 de contes anomenada &#8220;Pessigolles&#8221;. Es tracta d&#8217;una selecci\u00f3 de contes, llibres i \u00e0lbums il.lustrats agrupats en funci\u00f3 dels diferents sentiments i emocions que podem sentir o experimentar, com poden ser l&#8217;alegria, la tristesa, la por, la r\u00e0bia, l&#8217;autoestima, la valentia&#8230;<\/p>\n<p>La Gl\u00f2ria ens ha anat explicant un conte de cada emoci\u00f3 i ens han agradat molt\u00edssim!\u00a0 Per acabar, hem pogut mirar pel nostre compte els contes que m\u00e9s ens han cridat l&#8217;atenci\u00f3 i els hem anat compartint amb els companys\/es.<\/p>\n<p>Hem gaudit molt en aquesta visita a la biblioteca, aix\u00ed que fam\u00edlies us animem a que hi feu una visita amb els vostres fills \/es i en pugueu gaudir una bona estona plegats!!<\/p>\n<p><a href=\"https:\/\/photos.app.goo.gl\/V72XtwamjWzMHWhY6\" target=\"_blank\" rel=\"noopener\">FOTOS I3<\/a><\/p>\n<p><a href=\"https:\/\/photos.app.goo.gl\/u2sVs4S7FJqc8c116\" target=\"_blank\" rel=\"noopener\">FOTOS I4<\/a><\/p>\n<p><a href=\"https:\/\/photos.app.goo.gl\/ayoSGE169KTz1hPTA\" target=\"_blank\" rel=\"noopener\">FOTOS I5\u00a0<\/a><\/p>\n","protected":false},"excerpt":{"rendered":"<p>Els nens i nenes d&#8217;educaci\u00f3 infantil hem anat a la biblioteca d&#8217;Artesa per tal de veure una exposici\u00f3 de contes anomenada &#8220;Pessigolles&#8221;. Es tracta d&#8217;una selecci\u00f3 de contes, llibres i \u00e0lbums il.lustrats agrupats en funci\u00f3 dels diferents sentiments i emocions que podem sentir o experimentar, com poden ser l&#8217;alegria, la tristesa, la por, la r\u00e0bia, [&hellip;]<\/p>\n","protected":false},"author":4,"featured_media":0,"comment_status":"open","ping_status":"closed","sticky":false,"template":"","format":"standard","meta":{"_bbp_topic_count":0,"_bbp_reply_count":0,"_bbp_total_topic_count":0,"_bbp_total_reply_count":0,"_bbp_voice_count":0,"_bbp_anonymous_reply_count":0,"_bbp_topic_count_hidden":0,"_bbp_reply_count_hidden":0,"_bbp_forum_subforum_count":0,"site-sidebar-layout":"default","site-content-layout":"","ast-site-content-layout":"","site-content-style":"default","site-sidebar-style":"default","ast-global-header-display":"","ast-banner-title-visibility":"","ast-main-header-display":"","ast-hfb-above-header-display":"","ast-hfb-below-header-display":"","ast-hfb-mobile-header-display":"","site-post-title":"","ast-breadcrumbs-content":"","ast-featured-img":"","footer-sml-layout":"","theme-transparent-header-meta":"","adv-header-id-meta":"","stick-header-meta":"","header-above-stick-meta":"","header-main-stick-meta":"","header-below-stick-meta":"","astra-migrate-meta-layouts":"default","ast-page-background-enabled":"default","ast-page-background-meta":{"desktop":{"background-color":"var(--ast-global-color-4)","background-image":"","background-repeat":"repeat","background-position":"center center","background-size":"auto","background-attachment":"scroll","background-type":"","background-media":"","overlay-type":"","overlay-color":"","overlay-opacity":"","overlay-gradient":""},"tablet":{"background-color":"","background-image":"","background-repeat":"repeat","background-position":"center center","background-size":"auto","background-attachment":"scroll","background-type":"","background-media":"","overlay-type":"","overlay-color":"","overlay-opacity":"","overlay-gradient":""},"mobile":{"background-color":"","background-image":"","background-repeat":"repeat","background-position":"center center","background-size":"auto","background-attachment":"scroll","background-type":"","background-media":"","overlay-type":"","overlay-color":"","overlay-opacity":"","overlay-gradient":""}},"ast-content-background-meta":{"desktop":{"background-color":"var(--ast-global-color-5)","background-image":"","background-repeat":"repeat","background-position":"center center","background-size":"auto","background-attachment":"scroll","background-type":"","background-media":"","overlay-type":"","overlay-color":"","overlay-opacity":"","overlay-gradient":""},"tablet":{"background-color":"var(--ast-global-color-5)","background-image":"","background-repeat":"repeat","background-position":"center center","background-size":"auto","background-attachment":"scroll","background-type":"","background-media":"","overlay-type":"","overlay-color":"","overlay-opacity":"","overlay-gradient":""},"mobile":{"background-color":"var(--ast-global-color-5)","background-image":"","background-repeat":"repeat","background-position":"center center","background-size":"auto","background-attachment":"scroll","background-type":"","background-media":"","overlay-type":"","overlay-color":"","overlay-opacity":"","overlay-gradient":""}},"footnotes":""},"categories":[21,176],"tags":[93,217],"class_list":["post-8121","post","type-post","status-publish","format-standard","hentry","category-infantil","category-infantil-2","tag-educacio-infantil","tag-sortida"],"post_mailing_queue_ids":[],"_links":{"self":[{"href":"https:\/\/agora.xtec.cat\/escolaelsplanells\/wp-json\/wp\/v2\/posts\/8121","targetHints":{"allow":["GET"]}}],"collection":[{"href":"https:\/\/agora.xtec.cat\/escolaelsplanells\/wp-json\/wp\/v2\/posts"}],"about":[{"href":"https:\/\/agora.xtec.cat\/escolaelsplanells\/wp-json\/wp\/v2\/types\/post"}],"author":[{"embeddable":true,"href":"https:\/\/agora.xtec.cat\/escolaelsplanells\/wp-json\/wp\/v2\/users\/4"}],"replies":[{"embeddable":true,"href":"https:\/\/agora.xtec.cat\/escolaelsplanells\/wp-json\/wp\/v2\/comments?post=8121"}],"version-history":[{"count":3,"href":"https:\/\/agora.xtec.cat\/escolaelsplanells\/wp-json\/wp\/v2\/posts\/8121\/revisions"}],"predecessor-version":[{"id":8137,"href":"https:\/\/agora.xtec.cat\/escolaelsplanells\/wp-json\/wp\/v2\/posts\/8121\/revisions\/8137"}],"wp:attachment":[{"href":"https:\/\/agora.xtec.cat\/escolaelsplanells\/wp-json\/wp\/v2\/media?parent=8121"}],"wp:term":[{"taxonomy":"category","embeddable":true,"href":"https:\/\/agora.xtec.cat\/escolaelsplanells\/wp-json\/wp\/v2\/categories?post=8121"},{"taxonomy":"post_tag","embeddable":true,"href":"https:\/\/agora.xtec.cat\/escolaelsplanells\/wp-json\/wp\/v2\/tags?post=8121"}],"curies":[{"name":"wp","href":"https:\/\/api.w.org\/{rel}","templated":true}]}}