{"id":8046,"date":"2023-11-02T09:57:35","date_gmt":"2023-11-02T08:57:35","guid":{"rendered":"https:\/\/agora.xtec.cat\/escolaelsplanells\/?p=8046"},"modified":"2023-11-02T09:57:35","modified_gmt":"2023-11-02T08:57:35","slug":"renovacio-del-consell-escolar","status":"publish","type":"post","link":"https:\/\/agora.xtec.cat\/escolaelsplanells\/portada\/renovacio-del-consell-escolar\/","title":{"rendered":"RENOVACI\u00d3 DEL CONSELL ESCOLAR"},"content":{"rendered":"<div><span style=\"font-size: large;\"><b>SI VOLS FER LA TEVA ESCOLA, VOTA.<\/b><\/span><\/div>\n<div>\u00a0<a href=\"https:\/\/agora.xtec.cat\/escolaelsplanells\/wp-content\/uploads\/usu303\/2023\/11\/image-1.png\"><img loading=\"lazy\" decoding=\"async\" class=\"wp-image-8049 aligncenter\" src=\"https:\/\/agora.xtec.cat\/escolaelsplanells\/wp-content\/uploads\/usu303\/2023\/11\/image-1-1024x952.png\" alt=\"\" width=\"185\" height=\"172\" srcset=\"https:\/\/agora.xtec.cat\/escolaelsplanells\/wp-content\/uploads\/usu303\/2023\/11\/image-1-1024x952.png 1024w, https:\/\/agora.xtec.cat\/escolaelsplanells\/wp-content\/uploads\/usu303\/2023\/11\/image-1-300x279.png 300w, https:\/\/agora.xtec.cat\/escolaelsplanells\/wp-content\/uploads\/usu303\/2023\/11\/image-1-768x714.png 768w, https:\/\/agora.xtec.cat\/escolaelsplanells\/wp-content\/uploads\/usu303\/2023\/11\/image-1.png 1051w\" sizes=\"auto, (max-width: 185px) 100vw, 185px\" \/><\/a><\/div>\n<div><\/div>\n<div><\/div>\n<div>Les fam\u00edlies podeu participar de dues maneres diferents en les<b>\u00a0eleccions del\u00a0consell\u00a0escolar<\/b>:<\/div>\n<div>\n<ul>\n<li>\u00a0Presentar-vos com a candidats o candidates per representar les fam\u00edlies al\u00a0consell\u00a0escolar.<\/li>\n<li>Participant el dia que el centre convoqui les eleccions votant les candidatures que considereu m\u00e9s representatives\u00a0<b>(dimarts 21 de novembre de 15h a 17.30h)<\/b><\/li>\n<\/ul>\n<\/div>\n<div><\/div>\n<div>Quan les fam\u00edlies participeu en les eleccions, doneu suport al vostre candidat o candidata i hi delegueu la vostra veu i vot. Aix\u00ed feu arribar les vostres opinions i aportacions. Per tant,\u00a0<b>\u00e9s important que participeu en les eleccions al\u00a0consell\u00a0escolar<\/b>\u00a0pels motius seg\u00fcents:<\/div>\n<div>\n<ol>\n<li>Sou els responsables de la formaci\u00f3 dels vostres fills i filles i \u00e9s important tenir una bona representaci\u00f3 al\u00a0consell\u00a0escolar que us informi i faci arribar la vostra veu.<\/li>\n<li>Les fam\u00edlies i els equips de docents compartim un mateix objectiu: l&#8217;\u00e8xit acad\u00e8mic, social i personal dels fills i filles. Per aix\u00f2 hem de ser capa\u00e7os de treballar de manera conjunta i decidir a qu\u00e8 ens comprometem per aconseguir-ho.<\/li>\n<li>Les fam\u00edlies teniu el dret a participar de manera democr\u00e0tica en l&#8217;organitzaci\u00f3 del centre. Aquesta \u00e9s una manera de valorar l&#8217;escola i tamb\u00e9 contribu\u00efu que el vostre fill o filla la valori.<\/li>\n<li>L&#8217;\u00e8xit educatiu del vostre fill o filla tamb\u00e9 dep\u00e8n del funcionament i el clima de centre. Implicar-vos en el seguiment i l&#8217;avaluaci\u00f3 d&#8217;aquest funcionament \u00e9s implicar-vos en el seu desenvolupament i creixement personal.<\/li>\n<li>\u00c9s la manera de fer arribar la vostra veu en temes que us poden preocupar, com activitats extraescolars o l&#8217;alimentaci\u00f3 en el menjador escolar.<\/li>\n<li>\u00c9s important tenir una escola oberta a l&#8217;entorn, que col\u00b7labori amb els altres centres i les diferents entitats i que entre tots puguem fer del nostre poble, un entorn m\u00e9s educatiu i cohesionat. El\u00a0consell\u00a0escolar decideix quines han de ser aquestes relacions.<\/li>\n<\/ol>\n<div>El mandat dura 4 anys. Es renoven per meitat cada 2 anys.<\/div>\n<div>Gr\u00e0cies.<\/div>\n<\/div>\n<div><\/div>\n<div><\/div>\n<div><a href=\"https:\/\/agora.xtec.cat\/escolaelsplanells\/wp-content\/uploads\/usu303\/2023\/11\/27.10.2023_25000638_DIFUSIO-FAMILIES-PROCES-ELECTORAL.pdf\"><img loading=\"lazy\" decoding=\"async\" class=\"wp-image-8048 aligncenter\" src=\"https:\/\/agora.xtec.cat\/escolaelsplanells\/wp-content\/uploads\/usu303\/2023\/11\/CE.png\" alt=\"\" width=\"303\" height=\"409\" srcset=\"https:\/\/agora.xtec.cat\/escolaelsplanells\/wp-content\/uploads\/usu303\/2023\/11\/CE.png 551w, https:\/\/agora.xtec.cat\/escolaelsplanells\/wp-content\/uploads\/usu303\/2023\/11\/CE-222x300.png 222w\" sizes=\"auto, (max-width: 303px) 100vw, 303px\" \/><\/a><\/div>\n","protected":false},"excerpt":{"rendered":"<p>SI VOLS FER LA TEVA ESCOLA, VOTA. \u00a0 Les fam\u00edlies podeu participar de dues maneres diferents en les\u00a0eleccions del\u00a0consell\u00a0escolar: \u00a0Presentar-vos com a candidats o candidates per representar les fam\u00edlies al\u00a0consell\u00a0escolar. Participant el dia que el centre convoqui les eleccions votant les candidatures que considereu m\u00e9s representatives\u00a0(dimarts 21 de novembre de 15h a 17.30h) Quan les [&hellip;]<\/p>\n","protected":false},"author":1,"featured_media":0,"comment_status":"open","ping_status":"closed","sticky":false,"template":"","format":"standard","meta":{"_bbp_topic_count":0,"_bbp_reply_count":0,"_bbp_total_topic_count":0,"_bbp_total_reply_count":0,"_bbp_voice_count":0,"_bbp_anonymous_reply_count":0,"_bbp_topic_count_hidden":0,"_bbp_reply_count_hidden":0,"_bbp_forum_subforum_count":0,"site-sidebar-layout":"default","site-content-layout":"","ast-site-content-layout":"","site-content-style":"default","site-sidebar-style":"default","ast-global-header-display":"","ast-banner-title-visibility":"","ast-main-header-display":"","ast-hfb-above-header-display":"","ast-hfb-below-header-display":"","ast-hfb-mobile-header-display":"","site-post-title":"","ast-breadcrumbs-content":"","ast-featured-img":"","footer-sml-layout":"","theme-transparent-header-meta":"","adv-header-id-meta":"","stick-header-meta":"","header-above-stick-meta":"","header-main-stick-meta":"","header-below-stick-meta":"","astra-migrate-meta-layouts":"default","ast-page-background-enabled":"default","ast-page-background-meta":{"desktop":{"background-color":"var(--ast-global-color-4)","background-image":"","background-repeat":"repeat","background-position":"center center","background-size":"auto","background-attachment":"scroll","background-type":"","background-media":"","overlay-type":"","overlay-color":"","overlay-opacity":"","overlay-gradient":""},"tablet":{"background-color":"","background-image":"","background-repeat":"repeat","background-position":"center center","background-size":"auto","background-attachment":"scroll","background-type":"","background-media":"","overlay-type":"","overlay-color":"","overlay-opacity":"","overlay-gradient":""},"mobile":{"background-color":"","background-image":"","background-repeat":"repeat","background-position":"center center","background-size":"auto","background-attachment":"scroll","background-type":"","background-media":"","overlay-type":"","overlay-color":"","overlay-opacity":"","overlay-gradient":""}},"ast-content-background-meta":{"desktop":{"background-color":"var(--ast-global-color-5)","background-image":"","background-repeat":"repeat","background-position":"center center","background-size":"auto","background-attachment":"scroll","background-type":"","background-media":"","overlay-type":"","overlay-color":"","overlay-opacity":"","overlay-gradient":""},"tablet":{"background-color":"var(--ast-global-color-5)","background-image":"","background-repeat":"repeat","background-position":"center center","background-size":"auto","background-attachment":"scroll","background-type":"","background-media":"","overlay-type":"","overlay-color":"","overlay-opacity":"","overlay-gradient":""},"mobile":{"background-color":"var(--ast-global-color-5)","background-image":"","background-repeat":"repeat","background-position":"center center","background-size":"auto","background-attachment":"scroll","background-type":"","background-media":"","overlay-type":"","overlay-color":"","overlay-opacity":"","overlay-gradient":""}},"footnotes":""},"categories":[4],"tags":[],"class_list":["post-8046","post","type-post","status-publish","format-standard","hentry","category-portada"],"post_mailing_queue_ids":[],"_links":{"self":[{"href":"https:\/\/agora.xtec.cat\/escolaelsplanells\/wp-json\/wp\/v2\/posts\/8046","targetHints":{"allow":["GET"]}}],"collection":[{"href":"https:\/\/agora.xtec.cat\/escolaelsplanells\/wp-json\/wp\/v2\/posts"}],"about":[{"href":"https:\/\/agora.xtec.cat\/escolaelsplanells\/wp-json\/wp\/v2\/types\/post"}],"author":[{"embeddable":true,"href":"https:\/\/agora.xtec.cat\/escolaelsplanells\/wp-json\/wp\/v2\/users\/1"}],"replies":[{"embeddable":true,"href":"https:\/\/agora.xtec.cat\/escolaelsplanells\/wp-json\/wp\/v2\/comments?post=8046"}],"version-history":[{"count":1,"href":"https:\/\/agora.xtec.cat\/escolaelsplanells\/wp-json\/wp\/v2\/posts\/8046\/revisions"}],"predecessor-version":[{"id":8050,"href":"https:\/\/agora.xtec.cat\/escolaelsplanells\/wp-json\/wp\/v2\/posts\/8046\/revisions\/8050"}],"wp:attachment":[{"href":"https:\/\/agora.xtec.cat\/escolaelsplanells\/wp-json\/wp\/v2\/media?parent=8046"}],"wp:term":[{"taxonomy":"category","embeddable":true,"href":"https:\/\/agora.xtec.cat\/escolaelsplanells\/wp-json\/wp\/v2\/categories?post=8046"},{"taxonomy":"post_tag","embeddable":true,"href":"https:\/\/agora.xtec.cat\/escolaelsplanells\/wp-json\/wp\/v2\/tags?post=8046"}],"curies":[{"name":"wp","href":"https:\/\/api.w.org\/{rel}","templated":true}]}}