{"id":4581,"date":"2025-03-12T14:56:05","date_gmt":"2025-03-12T13:56:05","guid":{"rendered":"https:\/\/agora.xtec.cat\/escolaelsminairons\/?p=4581"},"modified":"2025-03-12T14:56:05","modified_gmt":"2025-03-12T13:56:05","slug":"preinscripcions-1r-i-2n-cicle-deducacio-infantil-i-primaria","status":"publish","type":"post","link":"https:\/\/agora.xtec.cat\/escolaelsminairons\/general\/preinscripcions-1r-i-2n-cicle-deducacio-infantil-i-primaria\/","title":{"rendered":"PREINSCRIPCIONS 1r i 2n CICLE d\u2019educaci\u00f3 INFANTIL i PRIM\u00c0RIA"},"content":{"rendered":"<p>Benvolgudes fam\u00edlies!<\/p>\n<p>Us comuniquem que a partir d\u2019avui, dia<strong> 12 de mar\u00e7, <\/strong>s\u2019inicia el per\u00edode de preinscripci\u00f3 per a noves incorporacions\u00a0per als\u00a0<strong>ensenyaments de 1r i 2n cicle d\u2019Educaci\u00f3 Infantil i Prim\u00e0ria <\/strong>de cara al proper curs 2025-2026<strong>.<\/strong>\u00a0El per\u00edode finalitza el<strong> 26 mar\u00e7<\/strong><strong> de 2025.<\/strong><\/p>\n<div style=\"width: 100%;\">\n<div style=\"position: relative; padding-bottom: 56.25%; padding-top: 0; height: 0;\"><iframe loading=\"lazy\" title=\"preinscripci\u00f3 escolar\" frameborder=\"0\" width=\"1200\" height=\"675\" style=\"position: absolute; top: 0; left: 0; width: 100%; height: 100%;\" src=\"https:\/\/view.genially.com\/67d13c71675cbd88a5fe3269\" type=\"text\/html\" allowscriptaccess=\"always\" allowfullscreen=\"true\" scrolling=\"yes\" allownetworking=\"all\"><\/iframe> <\/div>\n<\/p><\/div>\n<p>&nbsp;<\/p>\n<p><a href=\"https:\/\/agora.xtec.cat\/escolaelsminairons\/wp-content\/uploads\/usu11\/2025\/03\/Cartell-Preinscripcio-curs25-26.png\"><img loading=\"lazy\" decoding=\"async\" class=\"alignnone size-large wp-image-4582\" src=\"https:\/\/agora.xtec.cat\/escolaelsminairons\/wp-content\/uploads\/usu11\/2025\/03\/Cartell-Preinscripcio-curs25-26-1024x1024.png\" alt=\"\" width=\"1024\" height=\"1024\" srcset=\"https:\/\/agora.xtec.cat\/escolaelsminairons\/wp-content\/uploads\/usu11\/2025\/03\/Cartell-Preinscripcio-curs25-26-1024x1024.png 1024w, https:\/\/agora.xtec.cat\/escolaelsminairons\/wp-content\/uploads\/usu11\/2025\/03\/Cartell-Preinscripcio-curs25-26-300x300.png 300w, https:\/\/agora.xtec.cat\/escolaelsminairons\/wp-content\/uploads\/usu11\/2025\/03\/Cartell-Preinscripcio-curs25-26-150x150.png 150w, https:\/\/agora.xtec.cat\/escolaelsminairons\/wp-content\/uploads\/usu11\/2025\/03\/Cartell-Preinscripcio-curs25-26-768x768.png 768w, https:\/\/agora.xtec.cat\/escolaelsminairons\/wp-content\/uploads\/usu11\/2025\/03\/Cartell-Preinscripcio-curs25-26.png 1080w\" sizes=\"auto, (max-width: 1024px) 100vw, 1024px\" \/><\/a><\/p>\n","protected":false},"excerpt":{"rendered":"<p>Benvolgudes fam\u00edlies! Us comuniquem que a partir d\u2019avui, dia 12 de mar\u00e7, s\u2019inicia el per\u00edode de preinscripci\u00f3 per a noves incorporacions\u00a0per als\u00a0ensenyaments de 1r i 2n cicle d\u2019Educaci\u00f3 Infantil i Prim\u00e0ria de cara al proper curs 2025-2026.\u00a0El per\u00edode finalitza el 26 mar\u00e7 de 2025. &nbsp;<\/p>\n","protected":false},"author":1,"featured_media":0,"comment_status":"open","ping_status":"closed","sticky":false,"template":"","format":"standard","meta":{"_bbp_topic_count":0,"_bbp_reply_count":0,"_bbp_total_topic_count":0,"_bbp_total_reply_count":0,"_bbp_voice_count":0,"_bbp_anonymous_reply_count":0,"_bbp_topic_count_hidden":0,"_bbp_reply_count_hidden":0,"_bbp_forum_subforum_count":0,"site-sidebar-layout":"default","site-content-layout":"","ast-site-content-layout":"","site-content-style":"default","site-sidebar-style":"default","ast-global-header-display":"","ast-banner-title-visibility":"","ast-main-header-display":"","ast-hfb-above-header-display":"","ast-hfb-below-header-display":"","ast-hfb-mobile-header-display":"","site-post-title":"","ast-breadcrumbs-content":"","ast-featured-img":"","footer-sml-layout":"","theme-transparent-header-meta":"","adv-header-id-meta":"","stick-header-meta":"","header-above-stick-meta":"","header-main-stick-meta":"","header-below-stick-meta":"","astra-migrate-meta-layouts":"default","ast-page-background-enabled":"default","ast-page-background-meta":{"desktop":{"background-color":"var(--ast-global-color-4)","background-image":"","background-repeat":"repeat","background-position":"center center","background-size":"auto","background-attachment":"scroll","background-type":"","background-media":"","overlay-type":"","overlay-color":"","overlay-opacity":"","overlay-gradient":""},"tablet":{"background-color":"","background-image":"","background-repeat":"repeat","background-position":"center center","background-size":"auto","background-attachment":"scroll","background-type":"","background-media":"","overlay-type":"","overlay-color":"","overlay-opacity":"","overlay-gradient":""},"mobile":{"background-color":"","background-image":"","background-repeat":"repeat","background-position":"center center","background-size":"auto","background-attachment":"scroll","background-type":"","background-media":"","overlay-type":"","overlay-color":"","overlay-opacity":"","overlay-gradient":""}},"ast-content-background-meta":{"desktop":{"background-color":"var(--ast-global-color-5)","background-image":"","background-repeat":"repeat","background-position":"center center","background-size":"auto","background-attachment":"scroll","background-type":"","background-media":"","overlay-type":"","overlay-color":"","overlay-opacity":"","overlay-gradient":""},"tablet":{"background-color":"var(--ast-global-color-5)","background-image":"","background-repeat":"repeat","background-position":"center center","background-size":"auto","background-attachment":"scroll","background-type":"","background-media":"","overlay-type":"","overlay-color":"","overlay-opacity":"","overlay-gradient":""},"mobile":{"background-color":"var(--ast-global-color-5)","background-image":"","background-repeat":"repeat","background-position":"center center","background-size":"auto","background-attachment":"scroll","background-type":"","background-media":"","overlay-type":"","overlay-color":"","overlay-opacity":"","overlay-gradient":""}},"footnotes":""},"categories":[1,747,748,749],"tags":[752,751,810,750],"class_list":["post-4581","post","type-post","status-publish","format-standard","hentry","category-general","category-llar-dinfants","category-p1","category-p2","tag-llar-infants","tag-llar-infants-minairons","tag-noves-incorporacions","tag-preinscripcio-1r-cicle-educacio-infantil"],"post_mailing_queue_ids":[],"_links":{"self":[{"href":"https:\/\/agora.xtec.cat\/escolaelsminairons\/wp-json\/wp\/v2\/posts\/4581","targetHints":{"allow":["GET"]}}],"collection":[{"href":"https:\/\/agora.xtec.cat\/escolaelsminairons\/wp-json\/wp\/v2\/posts"}],"about":[{"href":"https:\/\/agora.xtec.cat\/escolaelsminairons\/wp-json\/wp\/v2\/types\/post"}],"author":[{"embeddable":true,"href":"https:\/\/agora.xtec.cat\/escolaelsminairons\/wp-json\/wp\/v2\/users\/1"}],"replies":[{"embeddable":true,"href":"https:\/\/agora.xtec.cat\/escolaelsminairons\/wp-json\/wp\/v2\/comments?post=4581"}],"version-history":[{"count":3,"href":"https:\/\/agora.xtec.cat\/escolaelsminairons\/wp-json\/wp\/v2\/posts\/4581\/revisions"}],"predecessor-version":[{"id":4585,"href":"https:\/\/agora.xtec.cat\/escolaelsminairons\/wp-json\/wp\/v2\/posts\/4581\/revisions\/4585"}],"wp:attachment":[{"href":"https:\/\/agora.xtec.cat\/escolaelsminairons\/wp-json\/wp\/v2\/media?parent=4581"}],"wp:term":[{"taxonomy":"category","embeddable":true,"href":"https:\/\/agora.xtec.cat\/escolaelsminairons\/wp-json\/wp\/v2\/categories?post=4581"},{"taxonomy":"post_tag","embeddable":true,"href":"https:\/\/agora.xtec.cat\/escolaelsminairons\/wp-json\/wp\/v2\/tags?post=4581"}],"curies":[{"name":"wp","href":"https:\/\/api.w.org\/{rel}","templated":true}]}}