{"id":4854,"date":"2026-02-02T12:27:01","date_gmt":"2026-02-02T11:27:01","guid":{"rendered":"https:\/\/agora.xtec.cat\/escolaelsegria\/?p=4854"},"modified":"2026-02-02T12:27:01","modified_gmt":"2026-02-02T11:27:01","slug":"celebrem-el-dia-escolar-de-la-no-violencia-i-la-pau","status":"publish","type":"post","link":"https:\/\/agora.xtec.cat\/escolaelsegria\/general\/celebrem-el-dia-escolar-de-la-no-violencia-i-la-pau\/","title":{"rendered":"Celebrem el Dia Escolar de la No-viol\u00e8ncia i la Pau"},"content":{"rendered":"<p><a href=\"https:\/\/agora.xtec.cat\/escolaelsegria\/wp-content\/uploads\/usu1855\/2026\/02\/DIA-ESCOLAR-DE-LA-NOVIOLENCIA.jpg\"><img loading=\"lazy\" decoding=\"async\" class=\"wp-image-4855 aligncenter\" src=\"https:\/\/agora.xtec.cat\/escolaelsegria\/wp-content\/uploads\/usu1855\/2026\/02\/DIA-ESCOLAR-DE-LA-NOVIOLENCIA.jpg\" alt=\"\" width=\"166\" height=\"235\" srcset=\"https:\/\/agora.xtec.cat\/escolaelsegria\/wp-content\/uploads\/usu1855\/2026\/02\/DIA-ESCOLAR-DE-LA-NOVIOLENCIA.jpg 1587w, https:\/\/agora.xtec.cat\/escolaelsegria\/wp-content\/uploads\/usu1855\/2026\/02\/DIA-ESCOLAR-DE-LA-NOVIOLENCIA-212x300.jpg 212w, https:\/\/agora.xtec.cat\/escolaelsegria\/wp-content\/uploads\/usu1855\/2026\/02\/DIA-ESCOLAR-DE-LA-NOVIOLENCIA-724x1024.jpg 724w, https:\/\/agora.xtec.cat\/escolaelsegria\/wp-content\/uploads\/usu1855\/2026\/02\/DIA-ESCOLAR-DE-LA-NOVIOLENCIA-768x1086.jpg 768w, https:\/\/agora.xtec.cat\/escolaelsegria\/wp-content\/uploads\/usu1855\/2026\/02\/DIA-ESCOLAR-DE-LA-NOVIOLENCIA-1086x1536.jpg 1086w, https:\/\/agora.xtec.cat\/escolaelsegria\/wp-content\/uploads\/usu1855\/2026\/02\/DIA-ESCOLAR-DE-LA-NOVIOLENCIA-1448x2048.jpg 1448w\" sizes=\"auto, (max-width: 166px) 100vw, 166px\" \/><\/a>El passat <strong data-start=\"160\" data-end=\"185\">divendres 30 de gener<\/strong>, a l\u2019escola vam celebrar el <strong data-start=\"214\" data-end=\"257\">Dia Escolar de la No-viol\u00e8ncia i la Pau<\/strong> amb una jornada plena de significat, conviv\u00e8ncia i aprenentatges compartits.<\/p>\n<p data-start=\"336\" data-end=\"790\">La celebraci\u00f3 va comen\u00e7ar amb una activitat molt especial: <strong data-start=\"395\" data-end=\"420\">l\u2019apadrinament lector<\/strong>. Padrins i padrines van compartir amb els seus fillols i filloles el conte <em data-start=\"496\" data-end=\"518\">\u201cL\u2019homenet de paper\u201d<\/em>, una hist\u00f2ria que ens convida a reflexionar sobre com es pot transmetre esperan\u00e7a i alegria als altres, tot observant les accions humanes amb els ulls de la solidaritat. Va ser un moment emotiu i enriquidor, que va refor\u00e7ar els vincles entre l\u2019alumnat de diferents edats.<\/p>\n<p data-start=\"792\" data-end=\"1012\">Tot seguit, els padrins i padrines van ajudar els m\u00e9s petits a realitzar una <strong data-start=\"869\" data-end=\"883\">manualitat<\/strong>, el resultat de la qual va quedar genial i que ara decora les escales de l\u2019escola, omplint-les de color i de missatges positius.<\/p>\n<p data-start=\"1014\" data-end=\"1361\">Per acabar la jornada, <strong data-start=\"1037\" data-end=\"1077\">tot l\u2019alumnat es va reunir a la sala<\/strong>. Els nens i nenes de <strong data-start=\"1099\" data-end=\"1105\">6\u00e8<\/strong> van llegir un <strong data-start=\"1120\" data-end=\"1155\">fant\u00e0stic manifest sobre la Pau<\/strong>, que va fer reflexionar a tothom. Finalment, vam cantar i ballar tots junts, en rotllana, la can\u00e7\u00f3 <strong data-start=\"1255\" data-end=\"1285\">\u201cVict\u00f2ria\u201d del grup Petaca<\/strong>, que l\u2019alumnat havia estat preparant amb molta il\u00b7lusi\u00f3 a l\u2019\u00e0rea de M\u00fasica.<\/p>\n<p data-start=\"1363\" data-end=\"1564\">Va ser un <strong data-start=\"1373\" data-end=\"1395\">dia molt productiu<\/strong>, viscut amb entusiasme i respecte, en qu\u00e8 vam posar en valor la import\u00e0ncia de la Pau, la solidaritat i la conviv\u00e8ncia, pilars fonamentals del nostre projecte educatiu.<\/p>\n<p data-start=\"1363\" data-end=\"1564\"><a href=\"https:\/\/drive.google.com\/drive\/folders\/1cCvght1OxtBpeu__s_3Gcwy6JW1zfNAp?usp=sharing\">IMATGES.<\/a><\/p>\n<p data-start=\"1363\" data-end=\"1564\">\n","protected":false},"excerpt":{"rendered":"<p>El passat divendres 30 de gener, a l\u2019escola vam celebrar el Dia Escolar de la No-viol\u00e8ncia i la Pau amb una jornada plena de significat, conviv\u00e8ncia i aprenentatges compartits. La celebraci\u00f3 va comen\u00e7ar amb una activitat molt especial: l\u2019apadrinament lector. Padrins i padrines van compartir amb els seus fillols i filloles el conte \u201cL\u2019homenet de [&hellip;]<\/p>\n","protected":false},"author":1,"featured_media":4855,"comment_status":"open","ping_status":"open","sticky":false,"template":"","format":"standard","meta":{"_bbp_topic_count":0,"_bbp_reply_count":0,"_bbp_total_topic_count":0,"_bbp_total_reply_count":0,"_bbp_voice_count":0,"_bbp_anonymous_reply_count":0,"_bbp_topic_count_hidden":0,"_bbp_reply_count_hidden":0,"_bbp_forum_subforum_count":0,"site-sidebar-layout":"default","site-content-layout":"","ast-site-content-layout":"default","site-content-style":"default","site-sidebar-style":"default","ast-global-header-display":"","ast-banner-title-visibility":"","ast-main-header-display":"","ast-hfb-above-header-display":"","ast-hfb-below-header-display":"","ast-hfb-mobile-header-display":"","site-post-title":"","ast-breadcrumbs-content":"","ast-featured-img":"","footer-sml-layout":"","theme-transparent-header-meta":"default","adv-header-id-meta":"","stick-header-meta":"","header-above-stick-meta":"","header-main-stick-meta":"","header-below-stick-meta":"","astra-migrate-meta-layouts":"set","ast-page-background-enabled":"default","ast-page-background-meta":{"desktop":{"background-color":"var(--ast-global-color-4)","background-image":"","background-repeat":"repeat","background-position":"center center","background-size":"auto","background-attachment":"scroll","background-type":"","background-media":"","overlay-type":"","overlay-color":"","overlay-opacity":"","overlay-gradient":""},"tablet":{"background-color":"","background-image":"","background-repeat":"repeat","background-position":"center center","background-size":"auto","background-attachment":"scroll","background-type":"","background-media":"","overlay-type":"","overlay-color":"","overlay-opacity":"","overlay-gradient":""},"mobile":{"background-color":"","background-image":"","background-repeat":"repeat","background-position":"center center","background-size":"auto","background-attachment":"scroll","background-type":"","background-media":"","overlay-type":"","overlay-color":"","overlay-opacity":"","overlay-gradient":""}},"ast-content-background-meta":{"desktop":{"background-color":"var(--ast-global-color-5)","background-image":"","background-repeat":"repeat","background-position":"center center","background-size":"auto","background-attachment":"scroll","background-type":"","background-media":"","overlay-type":"","overlay-color":"","overlay-opacity":"","overlay-gradient":""},"tablet":{"background-color":"var(--ast-global-color-5)","background-image":"","background-repeat":"repeat","background-position":"center center","background-size":"auto","background-attachment":"scroll","background-type":"","background-media":"","overlay-type":"","overlay-color":"","overlay-opacity":"","overlay-gradient":""},"mobile":{"background-color":"var(--ast-global-color-5)","background-image":"","background-repeat":"repeat","background-position":"center center","background-size":"auto","background-attachment":"scroll","background-type":"","background-media":"","overlay-type":"","overlay-color":"","overlay-opacity":"","overlay-gradient":""}},"footnotes":""},"categories":[10,68,66,1,3,74,75,4,5],"tags":[],"class_list":["post-4854","post","type-post","status-publish","format-standard","has-post-thumbnail","hentry","category-cicle-inicial","category-cicle-mitja","category-cicle-superior","category-general","category-i3","category-https-agora-xtec-cat-escolaelsegria-i4-i5","category-https-agora-xtec-cat-escolaelsegria-infantil","category-portada","category-primaria"],"post_mailing_queue_ids":[],"_links":{"self":[{"href":"https:\/\/agora.xtec.cat\/escolaelsegria\/wp-json\/wp\/v2\/posts\/4854","targetHints":{"allow":["GET"]}}],"collection":[{"href":"https:\/\/agora.xtec.cat\/escolaelsegria\/wp-json\/wp\/v2\/posts"}],"about":[{"href":"https:\/\/agora.xtec.cat\/escolaelsegria\/wp-json\/wp\/v2\/types\/post"}],"author":[{"embeddable":true,"href":"https:\/\/agora.xtec.cat\/escolaelsegria\/wp-json\/wp\/v2\/users\/1"}],"replies":[{"embeddable":true,"href":"https:\/\/agora.xtec.cat\/escolaelsegria\/wp-json\/wp\/v2\/comments?post=4854"}],"version-history":[{"count":2,"href":"https:\/\/agora.xtec.cat\/escolaelsegria\/wp-json\/wp\/v2\/posts\/4854\/revisions"}],"predecessor-version":[{"id":4857,"href":"https:\/\/agora.xtec.cat\/escolaelsegria\/wp-json\/wp\/v2\/posts\/4854\/revisions\/4857"}],"wp:featuredmedia":[{"embeddable":true,"href":"https:\/\/agora.xtec.cat\/escolaelsegria\/wp-json\/wp\/v2\/media\/4855"}],"wp:attachment":[{"href":"https:\/\/agora.xtec.cat\/escolaelsegria\/wp-json\/wp\/v2\/media?parent=4854"}],"wp:term":[{"taxonomy":"category","embeddable":true,"href":"https:\/\/agora.xtec.cat\/escolaelsegria\/wp-json\/wp\/v2\/categories?post=4854"},{"taxonomy":"post_tag","embeddable":true,"href":"https:\/\/agora.xtec.cat\/escolaelsegria\/wp-json\/wp\/v2\/tags?post=4854"}],"curies":[{"name":"wp","href":"https:\/\/api.w.org\/{rel}","templated":true}]}}