{"id":3997,"date":"2025-02-11T08:37:09","date_gmt":"2025-02-11T07:37:09","guid":{"rendered":"https:\/\/agora.xtec.cat\/escolaelsegria\/?p=3997"},"modified":"2025-02-11T08:37:09","modified_gmt":"2025-02-11T07:37:09","slug":"dia-internacional-de-les-dones-i-les-nenes-en-la-ciencia","status":"publish","type":"post","link":"https:\/\/agora.xtec.cat\/escolaelsegria\/general\/dia-internacional-de-les-dones-i-les-nenes-en-la-ciencia\/","title":{"rendered":"Dia Internacional de les Dones i les nenes en la ci\u00e8ncia"},"content":{"rendered":"<p>&nbsp;<\/p>\n<p><a href=\"https:\/\/agora.xtec.cat\/escolaelsegria\/wp-content\/uploads\/usu1855\/2025\/02\/DIA-INTERNACIONAL-DE-LES-DONES-I-LES-NENES-EN-LA-CIENCIA-2.jpg\"><img loading=\"lazy\" decoding=\"async\" class=\"alignnone wp-image-3998\" src=\"https:\/\/agora.xtec.cat\/escolaelsegria\/wp-content\/uploads\/usu1855\/2025\/02\/DIA-INTERNACIONAL-DE-LES-DONES-I-LES-NENES-EN-LA-CIENCIA-2-212x300.jpg\" alt=\"\" width=\"280\" height=\"396\" srcset=\"https:\/\/agora.xtec.cat\/escolaelsegria\/wp-content\/uploads\/usu1855\/2025\/02\/DIA-INTERNACIONAL-DE-LES-DONES-I-LES-NENES-EN-LA-CIENCIA-2-212x300.jpg 212w, https:\/\/agora.xtec.cat\/escolaelsegria\/wp-content\/uploads\/usu1855\/2025\/02\/DIA-INTERNACIONAL-DE-LES-DONES-I-LES-NENES-EN-LA-CIENCIA-2-724x1024.jpg 724w, https:\/\/agora.xtec.cat\/escolaelsegria\/wp-content\/uploads\/usu1855\/2025\/02\/DIA-INTERNACIONAL-DE-LES-DONES-I-LES-NENES-EN-LA-CIENCIA-2-768x1086.jpg 768w, https:\/\/agora.xtec.cat\/escolaelsegria\/wp-content\/uploads\/usu1855\/2025\/02\/DIA-INTERNACIONAL-DE-LES-DONES-I-LES-NENES-EN-LA-CIENCIA-2-1086x1536.jpg 1086w, https:\/\/agora.xtec.cat\/escolaelsegria\/wp-content\/uploads\/usu1855\/2025\/02\/DIA-INTERNACIONAL-DE-LES-DONES-I-LES-NENES-EN-LA-CIENCIA-2-1448x2048.jpg 1448w, https:\/\/agora.xtec.cat\/escolaelsegria\/wp-content\/uploads\/usu1855\/2025\/02\/DIA-INTERNACIONAL-DE-LES-DONES-I-LES-NENES-EN-LA-CIENCIA-2.jpg 1587w\" sizes=\"auto, (max-width: 280px) 100vw, 280px\" \/><\/a><\/p>\n<p>Avui, 11 de febrer, \u00e9s el Dia internacional de les Dones i les nenes en la ci\u00e8ncia i aprofitem per dir-vos que, el proper dimecres 19 de febrer, ens visitaran a l&#8217;escola dues cient\u00edfiques. L&#8217;alumnat de Cicle Mitj\u00e0 i Superior faran una sessi\u00f3 amb elles i podrem aprendre moltes m\u00e9s coses sobre la ci\u00e8ncia i la igualtat de g\u00e8nere (ODS 5). #STEAMcat<\/p>\n<p>&nbsp;<\/p>\n","protected":false},"excerpt":{"rendered":"<p>&nbsp; Avui, 11 de febrer, \u00e9s el Dia internacional de les Dones i les nenes en la ci\u00e8ncia i aprofitem per dir-vos que, el proper dimecres 19 de febrer, ens visitaran a l&#8217;escola dues cient\u00edfiques. L&#8217;alumnat de Cicle Mitj\u00e0 i Superior faran una sessi\u00f3 amb elles i podrem aprendre moltes m\u00e9s coses sobre la ci\u00e8ncia [&hellip;]<\/p>\n","protected":false},"author":1,"featured_media":0,"comment_status":"open","ping_status":"closed","sticky":false,"template":"","format":"standard","meta":{"_bbp_topic_count":0,"_bbp_reply_count":0,"_bbp_total_topic_count":0,"_bbp_total_reply_count":0,"_bbp_voice_count":0,"_bbp_anonymous_reply_count":0,"_bbp_topic_count_hidden":0,"_bbp_reply_count_hidden":0,"_bbp_forum_subforum_count":0,"site-sidebar-layout":"default","site-content-layout":"","ast-site-content-layout":"","site-content-style":"default","site-sidebar-style":"default","ast-global-header-display":"","ast-banner-title-visibility":"","ast-main-header-display":"","ast-hfb-above-header-display":"","ast-hfb-below-header-display":"","ast-hfb-mobile-header-display":"","site-post-title":"","ast-breadcrumbs-content":"","ast-featured-img":"","footer-sml-layout":"","theme-transparent-header-meta":"","adv-header-id-meta":"","stick-header-meta":"","header-above-stick-meta":"","header-main-stick-meta":"","header-below-stick-meta":"","astra-migrate-meta-layouts":"default","ast-page-background-enabled":"default","ast-page-background-meta":{"desktop":{"background-color":"var(--ast-global-color-4)","background-image":"","background-repeat":"repeat","background-position":"center center","background-size":"auto","background-attachment":"scroll","background-type":"","background-media":"","overlay-type":"","overlay-color":"","overlay-opacity":"","overlay-gradient":""},"tablet":{"background-color":"","background-image":"","background-repeat":"repeat","background-position":"center center","background-size":"auto","background-attachment":"scroll","background-type":"","background-media":"","overlay-type":"","overlay-color":"","overlay-opacity":"","overlay-gradient":""},"mobile":{"background-color":"","background-image":"","background-repeat":"repeat","background-position":"center center","background-size":"auto","background-attachment":"scroll","background-type":"","background-media":"","overlay-type":"","overlay-color":"","overlay-opacity":"","overlay-gradient":""}},"ast-content-background-meta":{"desktop":{"background-color":"var(--ast-global-color-5)","background-image":"","background-repeat":"repeat","background-position":"center center","background-size":"auto","background-attachment":"scroll","background-type":"","background-media":"","overlay-type":"","overlay-color":"","overlay-opacity":"","overlay-gradient":""},"tablet":{"background-color":"var(--ast-global-color-5)","background-image":"","background-repeat":"repeat","background-position":"center center","background-size":"auto","background-attachment":"scroll","background-type":"","background-media":"","overlay-type":"","overlay-color":"","overlay-opacity":"","overlay-gradient":""},"mobile":{"background-color":"var(--ast-global-color-5)","background-image":"","background-repeat":"repeat","background-position":"center center","background-size":"auto","background-attachment":"scroll","background-type":"","background-media":"","overlay-type":"","overlay-color":"","overlay-opacity":"","overlay-gradient":""}},"footnotes":""},"categories":[1,4,83],"tags":[],"class_list":["post-3997","post","type-post","status-publish","format-standard","hentry","category-general","category-portada","category-projecte-steamlhrta"],"post_mailing_queue_ids":[],"_links":{"self":[{"href":"https:\/\/agora.xtec.cat\/escolaelsegria\/wp-json\/wp\/v2\/posts\/3997","targetHints":{"allow":["GET"]}}],"collection":[{"href":"https:\/\/agora.xtec.cat\/escolaelsegria\/wp-json\/wp\/v2\/posts"}],"about":[{"href":"https:\/\/agora.xtec.cat\/escolaelsegria\/wp-json\/wp\/v2\/types\/post"}],"author":[{"embeddable":true,"href":"https:\/\/agora.xtec.cat\/escolaelsegria\/wp-json\/wp\/v2\/users\/1"}],"replies":[{"embeddable":true,"href":"https:\/\/agora.xtec.cat\/escolaelsegria\/wp-json\/wp\/v2\/comments?post=3997"}],"version-history":[{"count":3,"href":"https:\/\/agora.xtec.cat\/escolaelsegria\/wp-json\/wp\/v2\/posts\/3997\/revisions"}],"predecessor-version":[{"id":4001,"href":"https:\/\/agora.xtec.cat\/escolaelsegria\/wp-json\/wp\/v2\/posts\/3997\/revisions\/4001"}],"wp:attachment":[{"href":"https:\/\/agora.xtec.cat\/escolaelsegria\/wp-json\/wp\/v2\/media?parent=3997"}],"wp:term":[{"taxonomy":"category","embeddable":true,"href":"https:\/\/agora.xtec.cat\/escolaelsegria\/wp-json\/wp\/v2\/categories?post=3997"},{"taxonomy":"post_tag","embeddable":true,"href":"https:\/\/agora.xtec.cat\/escolaelsegria\/wp-json\/wp\/v2\/tags?post=3997"}],"curies":[{"name":"wp","href":"https:\/\/api.w.org\/{rel}","templated":true}]}}