{"id":3772,"date":"2022-02-23T13:31:12","date_gmt":"2022-02-23T12:31:12","guid":{"rendered":"https:\/\/agora.xtec.cat\/escolaelsarenys\/?p=3772"},"modified":"2022-05-25T15:53:12","modified_gmt":"2022-05-25T13:53:12","slug":"anniversaires-activitats-primer-trimestre","status":"publish","type":"post","link":"https:\/\/agora.xtec.cat\/escolaelsarenys\/temes-i-projectes\/anniversaires-activitats-primer-trimestre\/","title":{"rendered":"Anniversaires: Activitats primer trimestre!"},"content":{"rendered":"<p><img loading=\"lazy\" decoding=\"async\" class=\"alignnone wp-image-3776\" src=\"https:\/\/agora.xtec.cat\/escolaelsarenys\/wp-content\/uploads\/usu1978\/2022\/02\/speech.gif\" alt=\"\" width=\"43\" height=\"43\" \/> \u00a0<span style=\"font-weight: 400;\">Comencem el projecte!\u00a0<\/span><\/p>\n<p><span style=\"font-weight: 400;\">Coneixem els alumnes d\u2019Est\u00f2nia i compartim nadales amb ells!\u00a0<\/span><\/p>\n<p><img loading=\"lazy\" decoding=\"async\" class=\"alignnone size-full wp-image-3779\" src=\"https:\/\/agora.xtec.cat\/escolaelsarenys\/wp-content\/uploads\/usu1978\/2022\/02\/ett.png\" alt=\"\" width=\"687\" height=\"430\" srcset=\"https:\/\/agora.xtec.cat\/escolaelsarenys\/wp-content\/uploads\/usu1978\/2022\/02\/ett.png 687w, https:\/\/agora.xtec.cat\/escolaelsarenys\/wp-content\/uploads\/usu1978\/2022\/02\/ett-300x188.png 300w\" sizes=\"auto, (max-width: 687px) 100vw, 687px\" \/><\/p>\n<p><img loading=\"lazy\" decoding=\"async\" class=\"alignnone size-full wp-image-3780\" src=\"https:\/\/agora.xtec.cat\/escolaelsarenys\/wp-content\/uploads\/usu1978\/2022\/02\/ettt.png\" alt=\"\" width=\"876\" height=\"428\" srcset=\"https:\/\/agora.xtec.cat\/escolaelsarenys\/wp-content\/uploads\/usu1978\/2022\/02\/ettt.png 876w, https:\/\/agora.xtec.cat\/escolaelsarenys\/wp-content\/uploads\/usu1978\/2022\/02\/ettt-300x147.png 300w, https:\/\/agora.xtec.cat\/escolaelsarenys\/wp-content\/uploads\/usu1978\/2022\/02\/ettt-768x375.png 768w\" sizes=\"auto, (max-width: 876px) 100vw, 876px\" \/><\/p>\n<p><img loading=\"lazy\" decoding=\"async\" class=\"alignnone size-full wp-image-3782\" src=\"https:\/\/agora.xtec.cat\/escolaelsarenys\/wp-content\/uploads\/usu1978\/2022\/02\/etttt.png\" alt=\"\" width=\"830\" height=\"430\" srcset=\"https:\/\/agora.xtec.cat\/escolaelsarenys\/wp-content\/uploads\/usu1978\/2022\/02\/etttt.png 830w, https:\/\/agora.xtec.cat\/escolaelsarenys\/wp-content\/uploads\/usu1978\/2022\/02\/etttt-300x155.png 300w, https:\/\/agora.xtec.cat\/escolaelsarenys\/wp-content\/uploads\/usu1978\/2022\/02\/etttt-768x398.png 768w\" sizes=\"auto, (max-width: 830px) 100vw, 830px\" \/><\/p>\n<p><img loading=\"lazy\" decoding=\"async\" class=\"alignnone size-full wp-image-3783\" src=\"https:\/\/agora.xtec.cat\/escolaelsarenys\/wp-content\/uploads\/usu1978\/2022\/02\/e.png\" alt=\"\" width=\"680\" height=\"422\" srcset=\"https:\/\/agora.xtec.cat\/escolaelsarenys\/wp-content\/uploads\/usu1978\/2022\/02\/e.png 680w, https:\/\/agora.xtec.cat\/escolaelsarenys\/wp-content\/uploads\/usu1978\/2022\/02\/e-300x186.png 300w\" sizes=\"auto, (max-width: 680px) 100vw, 680px\" \/><\/p>\n<p><span style=\"font-weight: 400;\">Tamb\u00e9 ens hem enviat felicitacions de Nadal electr\u00f2niques!<\/span><\/p>\n<p><span style=\"font-weight: 400;\">Les postals que hem creat les hem dissenyat utilitzant la p\u00e0gina \u201cposter my wall\u201d.\u00a0<\/span><\/p>\n<p><span style=\"font-weight: 400;\">Durant les vacances de Nadal, vam fer un recull fotogr\u00e0fic amb les nostres tradicions i les hem comparat i contrastat amb els nostres amics d\u2019Est\u00f2nia.\u00a0<\/span><\/p>\n<p><span style=\"font-weight: 400;\">Gaudiu del nostre llibre de tradicions nadalenques!<\/span><\/p>\n<p><a href=\"https:\/\/read.bookcreator.com\/EIoFs8BrJYHgNQjOBM1PgDow0J4xYv0n0rqbG5vIlEoRdeaRzIiiiA\/jk7SBP7kQKe5siRn8669tQ\"><img loading=\"lazy\" decoding=\"async\" class=\"alignnone size-full wp-image-3784\" src=\"https:\/\/agora.xtec.cat\/escolaelsarenys\/wp-content\/uploads\/usu1978\/2022\/02\/e-1.png\" alt=\"\" width=\"801\" height=\"570\" srcset=\"https:\/\/agora.xtec.cat\/escolaelsarenys\/wp-content\/uploads\/usu1978\/2022\/02\/e-1.png 801w, https:\/\/agora.xtec.cat\/escolaelsarenys\/wp-content\/uploads\/usu1978\/2022\/02\/e-1-300x213.png 300w, https:\/\/agora.xtec.cat\/escolaelsarenys\/wp-content\/uploads\/usu1978\/2022\/02\/e-1-768x547.png 768w\" sizes=\"auto, (max-width: 801px) 100vw, 801px\" \/><\/a><\/p>\n<p>&nbsp;<\/p>\n","protected":false},"excerpt":{"rendered":"<p>\u00a0Comencem el projecte!\u00a0 Coneixem els alumnes d\u2019Est\u00f2nia i compartim nadales amb ells!\u00a0 Tamb\u00e9 ens hem enviat felicitacions de Nadal electr\u00f2niques! Les postals que hem creat les hem dissenyat utilitzant la p\u00e0gina \u201cposter my wall\u201d.\u00a0 Durant les vacances de Nadal, vam fer un recull fotogr\u00e0fic amb les nostres tradicions i les hem comparat i contrastat amb [&hellip;]<\/p>\n","protected":false},"author":1,"featured_media":3780,"comment_status":"open","ping_status":"closed","sticky":false,"template":"","format":"standard","meta":{"_bbp_topic_count":0,"_bbp_reply_count":0,"_bbp_total_topic_count":0,"_bbp_total_reply_count":0,"_bbp_voice_count":0,"_bbp_anonymous_reply_count":0,"_bbp_topic_count_hidden":0,"_bbp_reply_count_hidden":0,"_bbp_forum_subforum_count":0,"site-sidebar-layout":"default","site-content-layout":"","ast-site-content-layout":"","site-content-style":"default","site-sidebar-style":"default","ast-global-header-display":"","ast-banner-title-visibility":"","ast-main-header-display":"","ast-hfb-above-header-display":"","ast-hfb-below-header-display":"","ast-hfb-mobile-header-display":"","site-post-title":"","ast-breadcrumbs-content":"","ast-featured-img":"","footer-sml-layout":"","theme-transparent-header-meta":"","adv-header-id-meta":"","stick-header-meta":"","header-above-stick-meta":"","header-main-stick-meta":"","header-below-stick-meta":"","astra-migrate-meta-layouts":"default","ast-page-background-enabled":"default","ast-page-background-meta":{"desktop":{"background-color":"var(--ast-global-color-4)","background-image":"","background-repeat":"repeat","background-position":"center center","background-size":"auto","background-attachment":"scroll","background-type":"","background-media":"","overlay-type":"","overlay-color":"","overlay-opacity":"","overlay-gradient":""},"tablet":{"background-color":"","background-image":"","background-repeat":"repeat","background-position":"center center","background-size":"auto","background-attachment":"scroll","background-type":"","background-media":"","overlay-type":"","overlay-color":"","overlay-opacity":"","overlay-gradient":""},"mobile":{"background-color":"","background-image":"","background-repeat":"repeat","background-position":"center center","background-size":"auto","background-attachment":"scroll","background-type":"","background-media":"","overlay-type":"","overlay-color":"","overlay-opacity":"","overlay-gradient":""}},"ast-content-background-meta":{"desktop":{"background-color":"var(--ast-global-color-5)","background-image":"","background-repeat":"repeat","background-position":"center center","background-size":"auto","background-attachment":"scroll","background-type":"","background-media":"","overlay-type":"","overlay-color":"","overlay-opacity":"","overlay-gradient":""},"tablet":{"background-color":"var(--ast-global-color-5)","background-image":"","background-repeat":"repeat","background-position":"center center","background-size":"auto","background-attachment":"scroll","background-type":"","background-media":"","overlay-type":"","overlay-color":"","overlay-opacity":"","overlay-gradient":""},"mobile":{"background-color":"var(--ast-global-color-5)","background-image":"","background-repeat":"repeat","background-position":"center center","background-size":"auto","background-attachment":"scroll","background-type":"","background-media":"","overlay-type":"","overlay-color":"","overlay-opacity":"","overlay-gradient":""}},"footnotes":""},"categories":[273,153],"tags":[277],"class_list":["post-3772","post","type-post","status-publish","format-standard","has-post-thumbnail","hentry","category-etwinning-6e","category-temes-i-projectes","tag-etwinning-6e"],"post_mailing_queue_ids":[],"_links":{"self":[{"href":"https:\/\/agora.xtec.cat\/escolaelsarenys\/wp-json\/wp\/v2\/posts\/3772","targetHints":{"allow":["GET"]}}],"collection":[{"href":"https:\/\/agora.xtec.cat\/escolaelsarenys\/wp-json\/wp\/v2\/posts"}],"about":[{"href":"https:\/\/agora.xtec.cat\/escolaelsarenys\/wp-json\/wp\/v2\/types\/post"}],"author":[{"embeddable":true,"href":"https:\/\/agora.xtec.cat\/escolaelsarenys\/wp-json\/wp\/v2\/users\/1"}],"replies":[{"embeddable":true,"href":"https:\/\/agora.xtec.cat\/escolaelsarenys\/wp-json\/wp\/v2\/comments?post=3772"}],"version-history":[{"count":4,"href":"https:\/\/agora.xtec.cat\/escolaelsarenys\/wp-json\/wp\/v2\/posts\/3772\/revisions"}],"predecessor-version":[{"id":3816,"href":"https:\/\/agora.xtec.cat\/escolaelsarenys\/wp-json\/wp\/v2\/posts\/3772\/revisions\/3816"}],"wp:featuredmedia":[{"embeddable":true,"href":"https:\/\/agora.xtec.cat\/escolaelsarenys\/wp-json\/wp\/v2\/media\/3780"}],"wp:attachment":[{"href":"https:\/\/agora.xtec.cat\/escolaelsarenys\/wp-json\/wp\/v2\/media?parent=3772"}],"wp:term":[{"taxonomy":"category","embeddable":true,"href":"https:\/\/agora.xtec.cat\/escolaelsarenys\/wp-json\/wp\/v2\/categories?post=3772"},{"taxonomy":"post_tag","embeddable":true,"href":"https:\/\/agora.xtec.cat\/escolaelsarenys\/wp-json\/wp\/v2\/tags?post=3772"}],"curies":[{"name":"wp","href":"https:\/\/api.w.org\/{rel}","templated":true}]}}