{"id":3326,"date":"2021-05-12T09:27:40","date_gmt":"2021-05-12T07:27:40","guid":{"rendered":"https:\/\/agora.xtec.cat\/escolaelsarenys\/?p=3326"},"modified":"2021-05-12T11:51:52","modified_gmt":"2021-05-12T09:51:52","slug":"petits-la-natura-a-lescola","status":"publish","type":"post","link":"https:\/\/agora.xtec.cat\/escolaelsarenys\/portada\/petits-la-natura-a-lescola\/","title":{"rendered":"PETITS: La natura a l&#8217;escola"},"content":{"rendered":"<h2 style=\"text-align: center;\"><strong>PLANTES AROM\u00c0TIQUES<\/strong><\/h2>\n<p>&nbsp;<\/p>\n<p>Fa dies que els vikings i vikingues, indis i \u00edndies estem gaudint de les plantes del nostre pati d\u2019infantil.<\/p>\n<p>Tot va comen\u00e7ar a la plantada d&#8217;herbes arom\u00e0tiques ja fa uns mesos. Vam poder con\u00e8ixer com es deien, com tenien les fulles, i sobretot ens va fascinar la seva olor.<\/p>\n<p>Des de llavors les hem estat cuidant i regant. I \u00e9s ara, amb l\u2019arribada de la primavera, que podem observar com han crescut i com el seu color s\u2019ha tornat m\u00e9s intens aix\u00ed com la seva olor.<\/p>\n<p>I encara ens queda un pas m\u00e9s dins d\u2019aquesta experi\u00e8ncia. Despr\u00e9s de recollir unes branques de les nostres plantes arom\u00e0tiques&#8230;.. les hem deixat assecar.<\/p>\n<p>Qu\u00e8 podr\u00edem fer?<\/p>\n<p>Aviat ho sabreu&#8230;<\/p>\n<p>&nbsp;<\/p>\n<p><a href=\"https:\/\/agora.xtec.cat\/escolaelsarenys\/wp-content\/uploads\/usu1978\/2021\/05\/regar.jpg\">\u00a0 \u00a0 \u00a0 <\/a><a style=\"color: #2795b6;\" href=\"https:\/\/photos.app.goo.gl\/4SZCaoQfqTyEw9KbA\"><img loading=\"lazy\" decoding=\"async\" class=\"alignnone wp-image-3327\" src=\"https:\/\/agora.xtec.cat\/escolaelsarenys\/wp-content\/uploads\/usu1978\/2021\/05\/regar.jpg\" alt=\"\" width=\"491\" height=\"369\" srcset=\"https:\/\/agora.xtec.cat\/escolaelsarenys\/wp-content\/uploads\/usu1978\/2021\/05\/regar.jpg 1000w, https:\/\/agora.xtec.cat\/escolaelsarenys\/wp-content\/uploads\/usu1978\/2021\/05\/regar-300x225.jpg 300w, https:\/\/agora.xtec.cat\/escolaelsarenys\/wp-content\/uploads\/usu1978\/2021\/05\/regar-768x576.jpg 768w, https:\/\/agora.xtec.cat\/escolaelsarenys\/wp-content\/uploads\/usu1978\/2021\/05\/regar-200x150.jpg 200w\" sizes=\"auto, (max-width: 491px) 100vw, 491px\" \/>\u00a0\u00a0\u00a0\u00a0\u00a0\u00a0 <\/a><a href=\"https:\/\/photos.app.goo.gl\/a23MENWAApka64yr7\"><img loading=\"lazy\" decoding=\"async\" class=\"alignnone wp-image-3330\" src=\"https:\/\/agora.xtec.cat\/escolaelsarenys\/wp-content\/uploads\/usu1978\/2021\/05\/plantem-indis-1024x768.jpg\" alt=\"\" width=\"487\" height=\"365\" srcset=\"https:\/\/agora.xtec.cat\/escolaelsarenys\/wp-content\/uploads\/usu1978\/2021\/05\/plantem-indis-1024x768.jpg 1024w, https:\/\/agora.xtec.cat\/escolaelsarenys\/wp-content\/uploads\/usu1978\/2021\/05\/plantem-indis-300x225.jpg 300w, https:\/\/agora.xtec.cat\/escolaelsarenys\/wp-content\/uploads\/usu1978\/2021\/05\/plantem-indis-768x576.jpg 768w, https:\/\/agora.xtec.cat\/escolaelsarenys\/wp-content\/uploads\/usu1978\/2021\/05\/plantem-indis-200x150.jpg 200w, https:\/\/agora.xtec.cat\/escolaelsarenys\/wp-content\/uploads\/usu1978\/2021\/05\/plantem-indis.jpg 1296w\" sizes=\"auto, (max-width: 487px) 100vw, 487px\" \/><\/a><a style=\"color: #2795b6;\" href=\"https:\/\/agora.xtec.cat\/escolaelsarenys\/wp-content\/uploads\/usu1978\/2021\/05\/regar.jpg\"> \u00a0<\/a><\/p>\n<p><a href=\"https:\/\/photos.app.goo.gl\/F2pQHn1LXGYDBcLB7\"><img loading=\"lazy\" decoding=\"async\" class=\"alignnone wp-image-3329\" src=\"https:\/\/agora.xtec.cat\/escolaelsarenys\/wp-content\/uploads\/usu1978\/2021\/05\/plantar-vikings-768x1024.jpg\" alt=\"\" width=\"510\" height=\"681\" srcset=\"https:\/\/agora.xtec.cat\/escolaelsarenys\/wp-content\/uploads\/usu1978\/2021\/05\/plantar-vikings-768x1024.jpg 768w, https:\/\/agora.xtec.cat\/escolaelsarenys\/wp-content\/uploads\/usu1978\/2021\/05\/plantar-vikings-225x300.jpg 225w, https:\/\/agora.xtec.cat\/escolaelsarenys\/wp-content\/uploads\/usu1978\/2021\/05\/plantar-vikings.jpg 960w\" sizes=\"auto, (max-width: 510px) 100vw, 510px\" \/>\u00a0\u00a0\u00a0\u00a0<\/a><a href=\"https:\/\/photos.app.goo.gl\/9RyFzGB5RVEVV8GF9\"><img loading=\"lazy\" decoding=\"async\" class=\"alignnone wp-image-3328\" src=\"https:\/\/agora.xtec.cat\/escolaelsarenys\/wp-content\/uploads\/usu1978\/2021\/05\/reguem-vikings-768x1024.jpg\" alt=\"\" width=\"503\" height=\"670\" srcset=\"https:\/\/agora.xtec.cat\/escolaelsarenys\/wp-content\/uploads\/usu1978\/2021\/05\/reguem-vikings-768x1024.jpg 768w, https:\/\/agora.xtec.cat\/escolaelsarenys\/wp-content\/uploads\/usu1978\/2021\/05\/reguem-vikings-225x300.jpg 225w, https:\/\/agora.xtec.cat\/escolaelsarenys\/wp-content\/uploads\/usu1978\/2021\/05\/reguem-vikings.jpg 960w\" sizes=\"auto, (max-width: 503px) 100vw, 503px\" \/><\/a><a href=\"https:\/\/photos.app.goo.gl\/F2pQHn1LXGYDBcLB7\">\u00a0 <\/a><\/p>\n","protected":false},"excerpt":{"rendered":"<p>PLANTES AROM\u00c0TIQUES &nbsp; Fa dies que els vikings i vikingues, indis i \u00edndies estem gaudint de les plantes del nostre pati d\u2019infantil. Tot va comen\u00e7ar a la plantada d&#8217;herbes arom\u00e0tiques ja fa uns mesos. Vam poder con\u00e8ixer com es deien, com tenien les fulles, i sobretot ens va fascinar la seva olor. Des de llavors [&hellip;]<\/p>\n","protected":false},"author":11,"featured_media":3330,"comment_status":"open","ping_status":"closed","sticky":false,"template":"","format":"standard","meta":{"_bbp_topic_count":0,"_bbp_reply_count":0,"_bbp_total_topic_count":0,"_bbp_total_reply_count":0,"_bbp_voice_count":0,"_bbp_anonymous_reply_count":0,"_bbp_topic_count_hidden":0,"_bbp_reply_count_hidden":0,"_bbp_forum_subforum_count":0,"site-sidebar-layout":"default","site-content-layout":"","ast-site-content-layout":"","site-content-style":"default","site-sidebar-style":"default","ast-global-header-display":"","ast-banner-title-visibility":"","ast-main-header-display":"","ast-hfb-above-header-display":"","ast-hfb-below-header-display":"","ast-hfb-mobile-header-display":"","site-post-title":"","ast-breadcrumbs-content":"","ast-featured-img":"","footer-sml-layout":"","theme-transparent-header-meta":"","adv-header-id-meta":"","stick-header-meta":"","header-above-stick-meta":"","header-main-stick-meta":"","header-below-stick-meta":"","astra-migrate-meta-layouts":"default","ast-page-background-enabled":"default","ast-page-background-meta":{"desktop":{"background-color":"var(--ast-global-color-4)","background-image":"","background-repeat":"repeat","background-position":"center center","background-size":"auto","background-attachment":"scroll","background-type":"","background-media":"","overlay-type":"","overlay-color":"","overlay-opacity":"","overlay-gradient":""},"tablet":{"background-color":"","background-image":"","background-repeat":"repeat","background-position":"center center","background-size":"auto","background-attachment":"scroll","background-type":"","background-media":"","overlay-type":"","overlay-color":"","overlay-opacity":"","overlay-gradient":""},"mobile":{"background-color":"","background-image":"","background-repeat":"repeat","background-position":"center center","background-size":"auto","background-attachment":"scroll","background-type":"","background-media":"","overlay-type":"","overlay-color":"","overlay-opacity":"","overlay-gradient":""}},"ast-content-background-meta":{"desktop":{"background-color":"var(--ast-global-color-5)","background-image":"","background-repeat":"repeat","background-position":"center center","background-size":"auto","background-attachment":"scroll","background-type":"","background-media":"","overlay-type":"","overlay-color":"","overlay-opacity":"","overlay-gradient":""},"tablet":{"background-color":"var(--ast-global-color-5)","background-image":"","background-repeat":"repeat","background-position":"center center","background-size":"auto","background-attachment":"scroll","background-type":"","background-media":"","overlay-type":"","overlay-color":"","overlay-opacity":"","overlay-gradient":""},"mobile":{"background-color":"var(--ast-global-color-5)","background-image":"","background-repeat":"repeat","background-position":"center center","background-size":"auto","background-attachment":"scroll","background-type":"","background-media":"","overlay-type":"","overlay-color":"","overlay-opacity":"","overlay-gradient":""}},"footnotes":""},"categories":[81,108,4],"tags":[138,194,178,224,141,225],"class_list":["post-3326","post","type-post","status-publish","format-standard","has-post-thumbnail","hentry","category-i3","category-petits","category-portada","tag-cicle-petits","tag-indies-i-vikingues","tag-indis-i-vikings","tag-natura","tag-p3","tag-plantes-aromatiques"],"post_mailing_queue_ids":[],"_links":{"self":[{"href":"https:\/\/agora.xtec.cat\/escolaelsarenys\/wp-json\/wp\/v2\/posts\/3326","targetHints":{"allow":["GET"]}}],"collection":[{"href":"https:\/\/agora.xtec.cat\/escolaelsarenys\/wp-json\/wp\/v2\/posts"}],"about":[{"href":"https:\/\/agora.xtec.cat\/escolaelsarenys\/wp-json\/wp\/v2\/types\/post"}],"author":[{"embeddable":true,"href":"https:\/\/agora.xtec.cat\/escolaelsarenys\/wp-json\/wp\/v2\/users\/11"}],"replies":[{"embeddable":true,"href":"https:\/\/agora.xtec.cat\/escolaelsarenys\/wp-json\/wp\/v2\/comments?post=3326"}],"version-history":[{"count":3,"href":"https:\/\/agora.xtec.cat\/escolaelsarenys\/wp-json\/wp\/v2\/posts\/3326\/revisions"}],"predecessor-version":[{"id":3335,"href":"https:\/\/agora.xtec.cat\/escolaelsarenys\/wp-json\/wp\/v2\/posts\/3326\/revisions\/3335"}],"wp:featuredmedia":[{"embeddable":true,"href":"https:\/\/agora.xtec.cat\/escolaelsarenys\/wp-json\/wp\/v2\/media\/3330"}],"wp:attachment":[{"href":"https:\/\/agora.xtec.cat\/escolaelsarenys\/wp-json\/wp\/v2\/media?parent=3326"}],"wp:term":[{"taxonomy":"category","embeddable":true,"href":"https:\/\/agora.xtec.cat\/escolaelsarenys\/wp-json\/wp\/v2\/categories?post=3326"},{"taxonomy":"post_tag","embeddable":true,"href":"https:\/\/agora.xtec.cat\/escolaelsarenys\/wp-json\/wp\/v2\/tags?post=3326"}],"curies":[{"name":"wp","href":"https:\/\/api.w.org\/{rel}","templated":true}]}}