{"id":3169,"date":"2021-03-22T09:59:18","date_gmt":"2021-03-22T08:59:18","guid":{"rendered":"https:\/\/agora.xtec.cat\/escolaelsarenys\/?p=3169"},"modified":"2021-03-22T09:59:18","modified_gmt":"2021-03-22T08:59:18","slug":"els-mes-petits-descobrim-a-joan-miro","status":"publish","type":"post","link":"https:\/\/agora.xtec.cat\/escolaelsarenys\/portada\/els-mes-petits-descobrim-a-joan-miro\/","title":{"rendered":"Els m\u00e9s petits descobrim a Joan Mir\u00f3"},"content":{"rendered":"<h1 style=\"text-align: center;\"><strong>\u00a0JOAN\u00a0 MIR\u00d3<\/strong><\/h1>\n<p>El infants\u00a0 de P3 i P4 descobrim el pintor i escultor Joan Mir\u00f3. Per tal d&#8217;endinsar-nos dins del m\u00f3n de fantasia dels seus quadres i escultures vam comen\u00e7ar amb un taller\u00a0 en el qual\u00a0 i a partir d\u2019un conte vam descobrir els colors, les formes\u2026 tot all\u00f2 que inspirava a Mir\u00f3. Vam crear escultures, un quadre de grup, vam teixir en un teler, vam jugar amb els colors\u2026<\/p>\n<p>M\u00e9s tard, a la nostra aula, hem continuat coneixent m\u00e9s profundament la seva vida i la seva obra. Utilitzant diferents t\u00e8cniques hem pogut gaudir dels colors, formes, textures,&#8230; ens ho hem passat genial i hem representat obres de l&#8217;artista&#8230; Ah! i encara continuem fent-ho.<\/p>\n<p>Mireu, mireu tot el que hem fet!!<\/p>\n<p><a href=\"https:\/\/blocs.xtec.cat\/arenysp3\/joan-miro\/\"><img loading=\"lazy\" decoding=\"async\" class=\"wp-image-3170 aligncenter\" src=\"https:\/\/agora.xtec.cat\/escolaelsarenys\/wp-content\/uploads\/usu1978\/2021\/03\/IMG-20210307-WA0027-1024x625.jpg\" alt=\"\" width=\"499\" height=\"305\" srcset=\"https:\/\/agora.xtec.cat\/escolaelsarenys\/wp-content\/uploads\/usu1978\/2021\/03\/IMG-20210307-WA0027-1024x625.jpg 1024w, https:\/\/agora.xtec.cat\/escolaelsarenys\/wp-content\/uploads\/usu1978\/2021\/03\/IMG-20210307-WA0027-300x183.jpg 300w, https:\/\/agora.xtec.cat\/escolaelsarenys\/wp-content\/uploads\/usu1978\/2021\/03\/IMG-20210307-WA0027-768x469.jpg 768w, https:\/\/agora.xtec.cat\/escolaelsarenys\/wp-content\/uploads\/usu1978\/2021\/03\/IMG-20210307-WA0027.jpg 1247w\" sizes=\"auto, (max-width: 499px) 100vw, 499px\" \/><\/a><\/p>\n<p>&nbsp;<\/p>\n","protected":false},"excerpt":{"rendered":"<p>\u00a0JOAN\u00a0 MIR\u00d3 El infants\u00a0 de P3 i P4 descobrim el pintor i escultor Joan Mir\u00f3. Per tal d&#8217;endinsar-nos dins del m\u00f3n de fantasia dels seus quadres i escultures vam comen\u00e7ar amb un taller\u00a0 en el qual\u00a0 i a partir d\u2019un conte vam descobrir els colors, les formes\u2026 tot all\u00f2 que inspirava a Mir\u00f3. Vam crear [&hellip;]<\/p>\n","protected":false},"author":11,"featured_media":3170,"comment_status":"open","ping_status":"closed","sticky":false,"template":"","format":"standard","meta":{"_bbp_topic_count":0,"_bbp_reply_count":0,"_bbp_total_topic_count":0,"_bbp_total_reply_count":0,"_bbp_voice_count":0,"_bbp_anonymous_reply_count":0,"_bbp_topic_count_hidden":0,"_bbp_reply_count_hidden":0,"_bbp_forum_subforum_count":0,"site-sidebar-layout":"default","site-content-layout":"","ast-site-content-layout":"","site-content-style":"default","site-sidebar-style":"default","ast-global-header-display":"","ast-banner-title-visibility":"","ast-main-header-display":"","ast-hfb-above-header-display":"","ast-hfb-below-header-display":"","ast-hfb-mobile-header-display":"","site-post-title":"","ast-breadcrumbs-content":"","ast-featured-img":"","footer-sml-layout":"","theme-transparent-header-meta":"","adv-header-id-meta":"","stick-header-meta":"","header-above-stick-meta":"","header-main-stick-meta":"","header-below-stick-meta":"","astra-migrate-meta-layouts":"default","ast-page-background-enabled":"default","ast-page-background-meta":{"desktop":{"background-color":"var(--ast-global-color-4)","background-image":"","background-repeat":"repeat","background-position":"center center","background-size":"auto","background-attachment":"scroll","background-type":"","background-media":"","overlay-type":"","overlay-color":"","overlay-opacity":"","overlay-gradient":""},"tablet":{"background-color":"","background-image":"","background-repeat":"repeat","background-position":"center center","background-size":"auto","background-attachment":"scroll","background-type":"","background-media":"","overlay-type":"","overlay-color":"","overlay-opacity":"","overlay-gradient":""},"mobile":{"background-color":"","background-image":"","background-repeat":"repeat","background-position":"center center","background-size":"auto","background-attachment":"scroll","background-type":"","background-media":"","overlay-type":"","overlay-color":"","overlay-opacity":"","overlay-gradient":""}},"ast-content-background-meta":{"desktop":{"background-color":"var(--ast-global-color-5)","background-image":"","background-repeat":"repeat","background-position":"center center","background-size":"auto","background-attachment":"scroll","background-type":"","background-media":"","overlay-type":"","overlay-color":"","overlay-opacity":"","overlay-gradient":""},"tablet":{"background-color":"var(--ast-global-color-5)","background-image":"","background-repeat":"repeat","background-position":"center center","background-size":"auto","background-attachment":"scroll","background-type":"","background-media":"","overlay-type":"","overlay-color":"","overlay-opacity":"","overlay-gradient":""},"mobile":{"background-color":"var(--ast-global-color-5)","background-image":"","background-repeat":"repeat","background-position":"center center","background-size":"auto","background-attachment":"scroll","background-type":"","background-media":"","overlay-type":"","overlay-color":"","overlay-opacity":"","overlay-gradient":""}},"footnotes":""},"categories":[81,68,108,4],"tags":[138,216,215],"class_list":["post-3169","post","type-post","status-publish","format-standard","has-post-thumbnail","hentry","category-i3","category-i4","category-petits","category-portada","tag-cicle-petits","tag-miro","tag-p3p4"],"post_mailing_queue_ids":[],"_links":{"self":[{"href":"https:\/\/agora.xtec.cat\/escolaelsarenys\/wp-json\/wp\/v2\/posts\/3169","targetHints":{"allow":["GET"]}}],"collection":[{"href":"https:\/\/agora.xtec.cat\/escolaelsarenys\/wp-json\/wp\/v2\/posts"}],"about":[{"href":"https:\/\/agora.xtec.cat\/escolaelsarenys\/wp-json\/wp\/v2\/types\/post"}],"author":[{"embeddable":true,"href":"https:\/\/agora.xtec.cat\/escolaelsarenys\/wp-json\/wp\/v2\/users\/11"}],"replies":[{"embeddable":true,"href":"https:\/\/agora.xtec.cat\/escolaelsarenys\/wp-json\/wp\/v2\/comments?post=3169"}],"version-history":[{"count":3,"href":"https:\/\/agora.xtec.cat\/escolaelsarenys\/wp-json\/wp\/v2\/posts\/3169\/revisions"}],"predecessor-version":[{"id":3187,"href":"https:\/\/agora.xtec.cat\/escolaelsarenys\/wp-json\/wp\/v2\/posts\/3169\/revisions\/3187"}],"wp:featuredmedia":[{"embeddable":true,"href":"https:\/\/agora.xtec.cat\/escolaelsarenys\/wp-json\/wp\/v2\/media\/3170"}],"wp:attachment":[{"href":"https:\/\/agora.xtec.cat\/escolaelsarenys\/wp-json\/wp\/v2\/media?parent=3169"}],"wp:term":[{"taxonomy":"category","embeddable":true,"href":"https:\/\/agora.xtec.cat\/escolaelsarenys\/wp-json\/wp\/v2\/categories?post=3169"},{"taxonomy":"post_tag","embeddable":true,"href":"https:\/\/agora.xtec.cat\/escolaelsarenys\/wp-json\/wp\/v2\/tags?post=3169"}],"curies":[{"name":"wp","href":"https:\/\/api.w.org\/{rel}","templated":true}]}}