{"id":2642,"date":"2020-06-08T16:36:18","date_gmt":"2020-06-08T14:36:18","guid":{"rendered":"https:\/\/agora.xtec.cat\/escolaelsarenys\/?p=2642"},"modified":"2020-06-08T16:39:46","modified_gmt":"2020-06-08T14:39:46","slug":"grans-6e-presenta-reportatges-sobre-la-covid-19","status":"publish","type":"post","link":"https:\/\/agora.xtec.cat\/escolaelsarenys\/portada\/grans-6e-presenta-reportatges-sobre-la-covid-19\/","title":{"rendered":"GRANS: 6\u00e8 PRESENTA REPORTATGES SOBRE LA COVID-19"},"content":{"rendered":"<p><a href=\"https:\/\/agora.xtec.cat\/escolaelsarenys\/wp-content\/uploads\/usu1978\/2020\/06\/Imagen1.jpg\"><img loading=\"lazy\" decoding=\"async\" class=\" wp-image-2645 aligncenter\" src=\"https:\/\/agora.xtec.cat\/escolaelsarenys\/wp-content\/uploads\/usu1978\/2020\/06\/Imagen1.jpg\" alt=\"\" width=\"441\" height=\"273\" srcset=\"https:\/\/agora.xtec.cat\/escolaelsarenys\/wp-content\/uploads\/usu1978\/2020\/06\/Imagen1.jpg 960w, https:\/\/agora.xtec.cat\/escolaelsarenys\/wp-content\/uploads\/usu1978\/2020\/06\/Imagen1-300x186.jpg 300w, https:\/\/agora.xtec.cat\/escolaelsarenys\/wp-content\/uploads\/usu1978\/2020\/06\/Imagen1-768x475.jpg 768w\" sizes=\"auto, (max-width: 441px) 100vw, 441px\" \/><\/a><\/p>\n<p style=\"font-weight: 400;\">Els nois i noies de 6\u00e8 han fet una s\u00e8rie de reportatges i treballs sobre el que saben del coronavirus i el que han apr\u00e8s durant l\u2019etapa de confinament.<\/p>\n<p style=\"font-weight: 400;\">D\u2019entrada cal felicitar-los perqu\u00e8 han sabut portar aquestes setmanes sense poder sortir de la millor manera, sense queixes i fent el que tocava, encara que fos molt pesat. Han sabut aprofitar el temps i han apr\u00e8s moltes coses!<\/p>\n<p>Us presentem alguns dels reportatges de manera dels companys\/es de 6\u00e8:<\/p>\n<div class=\"ast-oembed-container \" style=\"height: 100%;\"><iframe loading=\"lazy\" title=\"Reportatge sobre la COVID 19 (M.M.)\" width=\"500\" height=\"375\" src=\"https:\/\/www.youtube.com\/embed\/Cf-rAukBK8U?feature=oembed\" frameborder=\"0\" allow=\"accelerometer; autoplay; clipboard-write; encrypted-media; gyroscope; picture-in-picture; web-share\" referrerpolicy=\"strict-origin-when-cross-origin\" allowfullscreen><\/iframe><\/div>\n<div class=\"ast-oembed-container \" style=\"height: 100%;\"><iframe loading=\"lazy\" title=\"Reportatge sobre la COVID 19 (6\u00e8 Escola Els Arenys)\" width=\"500\" height=\"281\" src=\"https:\/\/www.youtube.com\/embed\/ojDCzAxJDTY?feature=oembed\" frameborder=\"0\" allow=\"accelerometer; autoplay; clipboard-write; encrypted-media; gyroscope; picture-in-picture; web-share\" referrerpolicy=\"strict-origin-when-cross-origin\" allowfullscreen><\/iframe><\/div>\n<p><a href=\"https:\/\/agora.xtec.cat\/escolaelsarenys\/wp-content\/uploads\/usu1978\/2020\/06\/FEM-UN-REPORTATGE-SOBRE-LA-COVID-Y.B.R..pptx\">FEM UN REPORTATGE SOBRE LA COVID Y.B.R.<\/a><\/p>\n<p><a href=\"https:\/\/agora.xtec.cat\/escolaelsarenys\/wp-content\/uploads\/usu1978\/2020\/06\/FEM-UN-REPORTATGE-SOBRE-LA-COVID-N.D.D..pptx\">FEM UN REPORTATGE SOBRE LA COVID N.D.D.<\/a><\/p>\n<p>&nbsp;<\/p>\n<p>I aqui podeu veure tots els reportatges que hem fet:<\/p>\n<p><a href=\"https:\/\/padlet.com\/mcasalin\/x1mitwwbza3h2u9k\">Reportatges de 6\u00e8A<\/a><\/p>\n<p><a href=\"https:\/\/padlet.com\/elope30\/u2p3vzxn0yui6qfh\">Reportatges de 6\u00e8B<\/a><\/p>\n","protected":false},"excerpt":{"rendered":"<p>Els nois i noies de 6\u00e8 han fet una s\u00e8rie de reportatges i treballs sobre el que saben del coronavirus i el que han apr\u00e8s durant l\u2019etapa de confinament. D\u2019entrada cal felicitar-los perqu\u00e8 han sabut portar aquestes setmanes sense poder sortir de la millor manera, sense queixes i fent el que tocava, encara que fos [&hellip;]<\/p>\n","protected":false},"author":1,"featured_media":2645,"comment_status":"open","ping_status":"closed","sticky":false,"template":"","format":"standard","meta":{"_bbp_topic_count":0,"_bbp_reply_count":0,"_bbp_total_topic_count":0,"_bbp_total_reply_count":0,"_bbp_voice_count":0,"_bbp_anonymous_reply_count":0,"_bbp_topic_count_hidden":0,"_bbp_reply_count_hidden":0,"_bbp_forum_subforum_count":0,"site-sidebar-layout":"default","site-content-layout":"","ast-site-content-layout":"","site-content-style":"default","site-sidebar-style":"default","ast-global-header-display":"","ast-banner-title-visibility":"","ast-main-header-display":"","ast-hfb-above-header-display":"","ast-hfb-below-header-display":"","ast-hfb-mobile-header-display":"","site-post-title":"","ast-breadcrumbs-content":"","ast-featured-img":"","footer-sml-layout":"","theme-transparent-header-meta":"","adv-header-id-meta":"","stick-header-meta":"","header-above-stick-meta":"","header-main-stick-meta":"","header-below-stick-meta":"","astra-migrate-meta-layouts":"default","ast-page-background-enabled":"default","ast-page-background-meta":{"desktop":{"background-color":"var(--ast-global-color-4)","background-image":"","background-repeat":"repeat","background-position":"center center","background-size":"auto","background-attachment":"scroll","background-type":"","background-media":"","overlay-type":"","overlay-color":"","overlay-opacity":"","overlay-gradient":""},"tablet":{"background-color":"","background-image":"","background-repeat":"repeat","background-position":"center center","background-size":"auto","background-attachment":"scroll","background-type":"","background-media":"","overlay-type":"","overlay-color":"","overlay-opacity":"","overlay-gradient":""},"mobile":{"background-color":"","background-image":"","background-repeat":"repeat","background-position":"center center","background-size":"auto","background-attachment":"scroll","background-type":"","background-media":"","overlay-type":"","overlay-color":"","overlay-opacity":"","overlay-gradient":""}},"ast-content-background-meta":{"desktop":{"background-color":"var(--ast-global-color-5)","background-image":"","background-repeat":"repeat","background-position":"center center","background-size":"auto","background-attachment":"scroll","background-type":"","background-media":"","overlay-type":"","overlay-color":"","overlay-opacity":"","overlay-gradient":""},"tablet":{"background-color":"var(--ast-global-color-5)","background-image":"","background-repeat":"repeat","background-position":"center center","background-size":"auto","background-attachment":"scroll","background-type":"","background-media":"","overlay-type":"","overlay-color":"","overlay-opacity":"","overlay-gradient":""},"mobile":{"background-color":"var(--ast-global-color-5)","background-image":"","background-repeat":"repeat","background-position":"center center","background-size":"auto","background-attachment":"scroll","background-type":"","background-media":"","overlay-type":"","overlay-color":"","overlay-opacity":"","overlay-gradient":""}},"footnotes":""},"categories":[15,110,4],"tags":[119,126],"class_list":["post-2642","post","type-post","status-publish","format-standard","has-post-thumbnail","hentry","category-6e","category-grans","category-portada","tag-6e","tag-cicle-grans"],"post_mailing_queue_ids":[],"_links":{"self":[{"href":"https:\/\/agora.xtec.cat\/escolaelsarenys\/wp-json\/wp\/v2\/posts\/2642","targetHints":{"allow":["GET"]}}],"collection":[{"href":"https:\/\/agora.xtec.cat\/escolaelsarenys\/wp-json\/wp\/v2\/posts"}],"about":[{"href":"https:\/\/agora.xtec.cat\/escolaelsarenys\/wp-json\/wp\/v2\/types\/post"}],"author":[{"embeddable":true,"href":"https:\/\/agora.xtec.cat\/escolaelsarenys\/wp-json\/wp\/v2\/users\/1"}],"replies":[{"embeddable":true,"href":"https:\/\/agora.xtec.cat\/escolaelsarenys\/wp-json\/wp\/v2\/comments?post=2642"}],"version-history":[{"count":2,"href":"https:\/\/agora.xtec.cat\/escolaelsarenys\/wp-json\/wp\/v2\/posts\/2642\/revisions"}],"predecessor-version":[{"id":2647,"href":"https:\/\/agora.xtec.cat\/escolaelsarenys\/wp-json\/wp\/v2\/posts\/2642\/revisions\/2647"}],"wp:featuredmedia":[{"embeddable":true,"href":"https:\/\/agora.xtec.cat\/escolaelsarenys\/wp-json\/wp\/v2\/media\/2645"}],"wp:attachment":[{"href":"https:\/\/agora.xtec.cat\/escolaelsarenys\/wp-json\/wp\/v2\/media?parent=2642"}],"wp:term":[{"taxonomy":"category","embeddable":true,"href":"https:\/\/agora.xtec.cat\/escolaelsarenys\/wp-json\/wp\/v2\/categories?post=2642"},{"taxonomy":"post_tag","embeddable":true,"href":"https:\/\/agora.xtec.cat\/escolaelsarenys\/wp-json\/wp\/v2\/tags?post=2642"}],"curies":[{"name":"wp","href":"https:\/\/api.w.org\/{rel}","templated":true}]}}