{"id":1942,"date":"2020-03-27T02:31:41","date_gmt":"2020-03-27T01:31:41","guid":{"rendered":"https:\/\/agora.xtec.cat\/escolaelsarenys\/?p=1942"},"modified":"2020-03-31T01:36:34","modified_gmt":"2020-03-30T23:36:34","slug":"cancellacio-de-les-portes-obertes-2020","status":"publish","type":"post","link":"https:\/\/agora.xtec.cat\/escolaelsarenys\/portada\/cancellacio-de-les-portes-obertes-2020\/","title":{"rendered":"Cancel\u00b7laci\u00f3 de les portes obertes 2020"},"content":{"rendered":"<div class=\"ast-oembed-container \" style=\"height: 100%;\"><iframe loading=\"lazy\" title=\"Passeja per l&#039;Escola Els Arenys\" width=\"500\" height=\"281\" src=\"https:\/\/www.youtube.com\/embed\/3qw-yUx_0vo?feature=oembed\" frameborder=\"0\" allow=\"accelerometer; autoplay; clipboard-write; encrypted-media; gyroscope; picture-in-picture; web-share\" referrerpolicy=\"strict-origin-when-cross-origin\" allowfullscreen><\/iframe><\/div>\n<p style=\"text-align: justify;\">Com ja sabeu, donades les circumst\u00e0ncies d&#8217;estat d&#8217;alerta sanit\u00e0ria, hem hagut de cancel\u00b7lar la nostra jornada de Portes Obertes 2020, que estaven previstes pel dia 19 de mar\u00e7. Encara no sabem si aquest curs es podran fer, ni en quines dates. Tan aviat tinguem not\u00edcies us ho comunicarem.<\/p>\n<p style=\"text-align: justify;\">Hav\u00edem posat molt d&#8217;esfor\u00e7 i dedicaci\u00f3 en preparar-les i \u00e9s per aix\u00f2 que volem compartir amb tots vosaltres, com a m\u00ednim, una mica del que vol dir ser un\/a m\u00e9s dels habitants d&#8217;Els Arenys. Esperant que encara podem tornar a veure&#8217;ns en aquesta jornada de portes obertes a la nostra tornada. \u00c0nims!<\/p>\n<p>#Joemquedoacasa<\/p>\n<p>Agra\u00efm, com sempre, a Jos\u00e9 el v\u00eddeo. Una passada!<\/p>\n<p>&nbsp;<\/p>\n","protected":false},"excerpt":{"rendered":"<p>Com ja sabeu, donades les circumst\u00e0ncies d&#8217;estat d&#8217;alerta sanit\u00e0ria, hem hagut de cancel\u00b7lar la nostra jornada de Portes Obertes 2020, que estaven previstes pel dia 19 de mar\u00e7. Encara no sabem si aquest curs es podran fer, ni en quines dates. Tan aviat tinguem not\u00edcies us ho comunicarem. Hav\u00edem posat molt d&#8217;esfor\u00e7 i dedicaci\u00f3 en [&hellip;]<\/p>\n","protected":false},"author":1,"featured_media":0,"comment_status":"open","ping_status":"closed","sticky":false,"template":"","format":"standard","meta":{"_bbp_topic_count":0,"_bbp_reply_count":0,"_bbp_total_topic_count":0,"_bbp_total_reply_count":0,"_bbp_voice_count":0,"_bbp_anonymous_reply_count":0,"_bbp_topic_count_hidden":0,"_bbp_reply_count_hidden":0,"_bbp_forum_subforum_count":0,"site-sidebar-layout":"default","site-content-layout":"","ast-site-content-layout":"","site-content-style":"default","site-sidebar-style":"default","ast-global-header-display":"","ast-banner-title-visibility":"","ast-main-header-display":"","ast-hfb-above-header-display":"","ast-hfb-below-header-display":"","ast-hfb-mobile-header-display":"","site-post-title":"","ast-breadcrumbs-content":"","ast-featured-img":"","footer-sml-layout":"","theme-transparent-header-meta":"","adv-header-id-meta":"","stick-header-meta":"","header-above-stick-meta":"","header-main-stick-meta":"","header-below-stick-meta":"","astra-migrate-meta-layouts":"default","ast-page-background-enabled":"default","ast-page-background-meta":{"desktop":{"background-color":"var(--ast-global-color-4)","background-image":"","background-repeat":"repeat","background-position":"center center","background-size":"auto","background-attachment":"scroll","background-type":"","background-media":"","overlay-type":"","overlay-color":"","overlay-opacity":"","overlay-gradient":""},"tablet":{"background-color":"","background-image":"","background-repeat":"repeat","background-position":"center center","background-size":"auto","background-attachment":"scroll","background-type":"","background-media":"","overlay-type":"","overlay-color":"","overlay-opacity":"","overlay-gradient":""},"mobile":{"background-color":"","background-image":"","background-repeat":"repeat","background-position":"center center","background-size":"auto","background-attachment":"scroll","background-type":"","background-media":"","overlay-type":"","overlay-color":"","overlay-opacity":"","overlay-gradient":""}},"ast-content-background-meta":{"desktop":{"background-color":"var(--ast-global-color-5)","background-image":"","background-repeat":"repeat","background-position":"center center","background-size":"auto","background-attachment":"scroll","background-type":"","background-media":"","overlay-type":"","overlay-color":"","overlay-opacity":"","overlay-gradient":""},"tablet":{"background-color":"var(--ast-global-color-5)","background-image":"","background-repeat":"repeat","background-position":"center center","background-size":"auto","background-attachment":"scroll","background-type":"","background-media":"","overlay-type":"","overlay-color":"","overlay-opacity":"","overlay-gradient":""},"mobile":{"background-color":"var(--ast-global-color-5)","background-image":"","background-repeat":"repeat","background-position":"center center","background-size":"auto","background-attachment":"scroll","background-type":"","background-media":"","overlay-type":"","overlay-color":"","overlay-opacity":"","overlay-gradient":""}},"footnotes":""},"categories":[143,4],"tags":[101,102,149,107,103],"class_list":["post-1942","post","type-post","status-publish","format-standard","hentry","category-aixi-som","category-portada","tag-joemquedoacasa","tag-escola-els-arenys","tag-noticies","tag-portes-obertes-2020","tag-som-escola"],"post_mailing_queue_ids":[],"_links":{"self":[{"href":"https:\/\/agora.xtec.cat\/escolaelsarenys\/wp-json\/wp\/v2\/posts\/1942","targetHints":{"allow":["GET"]}}],"collection":[{"href":"https:\/\/agora.xtec.cat\/escolaelsarenys\/wp-json\/wp\/v2\/posts"}],"about":[{"href":"https:\/\/agora.xtec.cat\/escolaelsarenys\/wp-json\/wp\/v2\/types\/post"}],"author":[{"embeddable":true,"href":"https:\/\/agora.xtec.cat\/escolaelsarenys\/wp-json\/wp\/v2\/users\/1"}],"replies":[{"embeddable":true,"href":"https:\/\/agora.xtec.cat\/escolaelsarenys\/wp-json\/wp\/v2\/comments?post=1942"}],"version-history":[{"count":4,"href":"https:\/\/agora.xtec.cat\/escolaelsarenys\/wp-json\/wp\/v2\/posts\/1942\/revisions"}],"predecessor-version":[{"id":1961,"href":"https:\/\/agora.xtec.cat\/escolaelsarenys\/wp-json\/wp\/v2\/posts\/1942\/revisions\/1961"}],"wp:attachment":[{"href":"https:\/\/agora.xtec.cat\/escolaelsarenys\/wp-json\/wp\/v2\/media?parent=1942"}],"wp:term":[{"taxonomy":"category","embeddable":true,"href":"https:\/\/agora.xtec.cat\/escolaelsarenys\/wp-json\/wp\/v2\/categories?post=1942"},{"taxonomy":"post_tag","embeddable":true,"href":"https:\/\/agora.xtec.cat\/escolaelsarenys\/wp-json\/wp\/v2\/tags?post=1942"}],"curies":[{"name":"wp","href":"https:\/\/api.w.org\/{rel}","templated":true}]}}