{"id":513,"date":"2014-02-17T22:29:50","date_gmt":"2014-02-17T20:29:50","guid":{"rendered":"http:\/\/blocs.xtec.cat\/ceipelroure\/?p=513"},"modified":"2015-12-11T21:17:21","modified_gmt":"2015-12-11T20:17:21","slug":"projecte-sobre-lartista-vincent-van-gogh","status":"publish","type":"post","link":"https:\/\/agora.xtec.cat\/escolaelroure\/promocio-2008-17\/projecte-sobre-lartista-vincent-van-gogh\/","title":{"rendered":"Projecte sobre l&#8217;artista Vincent Van Gogh"},"content":{"rendered":"<p><span style=\"font-size: medium;\">Aquest segon trimestre, els nens\/es de la classe de 5\u00e8 han iniciat un projecte amb molta il\u00b7lusi\u00f3.<\/span><\/p>\n<p style=\"text-align: center;\"><span style=\"color: #800000;\"><strong style=\"font-size: x-large; letter-spacing: -0.04em; line-height: normal;\">EL PROJECTE SOBRE VINCENT VAN GOGH<\/strong><\/span><\/p>\n<p><!--more--><\/p>\n<p>Despr\u00e9s de fer una recerca a casa i de veure un v\u00eddeo explicatiu sobre la vida i obra de Van Gogh, han apr\u00e8s moltes coses sobre aquest pintor.<\/p>\n<table style=\"width: auto;\">\n<tbody>\n<tr>\n<td><a href=\"https:\/\/picasaweb.google.com\/lh\/photo\/3BqhC47g1ekSv2Yt6bVXRnFlni0LoRkQuBu5VIa-DTo?feat=embedwebsite\"><img loading=\"lazy\" decoding=\"async\" class=\"aligncenter\" src=\"https:\/\/lh5.googleusercontent.com\/-DV46MYE2jfA\/UwJvhF6CWfI\/AAAAAAAAANo\/YdS7hrtf8g8\/s400\/Qu%25C3%25A8%2520hem%2520apr%25C3%25A8s_Page_1.jpg\" alt=\"\" width=\"283\" height=\"400\" \/><\/a><\/td>\n<\/tr>\n<tr>\n<td style=\"font-family: arial,sans-serif; font-size: 11px; text-align: right;\">De <a href=\"https:\/\/picasaweb.google.com\/112253882469392524569\/VanGogh?authuser=0&amp;feat=embedwebsite\">Van Gogh<\/a><\/td>\n<\/tr>\n<\/tbody>\n<\/table>\n<p><img loading=\"lazy\" decoding=\"async\" class=\"aligncenter\" style=\"line-height: 17.920000076293945px;\" src=\"https:\/\/lh4.googleusercontent.com\/-J4tRZbUbqps\/UwJvhOsJnoI\/AAAAAAAAANs\/t3vzSBHFfrY\/s400\/Qu%25C3%25A8%2520hem%2520apr%25C3%25A8s_Page_2.jpg\" alt=\"\" width=\"283\" height=\"400\" \/><\/p>\n<table style=\"width: auto;\">\n<tbody>\n<tr>\n<td style=\"font-family: arial,sans-serif; font-size: 11px; text-align: right;\">De <a href=\"https:\/\/picasaweb.google.com\/112253882469392524569\/VanGogh?authuser=0&amp;authkey=Gv1sRgCLTU9tjQwu3MBA&amp;feat=embedwebsite\">Van Gogh<\/a><\/td>\n<\/tr>\n<\/tbody>\n<\/table>\n<p>Tamb\u00e9 hem creat un quadre inspirant-nos en un quadre de l&#8217;artista; Els Gira-sols, per\u00f2 ho hem fet a la nostra manera, en volum.<\/p>\n<p>Aqu\u00ed teniu unes imatges del proc\u00e9s de creaci\u00f3 dels nostres Gira-sols.<\/p>\n<p><object width=\"600\" height=\"400\" classid=\"clsid:d27cdb6e-ae6d-11cf-96b8-444553540000\" codebase=\"http:\/\/download.macromedia.com\/pub\/shockwave\/cabs\/flash\/swflash.cab#version=6,0,40,0\"><param name=\"src\" value=\"https:\/\/static.googleusercontent.com\/external_content\/picasaweb.googleusercontent.com\/slideshow.swf\" \/><param name=\"flashvars\" value=\"host=picasaweb.google.com&amp;hl=es&amp;feat=flashalbum&amp;RGB=0x000000&amp;feed=https%3A%2F%2Fpicasaweb.google.com%2Fdata%2Ffeed%2Fapi%2Fuser%2F112253882469392524569%2Falbumid%2F5981455814316571377%3Falt%3Drss%26kind%3Dphoto%26authkey%3DGv1sRgCLmR3cWdqr_MjAE%26hl%3Des\" \/><param name=\"pluginspage\" value=\"http:\/\/www.macromedia.com\/go\/getflashplayer\" \/><embed width=\"600\" height=\"400\" type=\"application\/x-shockwave-flash\" src=\"https:\/\/static.googleusercontent.com\/external_content\/picasaweb.googleusercontent.com\/slideshow.swf\" flashvars=\"host=picasaweb.google.com&amp;hl=es&amp;feat=flashalbum&amp;RGB=0x000000&amp;feed=https%3A%2F%2Fpicasaweb.google.com%2Fdata%2Ffeed%2Fapi%2Fuser%2F112253882469392524569%2Falbumid%2F5981455814316571377%3Falt%3Drss%26kind%3Dphoto%26authkey%3DGv1sRgCLmR3cWdqr_MjAE%26hl%3Des\" pluginspage=\"http:\/\/www.macromedia.com\/go\/getflashplayer\" \/><\/object><\/p>\n","protected":false},"excerpt":{"rendered":"<p>Aquest segon trimestre, els nens\/es de la classe de 5\u00e8 han iniciat un projecte amb molta il\u00b7lusi\u00f3.<br \/>\nEL PROJECTE SOBRE VINCENT VAN GOGH<\/p>\n","protected":false},"author":5,"featured_media":0,"comment_status":"open","ping_status":"open","sticky":false,"template":"","format":"standard","meta":{"_bbp_topic_count":0,"_bbp_reply_count":0,"_bbp_total_topic_count":0,"_bbp_total_reply_count":0,"_bbp_voice_count":0,"_bbp_anonymous_reply_count":0,"_bbp_topic_count_hidden":0,"_bbp_reply_count_hidden":0,"_bbp_forum_subforum_count":0,"footnotes":""},"categories":[14],"tags":[95,17,51,61],"class_list":["post-513","post","type-post","status-publish","format-standard","hentry","category-promocio-2008-17","tag-5e","tag-plastica","tag-projecte","tag-van-gogh"],"post_mailing_queue_ids":[],"_links":{"self":[{"href":"https:\/\/agora.xtec.cat\/escolaelroure\/wp-json\/wp\/v2\/posts\/513","targetHints":{"allow":["GET"]}}],"collection":[{"href":"https:\/\/agora.xtec.cat\/escolaelroure\/wp-json\/wp\/v2\/posts"}],"about":[{"href":"https:\/\/agora.xtec.cat\/escolaelroure\/wp-json\/wp\/v2\/types\/post"}],"author":[{"embeddable":true,"href":"https:\/\/agora.xtec.cat\/escolaelroure\/wp-json\/wp\/v2\/users\/5"}],"replies":[{"embeddable":true,"href":"https:\/\/agora.xtec.cat\/escolaelroure\/wp-json\/wp\/v2\/comments?post=513"}],"version-history":[{"count":3,"href":"https:\/\/agora.xtec.cat\/escolaelroure\/wp-json\/wp\/v2\/posts\/513\/revisions"}],"predecessor-version":[{"id":1463,"href":"https:\/\/agora.xtec.cat\/escolaelroure\/wp-json\/wp\/v2\/posts\/513\/revisions\/1463"}],"wp:attachment":[{"href":"https:\/\/agora.xtec.cat\/escolaelroure\/wp-json\/wp\/v2\/media?parent=513"}],"wp:term":[{"taxonomy":"category","embeddable":true,"href":"https:\/\/agora.xtec.cat\/escolaelroure\/wp-json\/wp\/v2\/categories?post=513"},{"taxonomy":"post_tag","embeddable":true,"href":"https:\/\/agora.xtec.cat\/escolaelroure\/wp-json\/wp\/v2\/tags?post=513"}],"curies":[{"name":"wp","href":"https:\/\/api.w.org\/{rel}","templated":true}]}}