{"id":3879,"date":"2019-03-14T10:57:59","date_gmt":"2019-03-14T09:57:59","guid":{"rendered":"http:\/\/agora.xtec.cat\/escolaelroure\/?p=3879"},"modified":"2019-03-14T10:57:59","modified_gmt":"2019-03-14T09:57:59","slug":"el-dia-de-les-llengues-maternes","status":"publish","type":"post","link":"https:\/\/agora.xtec.cat\/escolaelroure\/promocio-2010-2019\/el-dia-de-les-llengues-maternes\/","title":{"rendered":"El d\u00eda de les Lleng\u00fces Maternes"},"content":{"rendered":"<p>Bon dia fam\u00edlies!<\/p>\n<p>Us parlarem del dia de les lleng\u00fces maternes. Durant unes setmanes, cada classe ha estat estudiant diverses can\u00e7ons del m\u00f3n. Per exemple 4t va fer una bonica can\u00e7\u00f3 en Alemany,\u00a0 5\u00e8A una can\u00e7\u00f3 en Romanes i 6\u00e8 en Portugu\u00e8s.<\/p>\n<p>El Divendres 22 de febrer, vam fer el concert on tota l&#8217;escola es va reunir al pati per cantar les can\u00e7ons estudiades.<\/p>\n<p>Les fam\u00edlies van gaudir molt i els nens es van divertir molt!<\/p>\n<p>El Dilluns, 5\u00e8 i 6\u00e8 van fer uns gr\u00e0fics de les lleng\u00fces maternes de tota l&#8217;escola.<\/p>\n<p>&nbsp;<\/p>\n<p>Redactors: Alba, Iria, Quique i \u00c0ngel<\/p>\n","protected":false},"excerpt":{"rendered":"<p>Bon dia fam\u00edlies!<br \/>\nUs parlarem del dia de les lleng\u00fces maternes. Durant unes setmanes, cada classe ha estat estudiant diverses can\u00e7ons del m\u00f3n. Per exemple 4t va fer una bonica can\u00e7\u00f3 en Alemany,\u00a0 5\u00e8A una can\u00e7\u00f3 en Romanes i 6\u00e8 en Portugu\u00e8s.<br \/>\nEl Divendres 22 de febrer,&hellip;  <a href=\"https:\/\/agora.xtec.cat\/escolaelroure\/promocio-2010-2019\/el-dia-de-les-llengues-maternes\/\" title=\"Read El d\u00eda de les Lleng\u00fces Maternes\">Llegeix m\u00e9s\u00bb<\/a><\/p>\n","protected":false},"author":1,"featured_media":0,"comment_status":"open","ping_status":"closed","sticky":false,"template":"","format":"standard","meta":{"_bbp_topic_count":0,"_bbp_reply_count":0,"_bbp_total_topic_count":0,"_bbp_total_reply_count":0,"_bbp_voice_count":0,"_bbp_anonymous_reply_count":0,"_bbp_topic_count_hidden":0,"_bbp_reply_count_hidden":0,"_bbp_forum_subforum_count":0,"footnotes":""},"categories":[12],"tags":[],"class_list":["post-3879","post","type-post","status-publish","format-standard","hentry","category-promocio-2010-2019"],"post_mailing_queue_ids":[],"_links":{"self":[{"href":"https:\/\/agora.xtec.cat\/escolaelroure\/wp-json\/wp\/v2\/posts\/3879","targetHints":{"allow":["GET"]}}],"collection":[{"href":"https:\/\/agora.xtec.cat\/escolaelroure\/wp-json\/wp\/v2\/posts"}],"about":[{"href":"https:\/\/agora.xtec.cat\/escolaelroure\/wp-json\/wp\/v2\/types\/post"}],"author":[{"embeddable":true,"href":"https:\/\/agora.xtec.cat\/escolaelroure\/wp-json\/wp\/v2\/users\/1"}],"replies":[{"embeddable":true,"href":"https:\/\/agora.xtec.cat\/escolaelroure\/wp-json\/wp\/v2\/comments?post=3879"}],"version-history":[{"count":3,"href":"https:\/\/agora.xtec.cat\/escolaelroure\/wp-json\/wp\/v2\/posts\/3879\/revisions"}],"predecessor-version":[{"id":3956,"href":"https:\/\/agora.xtec.cat\/escolaelroure\/wp-json\/wp\/v2\/posts\/3879\/revisions\/3956"}],"wp:attachment":[{"href":"https:\/\/agora.xtec.cat\/escolaelroure\/wp-json\/wp\/v2\/media?parent=3879"}],"wp:term":[{"taxonomy":"category","embeddable":true,"href":"https:\/\/agora.xtec.cat\/escolaelroure\/wp-json\/wp\/v2\/categories?post=3879"},{"taxonomy":"post_tag","embeddable":true,"href":"https:\/\/agora.xtec.cat\/escolaelroure\/wp-json\/wp\/v2\/tags?post=3879"}],"curies":[{"name":"wp","href":"https:\/\/api.w.org\/{rel}","templated":true}]}}