{"id":2706,"date":"2016-11-08T19:27:06","date_gmt":"2016-11-08T18:27:06","guid":{"rendered":"http:\/\/agora.xtec.cat\/escolaelroure\/?p=2706"},"modified":"2017-09-20T19:43:48","modified_gmt":"2017-09-20T17:43:48","slug":"el-tunel-del-terror-de-6e-2","status":"publish","type":"post","link":"https:\/\/agora.xtec.cat\/escolaelroure\/promocio-2008-17\/el-tunel-del-terror-de-6e-2\/","title":{"rendered":"El t\u00fanel del terror de 6\u00e8"},"content":{"rendered":"<p>Aqu\u00ed us deixem una mostra de com\u00a0s&#8217;ho van passar els alumnes de 6\u00e8 fent el t\u00fanel del terror!<\/p>\n<p>Gr\u00e0cies pares i mares per ajudar-nos en la creaci\u00f3 del t\u00fanel del terror i el maquillatge!<\/p>\n<p><iframe loading=\"lazy\" src=\"\/\/www.youtube.com\/embed\/q9BYx9sUcuY\" width=\"560\" height=\"314\" allowfullscreen=\"allowfullscreen\"><\/iframe><\/p>\n","protected":false},"excerpt":{"rendered":"<p>Aqu\u00ed us deixem una mostra de com\u00a0s&#8217;ho van passar els alumnes de 6\u00e8 fent el t\u00fanel del terror!<br \/>\nGr\u00e0cies pares i mares per ajudar-nos en la creaci\u00f3 del t\u00fanel del terror i el maquillatge!<\/p>\n","protected":false},"author":5,"featured_media":2708,"comment_status":"open","ping_status":"open","sticky":false,"template":"","format":"standard","meta":{"_bbp_topic_count":0,"_bbp_reply_count":0,"_bbp_total_topic_count":0,"_bbp_total_reply_count":0,"_bbp_voice_count":0,"_bbp_anonymous_reply_count":0,"_bbp_topic_count_hidden":0,"_bbp_reply_count_hidden":0,"_bbp_forum_subforum_count":0,"footnotes":""},"categories":[25,14],"tags":[211,207,210,209,208],"class_list":["post-2706","post","type-post","status-publish","format-standard","has-post-thumbnail","hentry","category-celebracions","category-promocio-2008-17","tag-castanyada","tag-halloween","tag-maquillatge","tag-por","tag-tuneldelterror"],"post_mailing_queue_ids":[],"_links":{"self":[{"href":"https:\/\/agora.xtec.cat\/escolaelroure\/wp-json\/wp\/v2\/posts\/2706","targetHints":{"allow":["GET"]}}],"collection":[{"href":"https:\/\/agora.xtec.cat\/escolaelroure\/wp-json\/wp\/v2\/posts"}],"about":[{"href":"https:\/\/agora.xtec.cat\/escolaelroure\/wp-json\/wp\/v2\/types\/post"}],"author":[{"embeddable":true,"href":"https:\/\/agora.xtec.cat\/escolaelroure\/wp-json\/wp\/v2\/users\/5"}],"replies":[{"embeddable":true,"href":"https:\/\/agora.xtec.cat\/escolaelroure\/wp-json\/wp\/v2\/comments?post=2706"}],"version-history":[{"count":3,"href":"https:\/\/agora.xtec.cat\/escolaelroure\/wp-json\/wp\/v2\/posts\/2706\/revisions"}],"predecessor-version":[{"id":2710,"href":"https:\/\/agora.xtec.cat\/escolaelroure\/wp-json\/wp\/v2\/posts\/2706\/revisions\/2710"}],"wp:featuredmedia":[{"embeddable":true,"href":"https:\/\/agora.xtec.cat\/escolaelroure\/wp-json\/wp\/v2\/media\/2708"}],"wp:attachment":[{"href":"https:\/\/agora.xtec.cat\/escolaelroure\/wp-json\/wp\/v2\/media?parent=2706"}],"wp:term":[{"taxonomy":"category","embeddable":true,"href":"https:\/\/agora.xtec.cat\/escolaelroure\/wp-json\/wp\/v2\/categories?post=2706"},{"taxonomy":"post_tag","embeddable":true,"href":"https:\/\/agora.xtec.cat\/escolaelroure\/wp-json\/wp\/v2\/tags?post=2706"}],"curies":[{"name":"wp","href":"https:\/\/api.w.org\/{rel}","templated":true}]}}