{"id":2455,"date":"2016-04-26T20:57:59","date_gmt":"2016-04-26T19:57:59","guid":{"rendered":"http:\/\/agora.xtec.cat\/escolaelroure\/?p=2455"},"modified":"2016-04-26T22:01:20","modified_gmt":"2016-04-26T21:01:20","slug":"la-llegenda-de-sant-jordi","status":"publish","type":"post","link":"https:\/\/agora.xtec.cat\/escolaelroure\/primaria\/la-llegenda-de-sant-jordi\/","title":{"rendered":"La llegenda de Sant Jordi"},"content":{"rendered":"<p>Els alumnes de 4t de la nostra escola El Roure, hem estat preparant durant molt de temps aquesta obra de teatre, amb molta il.lusi\u00f3 i ganes. Ha sigut molt divertit, i hem apr\u00e9s moltes coses&#8230; gr\u00e0cies a la Marta que ens ha ajudat molt.<br \/>\nA veure si us agrada!!! Esperem els vostres comentaris i que voteu amb el dit gros cap a d&#8217;alt&#8230;<br \/>\n<center><iframe loading=\"lazy\" src=\"https:\/\/www.youtube.com\/embed\/v4AJabCBAAc\" width=\"640\" height=\"360\" frameborder=\"0\" allowfullscreen=\"allowfullscreen\"><\/iframe><\/center><\/p>\n","protected":false},"excerpt":{"rendered":"<p>Els alumnes de 4t de la nostra escola El Roure, hem estat preparant durant molt de temps aquesta obra de teatre, amb molta il.lusi\u00f3 i ganes. Ha sigut molt divertit, i hem apr\u00e9s moltes coses&#8230; gr\u00e0cies a la Marta que ens ha ajudat molt.<br \/>\nA veure&hellip;  <a href=\"https:\/\/agora.xtec.cat\/escolaelroure\/primaria\/la-llegenda-de-sant-jordi\/\" title=\"Read La llegenda de Sant Jordi\">Llegeix m\u00e9s\u00bb<\/a><\/p>\n","protected":false},"author":1,"featured_media":0,"comment_status":"open","ping_status":"open","sticky":false,"template":"","format":"standard","meta":{"_bbp_topic_count":0,"_bbp_reply_count":0,"_bbp_total_topic_count":0,"_bbp_total_reply_count":0,"_bbp_voice_count":0,"_bbp_anonymous_reply_count":0,"_bbp_topic_count_hidden":0,"_bbp_reply_count_hidden":0,"_bbp_forum_subforum_count":0,"footnotes":""},"categories":[25,26,27,30,5,13],"tags":[],"class_list":["post-2455","post","type-post","status-publish","format-standard","hentry","category-celebracions","category-especialitats","category-festes","category-musica","category-primaria","category-promocio"],"post_mailing_queue_ids":[],"_links":{"self":[{"href":"https:\/\/agora.xtec.cat\/escolaelroure\/wp-json\/wp\/v2\/posts\/2455","targetHints":{"allow":["GET"]}}],"collection":[{"href":"https:\/\/agora.xtec.cat\/escolaelroure\/wp-json\/wp\/v2\/posts"}],"about":[{"href":"https:\/\/agora.xtec.cat\/escolaelroure\/wp-json\/wp\/v2\/types\/post"}],"author":[{"embeddable":true,"href":"https:\/\/agora.xtec.cat\/escolaelroure\/wp-json\/wp\/v2\/users\/1"}],"replies":[{"embeddable":true,"href":"https:\/\/agora.xtec.cat\/escolaelroure\/wp-json\/wp\/v2\/comments?post=2455"}],"version-history":[{"count":2,"href":"https:\/\/agora.xtec.cat\/escolaelroure\/wp-json\/wp\/v2\/posts\/2455\/revisions"}],"predecessor-version":[{"id":2458,"href":"https:\/\/agora.xtec.cat\/escolaelroure\/wp-json\/wp\/v2\/posts\/2455\/revisions\/2458"}],"wp:attachment":[{"href":"https:\/\/agora.xtec.cat\/escolaelroure\/wp-json\/wp\/v2\/media?parent=2455"}],"wp:term":[{"taxonomy":"category","embeddable":true,"href":"https:\/\/agora.xtec.cat\/escolaelroure\/wp-json\/wp\/v2\/categories?post=2455"},{"taxonomy":"post_tag","embeddable":true,"href":"https:\/\/agora.xtec.cat\/escolaelroure\/wp-json\/wp\/v2\/tags?post=2455"}],"curies":[{"name":"wp","href":"https:\/\/api.w.org\/{rel}","templated":true}]}}