{"id":21864,"date":"2025-11-05T11:55:53","date_gmt":"2025-11-05T10:55:53","guid":{"rendered":"https:\/\/agora.xtec.cat\/escolaelroure\/?p=21864"},"modified":"2025-11-05T11:55:53","modified_gmt":"2025-11-05T10:55:53","slug":"ens-endinsem-en-el-mon-de-halloween-2","status":"publish","type":"post","link":"https:\/\/agora.xtec.cat\/escolaelroure\/primaria\/ens-endinsem-en-el-mon-de-halloween-2\/","title":{"rendered":"Ens endinsem en el m\u00f3n de Halloween!"},"content":{"rendered":"<p data-pm-slice=\"1 1 []\">Al llarg del mes d\u2019octubre, l\u2019alumnat de Cicle Inicial s\u2019ha endinsat en la tem\u00e0tica de Halloween! Hem realitzat moltes activitats que ens han perm\u00e8s con\u00e8ixer millor aquesta festivitat, la seva celebraci\u00f3 als Estats Units i els seus or\u00edgens.<\/p>\n<p data-pm-slice=\"1 1 []\">Hem apr\u00e8s nou vocabulari, hem jugat i fins i tot hem apr\u00e8s poemes que ens han fet passar una bona estona.<\/p>\n<p>I per posar-hi punt i final, el 31 d\u2019octubre vam fer un divertit Trick or Treat a la classe que va endolcir-nos el mat\u00ed i va tancar una setmana plena d\u2019emocions i aprenentatges.<\/p>\n<p>Ara que Halloween ja ha passat&#8230; qui ser\u00e0 la seg\u00fcent festivitat que celebrarem? Esteu preparats per descobrir-ho? \ud83d\udc40<\/p>\n<p><a href=\"https:\/\/agora.xtec.cat\/escolaelroure\/wp-content\/uploads\/usu557\/2025\/11\/halloween-CI.jpg\"><img loading=\"lazy\" decoding=\"async\" class=\"alignnone size-large wp-image-21861\" src=\"https:\/\/agora.xtec.cat\/escolaelroure\/wp-content\/uploads\/usu557\/2025\/11\/halloween-CI-1024x1024.jpg\" alt=\"\" width=\"1024\" height=\"1024\" srcset=\"https:\/\/agora.xtec.cat\/escolaelroure\/wp-content\/uploads\/usu557\/2025\/11\/halloween-CI-1024x1024.jpg 1024w, https:\/\/agora.xtec.cat\/escolaelroure\/wp-content\/uploads\/usu557\/2025\/11\/halloween-CI-300x300.jpg 300w, https:\/\/agora.xtec.cat\/escolaelroure\/wp-content\/uploads\/usu557\/2025\/11\/halloween-CI-150x150.jpg 150w, https:\/\/agora.xtec.cat\/escolaelroure\/wp-content\/uploads\/usu557\/2025\/11\/halloween-CI-768x768.jpg 768w, https:\/\/agora.xtec.cat\/escolaelroure\/wp-content\/uploads\/usu557\/2025\/11\/halloween-CI.jpg 1080w\" sizes=\"auto, (max-width: 1024px) 100vw, 1024px\" \/><\/a><\/p>\n","protected":false},"excerpt":{"rendered":"<p>Al llarg del mes d\u2019octubre, l\u2019alumnat de Cicle Inicial s\u2019ha endinsat en la tem\u00e0tica de Halloween! Hem realitzat moltes activitats que ens han perm\u00e8s con\u00e8ixer millor aquesta festivitat, la seva celebraci\u00f3 als Estats Units i els seus or\u00edgens.<br \/>\nHem apr\u00e8s nou vocabulari, hem jugat i fins&hellip;  <a href=\"https:\/\/agora.xtec.cat\/escolaelroure\/primaria\/ens-endinsem-en-el-mon-de-halloween-2\/\" title=\"Read Ens endinsem en el m\u00f3n de Halloween!\">Llegeix m\u00e9s\u00bb<\/a><\/p>\n","protected":false},"author":86,"featured_media":0,"comment_status":"open","ping_status":"open","sticky":false,"template":"","format":"standard","meta":{"_bbp_topic_count":0,"_bbp_reply_count":0,"_bbp_total_topic_count":0,"_bbp_total_reply_count":0,"_bbp_voice_count":0,"_bbp_anonymous_reply_count":0,"_bbp_topic_count_hidden":0,"_bbp_reply_count_hidden":0,"_bbp_forum_subforum_count":0,"footnotes":""},"categories":[5],"tags":[114,125,152],"class_list":["post-21864","post","type-post","status-publish","format-standard","hentry","category-primaria","tag-1r","tag-2n","tag-cicle-inicial"],"post_mailing_queue_ids":[],"_links":{"self":[{"href":"https:\/\/agora.xtec.cat\/escolaelroure\/wp-json\/wp\/v2\/posts\/21864","targetHints":{"allow":["GET"]}}],"collection":[{"href":"https:\/\/agora.xtec.cat\/escolaelroure\/wp-json\/wp\/v2\/posts"}],"about":[{"href":"https:\/\/agora.xtec.cat\/escolaelroure\/wp-json\/wp\/v2\/types\/post"}],"author":[{"embeddable":true,"href":"https:\/\/agora.xtec.cat\/escolaelroure\/wp-json\/wp\/v2\/users\/86"}],"replies":[{"embeddable":true,"href":"https:\/\/agora.xtec.cat\/escolaelroure\/wp-json\/wp\/v2\/comments?post=21864"}],"version-history":[{"count":1,"href":"https:\/\/agora.xtec.cat\/escolaelroure\/wp-json\/wp\/v2\/posts\/21864\/revisions"}],"predecessor-version":[{"id":21865,"href":"https:\/\/agora.xtec.cat\/escolaelroure\/wp-json\/wp\/v2\/posts\/21864\/revisions\/21865"}],"wp:attachment":[{"href":"https:\/\/agora.xtec.cat\/escolaelroure\/wp-json\/wp\/v2\/media?parent=21864"}],"wp:term":[{"taxonomy":"category","embeddable":true,"href":"https:\/\/agora.xtec.cat\/escolaelroure\/wp-json\/wp\/v2\/categories?post=21864"},{"taxonomy":"post_tag","embeddable":true,"href":"https:\/\/agora.xtec.cat\/escolaelroure\/wp-json\/wp\/v2\/tags?post=21864"}],"curies":[{"name":"wp","href":"https:\/\/api.w.org\/{rel}","templated":true}]}}