{"id":21819,"date":"2025-10-14T16:02:45","date_gmt":"2025-10-14T14:02:45","guid":{"rendered":"https:\/\/agora.xtec.cat\/escolaelroure\/?p=21819"},"modified":"2025-10-14T16:02:45","modified_gmt":"2025-10-14T14:02:45","slug":"els-dijous-a-la-tarda-temps-de-tallers","status":"publish","type":"post","link":"https:\/\/agora.xtec.cat\/escolaelroure\/primaria\/els-dijous-a-la-tarda-temps-de-tallers\/","title":{"rendered":"Els dijous a la tarda, temps de tallers!"},"content":{"rendered":"<p>Els dijous a la tarda, l\u2019alumnat de 1r i 2n ha iniciat els tallers!<\/p>\n<p>N\u2019hi ha de tres tipus: un de llengua, un de mates i un de rob\u00f2tica en angl\u00e8s. A m\u00e9s, els alumnes dels dos cursos es barregen per treballar junts, compartir idees i aprendre els uns dels altres.<\/p>\n<p>Cada setmana, els grups aniran passant per un taller nou, de manera que tothom pugui experimentar, descobrir i aprendre de formes diferents.<\/p>\n<p><a href=\"https:\/\/agora.xtec.cat\/escolaelroure\/wp-content\/uploads\/usu557\/2025\/10\/Diseno-sin-titulo-2.jpg\"><img loading=\"lazy\" decoding=\"async\" class=\"alignnone size-large wp-image-21811\" src=\"https:\/\/agora.xtec.cat\/escolaelroure\/wp-content\/uploads\/usu557\/2025\/10\/Diseno-sin-titulo-2-1024x819.jpg\" alt=\"\" width=\"1024\" height=\"819\" srcset=\"https:\/\/agora.xtec.cat\/escolaelroure\/wp-content\/uploads\/usu557\/2025\/10\/Diseno-sin-titulo-2-1024x819.jpg 1024w, https:\/\/agora.xtec.cat\/escolaelroure\/wp-content\/uploads\/usu557\/2025\/10\/Diseno-sin-titulo-2-300x240.jpg 300w, https:\/\/agora.xtec.cat\/escolaelroure\/wp-content\/uploads\/usu557\/2025\/10\/Diseno-sin-titulo-2-768x614.jpg 768w, https:\/\/agora.xtec.cat\/escolaelroure\/wp-content\/uploads\/usu557\/2025\/10\/Diseno-sin-titulo-2-1536x1229.jpg 1536w, https:\/\/agora.xtec.cat\/escolaelroure\/wp-content\/uploads\/usu557\/2025\/10\/Diseno-sin-titulo-2.jpg 2000w\" sizes=\"auto, (max-width: 1024px) 100vw, 1024px\" \/><\/a><\/p>\n","protected":false},"excerpt":{"rendered":"<p>Els dijous a la tarda, l\u2019alumnat de 1r i 2n ha iniciat els tallers!<br \/>\nN\u2019hi ha de tres tipus: un de llengua, un de mates i un de rob\u00f2tica en angl\u00e8s. A m\u00e9s, els alumnes dels dos cursos es barregen per treballar junts, compartir idees i&hellip;  <a href=\"https:\/\/agora.xtec.cat\/escolaelroure\/primaria\/els-dijous-a-la-tarda-temps-de-tallers\/\" title=\"Read Els dijous a la tarda, temps de tallers!\">Llegeix m\u00e9s\u00bb<\/a><\/p>\n","protected":false},"author":86,"featured_media":0,"comment_status":"open","ping_status":"open","sticky":false,"template":"","format":"standard","meta":{"_bbp_topic_count":0,"_bbp_reply_count":0,"_bbp_total_topic_count":0,"_bbp_total_reply_count":0,"_bbp_voice_count":0,"_bbp_anonymous_reply_count":0,"_bbp_topic_count_hidden":0,"_bbp_reply_count_hidden":0,"_bbp_forum_subforum_count":0,"footnotes":""},"categories":[331,294,34,273,257,5,348,121],"tags":[],"class_list":["post-21819","post","type-post","status-publish","format-standard","hentry","category-1r","category-2n","category-angles-especialitats","category-cicleinicial","category-matematiques","category-primaria","category-robotica","category-tallers"],"post_mailing_queue_ids":[],"_links":{"self":[{"href":"https:\/\/agora.xtec.cat\/escolaelroure\/wp-json\/wp\/v2\/posts\/21819","targetHints":{"allow":["GET"]}}],"collection":[{"href":"https:\/\/agora.xtec.cat\/escolaelroure\/wp-json\/wp\/v2\/posts"}],"about":[{"href":"https:\/\/agora.xtec.cat\/escolaelroure\/wp-json\/wp\/v2\/types\/post"}],"author":[{"embeddable":true,"href":"https:\/\/agora.xtec.cat\/escolaelroure\/wp-json\/wp\/v2\/users\/86"}],"replies":[{"embeddable":true,"href":"https:\/\/agora.xtec.cat\/escolaelroure\/wp-json\/wp\/v2\/comments?post=21819"}],"version-history":[{"count":1,"href":"https:\/\/agora.xtec.cat\/escolaelroure\/wp-json\/wp\/v2\/posts\/21819\/revisions"}],"predecessor-version":[{"id":21820,"href":"https:\/\/agora.xtec.cat\/escolaelroure\/wp-json\/wp\/v2\/posts\/21819\/revisions\/21820"}],"wp:attachment":[{"href":"https:\/\/agora.xtec.cat\/escolaelroure\/wp-json\/wp\/v2\/media?parent=21819"}],"wp:term":[{"taxonomy":"category","embeddable":true,"href":"https:\/\/agora.xtec.cat\/escolaelroure\/wp-json\/wp\/v2\/categories?post=21819"},{"taxonomy":"post_tag","embeddable":true,"href":"https:\/\/agora.xtec.cat\/escolaelroure\/wp-json\/wp\/v2\/tags?post=21819"}],"curies":[{"name":"wp","href":"https:\/\/api.w.org\/{rel}","templated":true}]}}