{"id":21791,"date":"2025-10-07T13:01:40","date_gmt":"2025-10-07T11:01:40","guid":{"rendered":"https:\/\/agora.xtec.cat\/escolaelroure\/?p=21791"},"modified":"2025-10-07T13:01:40","modified_gmt":"2025-10-07T11:01:40","slug":"histories-que-viatgen-de-la-biblioteca-a-casa","status":"publish","type":"post","link":"https:\/\/agora.xtec.cat\/escolaelroure\/infantil\/histories-que-viatgen-de-la-biblioteca-a-casa\/","title":{"rendered":"Hist\u00f2ries que viatgen de la biblioteca a casa"},"content":{"rendered":"<p>La setmana passada vam rebre la visita de la <em><strong>Biblioteca de Sant Fost<\/strong><\/em> al nostre centre. Gr\u00e0cies a aquesta col\u00b7laboraci\u00f3, hem iniciat el servei de pr\u00e9stec de contes per a tot l\u2019alumnat.<\/p>\n<p>Els nens i nenes d\u2019infantil es quedaran els contes a l\u2019escola per gaudir-los a les aules, mentre que els alumnes de prim\u00e0ria podran emportar-se llibres a casa. Tenim una gran varietat de contes perqu\u00e8 cadasc\u00fa pugui trobar aquell que m\u00e9s li agradi!<\/p>\n<p>Llegir \u00e9s una manera fant\u00e0stica de cr\u00e9ixer, imaginar i aprendre. Us animem a compartir aquestes estones de lectura en fam\u00edlia i a continuar gaudint dels llibres tamb\u00e9 des de casa.<\/p>\n<p><a href=\"https:\/\/agora.xtec.cat\/escolaelroure\/wp-content\/uploads\/usu557\/2025\/10\/1000121957-2-scaled.jpg\"><img loading=\"lazy\" decoding=\"async\" class=\"alignnone size-large wp-image-21792\" src=\"https:\/\/agora.xtec.cat\/escolaelroure\/wp-content\/uploads\/usu557\/2025\/10\/1000121957-2-768x1024.jpg\" alt=\"\" width=\"768\" height=\"1024\" srcset=\"https:\/\/agora.xtec.cat\/escolaelroure\/wp-content\/uploads\/usu557\/2025\/10\/1000121957-2-768x1024.jpg 768w, https:\/\/agora.xtec.cat\/escolaelroure\/wp-content\/uploads\/usu557\/2025\/10\/1000121957-2-225x300.jpg 225w, https:\/\/agora.xtec.cat\/escolaelroure\/wp-content\/uploads\/usu557\/2025\/10\/1000121957-2-1152x1536.jpg 1152w, https:\/\/agora.xtec.cat\/escolaelroure\/wp-content\/uploads\/usu557\/2025\/10\/1000121957-2-1536x2048.jpg 1536w, https:\/\/agora.xtec.cat\/escolaelroure\/wp-content\/uploads\/usu557\/2025\/10\/1000121957-2-scaled.jpg 1920w\" sizes=\"auto, (max-width: 768px) 100vw, 768px\" \/><\/a><\/p>\n","protected":false},"excerpt":{"rendered":"<p>La setmana passada vam rebre la visita de la Biblioteca de Sant Fost al nostre centre. Gr\u00e0cies a aquesta col\u00b7laboraci\u00f3, hem iniciat el servei de pr\u00e9stec de contes per a tot l\u2019alumnat.<br \/>\nEls nens i nenes d\u2019infantil es quedaran els contes a l\u2019escola per gaudir-los a&hellip;  <a href=\"https:\/\/agora.xtec.cat\/escolaelroure\/infantil\/histories-que-viatgen-de-la-biblioteca-a-casa\/\" title=\"Read Hist\u00f2ries que viatgen de la biblioteca a casa\">Llegeix m\u00e9s\u00bb<\/a><\/p>\n","protected":false},"author":86,"featured_media":0,"comment_status":"open","ping_status":"open","sticky":false,"template":"","format":"standard","meta":{"_bbp_topic_count":0,"_bbp_reply_count":0,"_bbp_total_topic_count":0,"_bbp_total_reply_count":0,"_bbp_voice_count":0,"_bbp_anonymous_reply_count":0,"_bbp_topic_count_hidden":0,"_bbp_reply_count_hidden":0,"_bbp_forum_subforum_count":0,"footnotes":""},"categories":[367,273,274,275,2],"tags":[],"class_list":["post-21791","post","type-post","status-publish","format-standard","hentry","category-biblioteca","category-cicleinicial","category-ciclemitja","category-ciclesuperior","category-infantil"],"post_mailing_queue_ids":[],"_links":{"self":[{"href":"https:\/\/agora.xtec.cat\/escolaelroure\/wp-json\/wp\/v2\/posts\/21791","targetHints":{"allow":["GET"]}}],"collection":[{"href":"https:\/\/agora.xtec.cat\/escolaelroure\/wp-json\/wp\/v2\/posts"}],"about":[{"href":"https:\/\/agora.xtec.cat\/escolaelroure\/wp-json\/wp\/v2\/types\/post"}],"author":[{"embeddable":true,"href":"https:\/\/agora.xtec.cat\/escolaelroure\/wp-json\/wp\/v2\/users\/86"}],"replies":[{"embeddable":true,"href":"https:\/\/agora.xtec.cat\/escolaelroure\/wp-json\/wp\/v2\/comments?post=21791"}],"version-history":[{"count":2,"href":"https:\/\/agora.xtec.cat\/escolaelroure\/wp-json\/wp\/v2\/posts\/21791\/revisions"}],"predecessor-version":[{"id":21794,"href":"https:\/\/agora.xtec.cat\/escolaelroure\/wp-json\/wp\/v2\/posts\/21791\/revisions\/21794"}],"wp:attachment":[{"href":"https:\/\/agora.xtec.cat\/escolaelroure\/wp-json\/wp\/v2\/media?parent=21791"}],"wp:term":[{"taxonomy":"category","embeddable":true,"href":"https:\/\/agora.xtec.cat\/escolaelroure\/wp-json\/wp\/v2\/categories?post=21791"},{"taxonomy":"post_tag","embeddable":true,"href":"https:\/\/agora.xtec.cat\/escolaelroure\/wp-json\/wp\/v2\/tags?post=21791"}],"curies":[{"name":"wp","href":"https:\/\/api.w.org\/{rel}","templated":true}]}}