{"id":20519,"date":"2022-02-22T08:36:24","date_gmt":"2022-02-22T07:36:24","guid":{"rendered":"https:\/\/agora.xtec.cat\/escolaelroure\/?p=20519"},"modified":"2022-03-02T12:43:49","modified_gmt":"2022-03-02T11:43:49","slug":"covid-abstenia-primaveral-i-ganes-de-jugar","status":"publish","type":"post","link":"https:\/\/agora.xtec.cat\/escolaelroure\/primaria\/covid-abstenia-primaveral-i-ganes-de-jugar\/","title":{"rendered":"COVID, abst\u00e8nia primaveral i ganes de jugar."},"content":{"rendered":"<p><a href=\"https:\/\/agora.xtec.cat\/escolaelroure\/wp-content\/uploads\/usu557\/2022\/02\/Captura-de-pantalla-2022-02-21-141715.png\"><img loading=\"lazy\" decoding=\"async\" class=\"alignnone size-full wp-image-20521\" src=\"https:\/\/agora.xtec.cat\/escolaelroure\/wp-content\/uploads\/usu557\/2022\/02\/Captura-de-pantalla-2022-02-21-141715.png\" alt=\"\" width=\"900\" height=\"450\" srcset=\"https:\/\/agora.xtec.cat\/escolaelroure\/wp-content\/uploads\/usu557\/2022\/02\/Captura-de-pantalla-2022-02-21-141715.png 900w, https:\/\/agora.xtec.cat\/escolaelroure\/wp-content\/uploads\/usu557\/2022\/02\/Captura-de-pantalla-2022-02-21-141715-300x150.png 300w, https:\/\/agora.xtec.cat\/escolaelroure\/wp-content\/uploads\/usu557\/2022\/02\/Captura-de-pantalla-2022-02-21-141715-768x384.png 768w\" sizes=\"auto, (max-width: 900px) 100vw, 900px\" \/><\/a><\/p>\n<p>Quines ganes de passar-ho b\u00e9, de respirar, d&#8217;abra\u00e7ar tenen!!! La primavera ha fet acte de pres\u00e8ncia. Aix\u00f2 sumat a la llarga pand\u00e8mia amb les mesures preventives s&#8217;est\u00e0 fent llarg. Estarem fent costat als canvis d&#8217;humor, frustracions, etc. i vetllarem per l&#8217;estat emocional de prop. Donem un quart de volta m\u00e9s a l&#8217;educaci\u00f3 emocional!<\/p>\n","protected":false},"excerpt":{"rendered":"<p><a href=\"https:\/\/agora.xtec.cat\/escolaelroure\/wp-content\/uploads\/usu557\/2022\/02\/Captura-de-pantalla-2022-02-21-141715.png\"><\/a><br \/>\nQuines ganes de passar-ho b\u00e9, de respirar, d&#8217;abra\u00e7ar tenen!!! La primavera ha fet acte de pres\u00e8ncia. Aix\u00f2 sumat a la llarga pand\u00e8mia amb les mesures preventives s&#8217;est\u00e0 fent llarg. Estarem fent costat als canvis d&#8217;humor, frustracions, etc. i vetllarem per l&#8217;estat emocional de prop.&hellip;  <a href=\"https:\/\/agora.xtec.cat\/escolaelroure\/primaria\/covid-abstenia-primaveral-i-ganes-de-jugar\/\" title=\"Read COVID, abst\u00e8nia primaveral i ganes de jugar.\">Llegeix m\u00e9s\u00bb<\/a><\/p>\n","protected":false},"author":1,"featured_media":0,"comment_status":"open","ping_status":"closed","sticky":false,"template":"","format":"standard","meta":{"_bbp_topic_count":0,"_bbp_reply_count":0,"_bbp_total_topic_count":0,"_bbp_total_reply_count":0,"_bbp_voice_count":0,"_bbp_anonymous_reply_count":0,"_bbp_topic_count_hidden":0,"_bbp_reply_count_hidden":0,"_bbp_forum_subforum_count":0,"footnotes":""},"categories":[274,5,201],"tags":[],"class_list":["post-20519","post","type-post","status-publish","format-standard","hentry","category-ciclemitja","category-primaria","category-prom16-25"],"post_mailing_queue_ids":[],"_links":{"self":[{"href":"https:\/\/agora.xtec.cat\/escolaelroure\/wp-json\/wp\/v2\/posts\/20519","targetHints":{"allow":["GET"]}}],"collection":[{"href":"https:\/\/agora.xtec.cat\/escolaelroure\/wp-json\/wp\/v2\/posts"}],"about":[{"href":"https:\/\/agora.xtec.cat\/escolaelroure\/wp-json\/wp\/v2\/types\/post"}],"author":[{"embeddable":true,"href":"https:\/\/agora.xtec.cat\/escolaelroure\/wp-json\/wp\/v2\/users\/1"}],"replies":[{"embeddable":true,"href":"https:\/\/agora.xtec.cat\/escolaelroure\/wp-json\/wp\/v2\/comments?post=20519"}],"version-history":[{"count":3,"href":"https:\/\/agora.xtec.cat\/escolaelroure\/wp-json\/wp\/v2\/posts\/20519\/revisions"}],"predecessor-version":[{"id":20540,"href":"https:\/\/agora.xtec.cat\/escolaelroure\/wp-json\/wp\/v2\/posts\/20519\/revisions\/20540"}],"wp:attachment":[{"href":"https:\/\/agora.xtec.cat\/escolaelroure\/wp-json\/wp\/v2\/media?parent=20519"}],"wp:term":[{"taxonomy":"category","embeddable":true,"href":"https:\/\/agora.xtec.cat\/escolaelroure\/wp-json\/wp\/v2\/categories?post=20519"},{"taxonomy":"post_tag","embeddable":true,"href":"https:\/\/agora.xtec.cat\/escolaelroure\/wp-json\/wp\/v2\/tags?post=20519"}],"curies":[{"name":"wp","href":"https:\/\/api.w.org\/{rel}","templated":true}]}}