{"id":19883,"date":"2020-12-24T22:13:37","date_gmt":"2020-12-24T21:13:37","guid":{"rendered":"http:\/\/agora.xtec.cat\/escolaelroure\/?p=19883"},"modified":"2020-12-24T22:13:37","modified_gmt":"2020-12-24T21:13:37","slug":"debat-els-graffitis","status":"publish","type":"post","link":"https:\/\/agora.xtec.cat\/escolaelroure\/especialitats\/angles-especialitats\/cicle-superior\/debat-els-graffitis\/","title":{"rendered":"Debat : Els graffitis"},"content":{"rendered":"<p><strong><a href=\"https:\/\/drive.google.com\/file\/d\/1JrxN1IaXA3iWDU4U0sTXy33c-e9BbIZb\/view?usp=sharing\">Els graffitis, s\u00ed o no. Clica aqu\u00ed per veure el debat\u00a0<\/a><\/strong><\/p>\n<h6>Els alumnes de 5\u00e8 A\u00a0 parlen sobre els graffitis. Hi ha un grup &#8220;prograffitis&#8221; amb opinions a favor\u00a0 i un altre grup &#8220;contragraffitis&#8221; amb opinions en contra.\u00a0 Aix\u00f2 s\u00ed, parlen i deixen parlar, el moderador els d\u00f3na la paraula i ells intervenen en ordre. Aqu\u00ed teniu una mostra. Esperem que us agradi. \ud83d\ude0d\ud83d\ude0d<\/h6>\n<p><a href=\"https:\/\/agora.xtec.cat\/escolaelroure\/wp-content\/uploads\/usu557\/2020\/12\/Captura.png1_.png\"><img loading=\"lazy\" decoding=\"async\" class=\"alignnone  wp-image-19887\" src=\"https:\/\/agora.xtec.cat\/escolaelroure\/wp-content\/uploads\/usu557\/2020\/12\/Captura.png1_.png\" alt=\"\" width=\"622\" height=\"351\" \/><\/a><\/p>\n<p>&nbsp;<\/p>\n","protected":false},"excerpt":{"rendered":"<p><a href=\"https:\/\/drive.google.com\/file\/d\/1JrxN1IaXA3iWDU4U0sTXy33c-e9BbIZb\/view?usp=sharing\">Els graffitis, s\u00ed o no. Clica aqu\u00ed per veure el debat\u00a0<\/a><br \/>\nEls alumnes de 5\u00e8 A\u00a0 parlen sobre els graffitis. Hi ha un grup &#8220;prograffitis&#8221; amb opinions a favor\u00a0 i un altre grup &#8220;contragraffitis&#8221; amb opinions en contra.\u00a0 Aix\u00f2 s\u00ed, parlen i deixen parlar, el&hellip;  <a href=\"https:\/\/agora.xtec.cat\/escolaelroure\/especialitats\/angles-especialitats\/cicle-superior\/debat-els-graffitis\/\" title=\"Read Debat : Els graffitis\">Llegeix m\u00e9s\u00bb<\/a><\/p>\n","protected":false},"author":2,"featured_media":0,"comment_status":"open","ping_status":"closed","sticky":false,"template":"","format":"standard","meta":{"_bbp_topic_count":0,"_bbp_reply_count":0,"_bbp_total_topic_count":0,"_bbp_total_reply_count":0,"_bbp_voice_count":0,"_bbp_anonymous_reply_count":0,"_bbp_topic_count_hidden":0,"_bbp_reply_count_hidden":0,"_bbp_forum_subforum_count":0,"footnotes":""},"categories":[286],"tags":[],"class_list":["post-19883","post","type-post","status-publish","format-standard","hentry","category-cicle-superior"],"post_mailing_queue_ids":[],"_links":{"self":[{"href":"https:\/\/agora.xtec.cat\/escolaelroure\/wp-json\/wp\/v2\/posts\/19883","targetHints":{"allow":["GET"]}}],"collection":[{"href":"https:\/\/agora.xtec.cat\/escolaelroure\/wp-json\/wp\/v2\/posts"}],"about":[{"href":"https:\/\/agora.xtec.cat\/escolaelroure\/wp-json\/wp\/v2\/types\/post"}],"author":[{"embeddable":true,"href":"https:\/\/agora.xtec.cat\/escolaelroure\/wp-json\/wp\/v2\/users\/2"}],"replies":[{"embeddable":true,"href":"https:\/\/agora.xtec.cat\/escolaelroure\/wp-json\/wp\/v2\/comments?post=19883"}],"version-history":[{"count":3,"href":"https:\/\/agora.xtec.cat\/escolaelroure\/wp-json\/wp\/v2\/posts\/19883\/revisions"}],"predecessor-version":[{"id":19889,"href":"https:\/\/agora.xtec.cat\/escolaelroure\/wp-json\/wp\/v2\/posts\/19883\/revisions\/19889"}],"wp:attachment":[{"href":"https:\/\/agora.xtec.cat\/escolaelroure\/wp-json\/wp\/v2\/media?parent=19883"}],"wp:term":[{"taxonomy":"category","embeddable":true,"href":"https:\/\/agora.xtec.cat\/escolaelroure\/wp-json\/wp\/v2\/categories?post=19883"},{"taxonomy":"post_tag","embeddable":true,"href":"https:\/\/agora.xtec.cat\/escolaelroure\/wp-json\/wp\/v2\/tags?post=19883"}],"curies":[{"name":"wp","href":"https:\/\/api.w.org\/{rel}","templated":true}]}}