{"id":19110,"date":"2020-02-14T15:17:54","date_gmt":"2020-02-14T14:17:54","guid":{"rendered":"http:\/\/agora.xtec.cat\/escolaelroure\/?p=19110"},"modified":"2020-02-16T21:28:57","modified_gmt":"2020-02-16T20:28:57","slug":"celebracio-de-la-festa-de-carnaval-2020","status":"publish","type":"post","link":"https:\/\/agora.xtec.cat\/escolaelroure\/infantil\/celebracio-de-la-festa-de-carnaval-2020\/","title":{"rendered":"Celebraci\u00f3 de la festa de carnaval 2020"},"content":{"rendered":"<p>Avui 14 de febrer despr\u00e9s del pati, tots els alumnes de l&#8217;escola El Roure ens hem reunit per rebre a la &#8220;Reina Carnestoltes&#8221;que juntament amb els companys de sis\u00e8 ens han llegit les consignes per la propera setmana.<\/p>\n<p>S\u00f3n les seg\u00fcents:<\/p>\n<p><strong>Dilluns 17 de febrer\u00a0<\/strong>ben f\u00e0cil ser\u00e0, aixecar-se del llit sense roba de vestir i amb pijama assistir\u00e0s.<\/p>\n<p><strong>Dimarts 18 de febrer<\/strong> d&#8217;esportista heu d&#8217;anar, roba per protagonitzar un esport heu de portar.<\/p>\n<p><strong>Dimecres 19 de febrer<\/strong> haureu d&#8217;anar de gala, per\u00f2 aix\u00f2 no vol dir que heu de venir fets una cigala!<\/p>\n<p><strong>Dijous 20 de febrer\u00a0<\/strong>\u00e9s ben variat: podeu venir amb el cabell pintat, amb diademes i lla\u00e7os, amb un barret estrafolari o un pentinat ben esverat.<\/p>\n<p><strong>Divendres 21 de febrer, al mat\u00ed, <\/strong>si la calor de l&#8217;estiu vols recordar, alguna cosa per banyar-te has de portar.<\/p>\n<p>Feli\u00e7 carnaval!<\/p>\n","protected":false},"excerpt":{"rendered":"<p>Avui 14 de febrer despr\u00e9s del pati, tots els alumnes de l&#8217;escola El Roure ens hem reunit per rebre a la &#8220;Reina Carnestoltes&#8221;que juntament amb els companys de sis\u00e8 ens han llegit les consignes per la propera setmana.<br \/>\nS\u00f3n les seg\u00fcents:<br \/>\nDilluns 17 de febrer\u00a0ben f\u00e0cil ser\u00e0,&hellip;  <a href=\"https:\/\/agora.xtec.cat\/escolaelroure\/infantil\/celebracio-de-la-festa-de-carnaval-2020\/\" title=\"Read Celebraci\u00f3 de la festa de carnaval 2020\">Llegeix m\u00e9s\u00bb<\/a><\/p>\n","protected":false},"author":2,"featured_media":0,"comment_status":"open","ping_status":"closed","sticky":false,"template":"","format":"standard","meta":{"_bbp_topic_count":0,"_bbp_reply_count":0,"_bbp_total_topic_count":0,"_bbp_total_reply_count":0,"_bbp_voice_count":0,"_bbp_anonymous_reply_count":0,"_bbp_topic_count_hidden":0,"_bbp_reply_count_hidden":0,"_bbp_forum_subforum_count":0,"footnotes":""},"categories":[25,27,2,5],"tags":[],"class_list":["post-19110","post","type-post","status-publish","format-standard","hentry","category-celebracions","category-festes","category-infantil","category-primaria"],"post_mailing_queue_ids":[],"_links":{"self":[{"href":"https:\/\/agora.xtec.cat\/escolaelroure\/wp-json\/wp\/v2\/posts\/19110","targetHints":{"allow":["GET"]}}],"collection":[{"href":"https:\/\/agora.xtec.cat\/escolaelroure\/wp-json\/wp\/v2\/posts"}],"about":[{"href":"https:\/\/agora.xtec.cat\/escolaelroure\/wp-json\/wp\/v2\/types\/post"}],"author":[{"embeddable":true,"href":"https:\/\/agora.xtec.cat\/escolaelroure\/wp-json\/wp\/v2\/users\/2"}],"replies":[{"embeddable":true,"href":"https:\/\/agora.xtec.cat\/escolaelroure\/wp-json\/wp\/v2\/comments?post=19110"}],"version-history":[{"count":1,"href":"https:\/\/agora.xtec.cat\/escolaelroure\/wp-json\/wp\/v2\/posts\/19110\/revisions"}],"predecessor-version":[{"id":19111,"href":"https:\/\/agora.xtec.cat\/escolaelroure\/wp-json\/wp\/v2\/posts\/19110\/revisions\/19111"}],"wp:attachment":[{"href":"https:\/\/agora.xtec.cat\/escolaelroure\/wp-json\/wp\/v2\/media?parent=19110"}],"wp:term":[{"taxonomy":"category","embeddable":true,"href":"https:\/\/agora.xtec.cat\/escolaelroure\/wp-json\/wp\/v2\/categories?post=19110"},{"taxonomy":"post_tag","embeddable":true,"href":"https:\/\/agora.xtec.cat\/escolaelroure\/wp-json\/wp\/v2\/tags?post=19110"}],"curies":[{"name":"wp","href":"https:\/\/api.w.org\/{rel}","templated":true}]}}