{"id":1765,"date":"2016-02-11T13:16:46","date_gmt":"2016-02-11T12:16:46","guid":{"rendered":"http:\/\/agora.xtec.cat\/escolaelroure\/?p=1765"},"modified":"2016-02-11T13:58:11","modified_gmt":"2016-02-11T12:58:11","slug":"cantania-2016-babaua-les-desventures-de-mimi","status":"publish","type":"post","link":"https:\/\/agora.xtec.cat\/escolaelroure\/promocio-2008-17\/cantania-2016-babaua-les-desventures-de-mimi\/","title":{"rendered":"Cant\u00e0nia 2016. &#8220;BABAUA, Les desventures de Mim\u00ed&#8221;"},"content":{"rendered":"<p>Aquest curs els alumnes de <strong>5\u00e8<\/strong> participaran al projecte musical Cant\u00e0nia, que aquest any porta per t\u00edtol &#8220;<em><strong>Babaua, les desventures de Mim\u00ed&#8221;<\/strong><\/em>. En\u00a0<strong>Jordi Dom\u00e8nech<\/strong>\u00a0\u00e9s el compositor de l&#8217;obra, qui ha fet la m\u00fasica. I l&#8217;autor\u00a0del text \u00e9s en <strong>Pere Riera<\/strong> dramaturg, director de teatre i professor de l\u2019Institut de Teatre de Barcelona.<\/p>\n<p><a href=\"http:\/\/agora.xtec.cat\/escolaelroure\/wp-content\/uploads\/usu557\/2016\/02\/03-e1452874145400.jpg\"><img loading=\"lazy\" decoding=\"async\" class=\"alignnone size-full wp-image-1772\" src=\"http:\/\/agora.xtec.cat\/escolaelroure\/wp-content\/uploads\/usu557\/2016\/02\/03-e1452874145400.jpg\" alt=\"03-e1452874145400\" width=\"320\" height=\"320\" srcset=\"https:\/\/agora.xtec.cat\/escolaelroure\/wp-content\/uploads\/usu557\/2016\/02\/03-e1452874145400.jpg 320w, https:\/\/agora.xtec.cat\/escolaelroure\/wp-content\/uploads\/usu557\/2016\/02\/03-e1452874145400-150x150.jpg 150w, https:\/\/agora.xtec.cat\/escolaelroure\/wp-content\/uploads\/usu557\/2016\/02\/03-e1452874145400-300x300.jpg 300w\" sizes=\"auto, (max-width: 320px) 100vw, 320px\" \/><\/a><\/p>\n<p><!--more--><\/p>\n<p><strong>Que \u00e9s la Cant\u00e0nia?<\/strong><\/p>\n<p>\u00c9s un projecte que fa m\u00e9s de 25 anys que es va iniciar des de l&#8217;Auditori de Barcelona. \u00c9s una cantata, cada any in\u00e8dita, que es treballa durant tot el curs des de l&#8217;\u00e0rea de m\u00fasica amb la col\u00b7laboraci\u00f3 de pl\u00e0stica a les escoles. Es col\u00b7labora amb altres escoles juntament amb m\u00fasics i actors professionals. \u00c9s una oportunitat \u00fanica per viure una experi\u00e8ncia d&#8217;aquestes caracter\u00edstiques que potser no podran viure mai m\u00e9s.<\/p>\n<p>Aquesta cantata ser\u00e0 cantada per uns 42.000 nens de 3r, 4t, 5\u00e8 i 6\u00e8 d\u2019Educaci\u00f3 Prim\u00e0ria durant els mesos d\u2019abril, maig i juny de 2016 a L\u2019Auditori de Barcelona, El Vendrell, Figueres, Granollers, Manresa, Matar\u00f3, Olot, Reus, Sant Cugat, Vic, Vilafranca del Pened\u00e8s, Parla, Saragossa, Sevilla, Valladolid, Brussel\u2022les (B\u00e8lgica), Biefeld (Alemanya), Koblenz (Alemanya) i Neustadt (Alemanya).<\/p>\n<p><strong>De qu\u00e8 tracta &#8220;Babaua. Les desventures de Mim\u00ed&#8221;?<\/strong><\/p>\n<p>La Mim\u00ed \u00e9s una joveneta c\u00e0ndida i innocent, que viu preocupada pel seu aspecte, per la seva coqueteria. Amo\u00efnada per la dificultat de trobar prom\u00e8s, desencisada perqu\u00e8 cap dels seus pretendents no li fa el pes, Mim\u00ed rebr\u00e0 l\u2019ajuda de Cupido. Un Cupido m\u00faltiple, que li ofereix un pacte ben original: l\u2019ajudar\u00e0 a trobar l\u2019home dels seus somnis, si ella accepta fer un fascinant viatge pel temps i l\u2019espai. Un viatge que permetr\u00e0 la Mim\u00ed con\u00e8ixer personatges i esdeveniments que han tingut una import\u00e0ncia capital en l\u2019evoluci\u00f3 tecnol\u00f2gica de la humanitat. D\u2019aquesta manera, Mim\u00ed descobrir\u00e0 el gust per l\u2019aprenentatge i s\u2019oblidar\u00e0 de les banalitats sup\u00e8rflues que l\u2019havien preocupat fins que va topar amb Cupido. I, tot aprenent, Mim\u00ed entendr\u00e0 que el veritable amor est\u00e0 \u00edntimament relacionat amb la voluntat d\u2019estimar, m\u00e9s que no pas amb la facultat de seduir.<\/p>\n<p><strong>Quan i on?<\/strong><\/p>\n<p><em>\u00a0 \u00a0 \u00a0 Dia<\/em>: Diumenge 5 de juny de 2016<\/p>\n<p><em>\u00a0 \u00a0 \u00a0 Hora<\/em>: 20:30h<\/p>\n<p><em>\u00a0 \u00a0 \u00a0 On<\/em>: Al Teatre Auditori de Granollers<\/p>\n","protected":false},"excerpt":{"rendered":"<p>Aquest curs els alumnes de 5\u00e8 participaran al projecte musical Cant\u00e0nia, que aquest any porta per t\u00edtol &#8220;Babaua, les desventures de Mim\u00ed&#8221;. En\u00a0Jordi Dom\u00e8nech\u00a0\u00e9s el compositor de l&#8217;obra, qui ha fet la m\u00fasica. I l&#8217;autor\u00a0del text \u00e9s en Pere Riera dramaturg, director de teatre i&hellip;  <a href=\"https:\/\/agora.xtec.cat\/escolaelroure\/promocio-2008-17\/cantania-2016-babaua-les-desventures-de-mimi\/\" title=\"Read Cant\u00e0nia 2016. &#8220;BABAUA, Les desventures de Mim\u00ed&#8221;\">Llegeix m\u00e9s\u00bb<\/a><\/p>\n","protected":false},"author":2,"featured_media":0,"comment_status":"open","ping_status":"open","sticky":false,"template":"","format":"standard","meta":{"_bbp_topic_count":0,"_bbp_reply_count":0,"_bbp_total_topic_count":0,"_bbp_total_reply_count":0,"_bbp_voice_count":0,"_bbp_anonymous_reply_count":0,"_bbp_topic_count_hidden":0,"_bbp_reply_count_hidden":0,"_bbp_forum_subforum_count":0,"footnotes":""},"categories":[30,14],"tags":[126,115],"class_list":["post-1765","post","type-post","status-publish","format-standard","hentry","category-musica","category-promocio-2008-17","tag-cantania","tag-curs-2015-2016"],"post_mailing_queue_ids":[],"_links":{"self":[{"href":"https:\/\/agora.xtec.cat\/escolaelroure\/wp-json\/wp\/v2\/posts\/1765","targetHints":{"allow":["GET"]}}],"collection":[{"href":"https:\/\/agora.xtec.cat\/escolaelroure\/wp-json\/wp\/v2\/posts"}],"about":[{"href":"https:\/\/agora.xtec.cat\/escolaelroure\/wp-json\/wp\/v2\/types\/post"}],"author":[{"embeddable":true,"href":"https:\/\/agora.xtec.cat\/escolaelroure\/wp-json\/wp\/v2\/users\/2"}],"replies":[{"embeddable":true,"href":"https:\/\/agora.xtec.cat\/escolaelroure\/wp-json\/wp\/v2\/comments?post=1765"}],"version-history":[{"count":3,"href":"https:\/\/agora.xtec.cat\/escolaelroure\/wp-json\/wp\/v2\/posts\/1765\/revisions"}],"predecessor-version":[{"id":1809,"href":"https:\/\/agora.xtec.cat\/escolaelroure\/wp-json\/wp\/v2\/posts\/1765\/revisions\/1809"}],"wp:attachment":[{"href":"https:\/\/agora.xtec.cat\/escolaelroure\/wp-json\/wp\/v2\/media?parent=1765"}],"wp:term":[{"taxonomy":"category","embeddable":true,"href":"https:\/\/agora.xtec.cat\/escolaelroure\/wp-json\/wp\/v2\/categories?post=1765"},{"taxonomy":"post_tag","embeddable":true,"href":"https:\/\/agora.xtec.cat\/escolaelroure\/wp-json\/wp\/v2\/tags?post=1765"}],"curies":[{"name":"wp","href":"https:\/\/api.w.org\/{rel}","templated":true}]}}