{"id":1067,"date":"2015-11-10T00:49:07","date_gmt":"2015-11-09T23:49:07","guid":{"rendered":"http:\/\/blocs.xtec.cat\/ceipelroure\/?p=1067"},"modified":"2015-11-30T19:53:00","modified_gmt":"2015-11-30T18:53:00","slug":"la-festa-de-la-castanyada","status":"publish","type":"post","link":"https:\/\/agora.xtec.cat\/escolaelroure\/celebracions\/la-festa-de-la-castanyada\/","title":{"rendered":"La festa de la castanyada"},"content":{"rendered":"<p><embed src=\"http:\/\/flash.picturetrail.com\/pflicks\/3\/spflick.swf\" quality=\"high\" FlashVars=\"ql=2&#038;src1=http:\/\/pic20.picturetrail.com\/VOL1450\/13671719\/flicks\/1\/9104802\" wmode=\"transparent\" bgcolor=\"#000000\" width=\"540\" height=\"410\" name=\"photo_peel\" align=\"middle\" allowScriptAccess=\"sameDomain\" style=\"height:410px;width:540px\" type=\"application\/x-shockwave-flash\"><\/embed><\/p>\n<p>El dia de la festa ens va visitar la castanyera!!. Ens va explicar un conte i nosaltres li vam ballar la dansa del bolet.<br \/>\nDespr\u00e9s del pati vam anar tots els alumnes de l&#8217;escola a menjar castanyes al pati dels grans. Ens acompanyaven els nens i nenes de 6\u00e8, els m\u00e9s grans de l&#8217;escola!! que ens van ajudar a pelar les castanyes. MOLTES GR\u00c0CIES !!<\/p>\n","protected":false},"excerpt":{"rendered":"<p>El dia de la festa ens va visitar la castanyera!!. Ens va explicar un conte i nosaltres li vam ballar la dansa del bolet.<br \/>\nDespr\u00e9s del pati vam anar tots els alumnes de l&#8217;escola a menjar castanyes al pati dels grans. Ens acompanyaven els nens i&hellip;  <a href=\"https:\/\/agora.xtec.cat\/escolaelroure\/celebracions\/la-festa-de-la-castanyada\/\" title=\"Read La festa de la castanyada\">Llegeix m\u00e9s\u00bb<\/a><\/p>\n","protected":false},"author":1,"featured_media":0,"comment_status":"open","ping_status":"open","sticky":false,"template":"","format":"standard","meta":{"_bbp_topic_count":0,"_bbp_reply_count":0,"_bbp_total_topic_count":0,"_bbp_total_reply_count":0,"_bbp_voice_count":0,"_bbp_anonymous_reply_count":0,"_bbp_topic_count_hidden":0,"_bbp_reply_count_hidden":0,"_bbp_forum_subforum_count":0,"footnotes":""},"categories":[25],"tags":[],"class_list":["post-1067","post","type-post","status-publish","format-standard","hentry","category-celebracions"],"post_mailing_queue_ids":[],"_links":{"self":[{"href":"https:\/\/agora.xtec.cat\/escolaelroure\/wp-json\/wp\/v2\/posts\/1067","targetHints":{"allow":["GET"]}}],"collection":[{"href":"https:\/\/agora.xtec.cat\/escolaelroure\/wp-json\/wp\/v2\/posts"}],"about":[{"href":"https:\/\/agora.xtec.cat\/escolaelroure\/wp-json\/wp\/v2\/types\/post"}],"author":[{"embeddable":true,"href":"https:\/\/agora.xtec.cat\/escolaelroure\/wp-json\/wp\/v2\/users\/1"}],"replies":[{"embeddable":true,"href":"https:\/\/agora.xtec.cat\/escolaelroure\/wp-json\/wp\/v2\/comments?post=1067"}],"version-history":[{"count":2,"href":"https:\/\/agora.xtec.cat\/escolaelroure\/wp-json\/wp\/v2\/posts\/1067\/revisions"}],"predecessor-version":[{"id":1344,"href":"https:\/\/agora.xtec.cat\/escolaelroure\/wp-json\/wp\/v2\/posts\/1067\/revisions\/1344"}],"wp:attachment":[{"href":"https:\/\/agora.xtec.cat\/escolaelroure\/wp-json\/wp\/v2\/media?parent=1067"}],"wp:term":[{"taxonomy":"category","embeddable":true,"href":"https:\/\/agora.xtec.cat\/escolaelroure\/wp-json\/wp\/v2\/categories?post=1067"},{"taxonomy":"post_tag","embeddable":true,"href":"https:\/\/agora.xtec.cat\/escolaelroure\/wp-json\/wp\/v2\/tags?post=1067"}],"curies":[{"name":"wp","href":"https:\/\/api.w.org\/{rel}","templated":true}]}}