{"id":8073,"date":"2020-04-01T10:31:53","date_gmt":"2020-04-01T08:31:53","guid":{"rendered":"http:\/\/agora.xtec.cat\/escolaelpla\/?p=8073"},"modified":"2020-04-01T10:31:53","modified_gmt":"2020-04-01T08:31:53","slug":"seriacions-i-el-el-conte-de-lelefant-elmer_ci","status":"publish","type":"post","link":"https:\/\/agora.xtec.cat\/escolaelpla\/portada\/seriacions-i-el-el-conte-de-lelefant-elmer_ci\/","title":{"rendered":"Seriacions i el El Conte de l&#8217;elefant Elmer_CI"},"content":{"rendered":"<p>Bon i pluj\u00f3s dia Cicle Inicial! Esperem que la pluja no us desanimi, per animar-vos us deixen la proposta d&#8217;aquest dimecres.<\/p>\n<p>Avui us deixem dues activitats, per una banda seriacions per treballar matem\u00e0tiques d&#8217;una manera divertida i entretinguda iper altra, us deixem el v\u00eddeo-conte de l&#8217;Elefant Elemer, una hist\u00f2ria ben bonica. Si voleu, despr\u00e9s d&#8217;escoltar-lo podeu fer un dibuix amb un t\u00edtol ben maco!<\/p>\n<ul>\n<li>Seriacions:<\/li>\n<\/ul>\n<p><iframe loading=\"lazy\" class=\"wp-embedded-content\" sandbox=\"allow-scripts\" security=\"restricted\" title=\"Seriacions\" src=\"\/\/v.calameo.com\/?bkcode=0045115612eb325a8f41e#?secret=0TiPSnAq2H\" data-secret=\"0TiPSnAq2H\" width=\"1061\" height=\"750\" frameborder=\"0\" scrolling=\"no\"><\/iframe><\/p>\n<p>&nbsp;<\/p>\n<ul>\n<li>Conte de l&#8217;Elefant Elmer<\/li>\n<\/ul>\n<p><iframe loading=\"lazy\" title=\"CONTE L&#039;ELEFANT ELMER (conte animat amb so)\" width=\"500\" height=\"375\" src=\"https:\/\/www.youtube.com\/embed\/esZf_VTfRIw?feature=oembed\" frameborder=\"0\" allow=\"accelerometer; autoplay; clipboard-write; encrypted-media; gyroscope; picture-in-picture; web-share\" referrerpolicy=\"strict-origin-when-cross-origin\" allowfullscreen><\/iframe><\/p>\n","protected":false},"excerpt":{"rendered":"<p>Bon i pluj\u00f3s dia Cicle Inicial! Esperem que la pluja no us desanimi, per animar-vos us deixen la proposta d&#8217;aquest dimecres.\u00a0&hellip;  <a href=\"https:\/\/agora.xtec.cat\/escolaelpla\/portada\/seriacions-i-el-el-conte-de-lelefant-elmer_ci\/\" title=\"Read Seriacions i el El Conte de l&#8217;elefant Elmer_CI\">Llegeix m\u00e9s\u00bb<\/a><\/p>\n","protected":false},"author":17,"featured_media":8074,"comment_status":"open","ping_status":"closed","sticky":false,"template":"","format":"standard","meta":{"_bbp_topic_count":0,"_bbp_reply_count":0,"_bbp_total_topic_count":0,"_bbp_total_reply_count":0,"_bbp_voice_count":0,"_bbp_anonymous_reply_count":0,"_bbp_topic_count_hidden":0,"_bbp_reply_count_hidden":0,"_bbp_forum_subforum_count":0,"footnotes":""},"categories":[223,224,76],"tags":[],"class_list":["post-8073","post","type-post","status-publish","format-standard","has-post-thumbnail","hentry","category-joemquedoacasa","category-cicle-inicial","category-portada"],"post_mailing_queue_ids":[],"_links":{"self":[{"href":"https:\/\/agora.xtec.cat\/escolaelpla\/wp-json\/wp\/v2\/posts\/8073","targetHints":{"allow":["GET"]}}],"collection":[{"href":"https:\/\/agora.xtec.cat\/escolaelpla\/wp-json\/wp\/v2\/posts"}],"about":[{"href":"https:\/\/agora.xtec.cat\/escolaelpla\/wp-json\/wp\/v2\/types\/post"}],"author":[{"embeddable":true,"href":"https:\/\/agora.xtec.cat\/escolaelpla\/wp-json\/wp\/v2\/users\/17"}],"replies":[{"embeddable":true,"href":"https:\/\/agora.xtec.cat\/escolaelpla\/wp-json\/wp\/v2\/comments?post=8073"}],"version-history":[{"count":2,"href":"https:\/\/agora.xtec.cat\/escolaelpla\/wp-json\/wp\/v2\/posts\/8073\/revisions"}],"predecessor-version":[{"id":8076,"href":"https:\/\/agora.xtec.cat\/escolaelpla\/wp-json\/wp\/v2\/posts\/8073\/revisions\/8076"}],"wp:featuredmedia":[{"embeddable":true,"href":"https:\/\/agora.xtec.cat\/escolaelpla\/wp-json\/wp\/v2\/media\/8074"}],"wp:attachment":[{"href":"https:\/\/agora.xtec.cat\/escolaelpla\/wp-json\/wp\/v2\/media?parent=8073"}],"wp:term":[{"taxonomy":"category","embeddable":true,"href":"https:\/\/agora.xtec.cat\/escolaelpla\/wp-json\/wp\/v2\/categories?post=8073"},{"taxonomy":"post_tag","embeddable":true,"href":"https:\/\/agora.xtec.cat\/escolaelpla\/wp-json\/wp\/v2\/tags?post=8073"}],"curies":[{"name":"wp","href":"https:\/\/api.w.org\/{rel}","templated":true}]}}