{"id":10721,"date":"2020-12-11T10:02:29","date_gmt":"2020-12-11T09:02:29","guid":{"rendered":"http:\/\/agora.xtec.cat\/escolaelpla\/?p=10721"},"modified":"2020-12-18T10:07:28","modified_gmt":"2020-12-18T09:07:28","slug":"els-alumnes-de-segon-troben-el-tio-i-la-tiona","status":"publish","type":"post","link":"https:\/\/agora.xtec.cat\/escolaelpla\/general\/els-alumnes-de-segon-troben-el-tio-i-la-tiona\/","title":{"rendered":"Els alumnes de segon troben el Ti\u00f3 i la Tiona"},"content":{"rendered":"<p>Aquests dies hem rebut una visita molt especial, el Ti\u00f3 Merl\u00ed i la Tiona Griselda!!<\/p>\n<p>Van baixar de la muntanya, recorrent boscos i camins. El cam\u00ed era tan lluny que es van perdre per l&#8217;escola. Sort que ens van deixar un mapa i els vam ajudar a arribar a les aules.<\/p>\n<p>Ara, els cuidarem i els alimentarem molt b\u00e9 per qu\u00e8 puguin cagar moltes coses!!<\/p>\n<p>&nbsp;<\/p>\n\n<p>&nbsp;<\/p>\n","protected":false},"excerpt":{"rendered":"<p>Aquests dies hem rebut una visita molt especial, el Ti\u00f3 Merl\u00ed i la Tiona Griselda!!&hellip;  <a href=\"https:\/\/agora.xtec.cat\/escolaelpla\/general\/els-alumnes-de-segon-troben-el-tio-i-la-tiona\/\" title=\"Read Els alumnes de segon troben el Ti\u00f3 i la Tiona\">Llegeix m\u00e9s\u00bb<\/a><\/p>\n","protected":false},"author":17,"featured_media":10724,"comment_status":"open","ping_status":"closed","sticky":false,"template":"","format":"standard","meta":{"_bbp_topic_count":0,"_bbp_reply_count":0,"_bbp_total_topic_count":0,"_bbp_total_reply_count":0,"_bbp_voice_count":0,"_bbp_anonymous_reply_count":0,"_bbp_topic_count_hidden":0,"_bbp_reply_count_hidden":0,"_bbp_forum_subforum_count":0,"footnotes":""},"categories":[11,224,1,76,5],"tags":[332,164],"class_list":["post-10721","post","type-post","status-publish","format-standard","has-post-thumbnail","hentry","category-2n","category-cicle-inicial","category-general","category-portada","category-primaria","tag-educacio-primaria","tag-nadal"],"post_mailing_queue_ids":[],"_links":{"self":[{"href":"https:\/\/agora.xtec.cat\/escolaelpla\/wp-json\/wp\/v2\/posts\/10721","targetHints":{"allow":["GET"]}}],"collection":[{"href":"https:\/\/agora.xtec.cat\/escolaelpla\/wp-json\/wp\/v2\/posts"}],"about":[{"href":"https:\/\/agora.xtec.cat\/escolaelpla\/wp-json\/wp\/v2\/types\/post"}],"author":[{"embeddable":true,"href":"https:\/\/agora.xtec.cat\/escolaelpla\/wp-json\/wp\/v2\/users\/17"}],"replies":[{"embeddable":true,"href":"https:\/\/agora.xtec.cat\/escolaelpla\/wp-json\/wp\/v2\/comments?post=10721"}],"version-history":[{"count":3,"href":"https:\/\/agora.xtec.cat\/escolaelpla\/wp-json\/wp\/v2\/posts\/10721\/revisions"}],"predecessor-version":[{"id":10799,"href":"https:\/\/agora.xtec.cat\/escolaelpla\/wp-json\/wp\/v2\/posts\/10721\/revisions\/10799"}],"wp:featuredmedia":[{"embeddable":true,"href":"https:\/\/agora.xtec.cat\/escolaelpla\/wp-json\/wp\/v2\/media\/10724"}],"wp:attachment":[{"href":"https:\/\/agora.xtec.cat\/escolaelpla\/wp-json\/wp\/v2\/media?parent=10721"}],"wp:term":[{"taxonomy":"category","embeddable":true,"href":"https:\/\/agora.xtec.cat\/escolaelpla\/wp-json\/wp\/v2\/categories?post=10721"},{"taxonomy":"post_tag","embeddable":true,"href":"https:\/\/agora.xtec.cat\/escolaelpla\/wp-json\/wp\/v2\/tags?post=10721"}],"curies":[{"name":"wp","href":"https:\/\/api.w.org\/{rel}","templated":true}]}}