{"id":8164,"date":"2026-09-04T14:37:44","date_gmt":"2026-09-04T12:37:44","guid":{"rendered":"https:\/\/agora.xtec.cat\/escolaelisabadia\/?p=8164"},"modified":"2026-09-04T14:44:28","modified_gmt":"2026-09-04T12:44:28","slug":"bon-inici-de-curs-2026-2027","status":"publish","type":"post","link":"https:\/\/agora.xtec.cat\/escolaelisabadia\/infantil\/bon-inici-de-curs-2026-2027\/","title":{"rendered":"Bon inici de curs 26-27"},"content":{"rendered":"\n<figure class=\"wp-block-image size-full\"><img loading=\"lazy\" decoding=\"async\" width=\"778\" height=\"531\" src=\"https:\/\/agora.xtec.cat\/escolaelisabadia\/wp-content\/uploads\/usu667\/2026\/09\/inici-de-curs-2.jpeg\" alt=\"\" class=\"wp-image-8166\" srcset=\"https:\/\/agora.xtec.cat\/escolaelisabadia\/wp-content\/uploads\/usu667\/2026\/09\/inici-de-curs-2.jpeg 778w, https:\/\/agora.xtec.cat\/escolaelisabadia\/wp-content\/uploads\/usu667\/2026\/09\/inici-de-curs-2-300x205.jpeg 300w, https:\/\/agora.xtec.cat\/escolaelisabadia\/wp-content\/uploads\/usu667\/2026\/09\/inici-de-curs-2-768x524.jpeg 768w\" sizes=\"auto, (max-width: 778px) 100vw, 778px\" \/><\/figure>\n\n\n\n<p>Despr\u00e9s de l\u2019estiu, tornem a omplir l\u2019escola de veus, mirades, retrobaments i noves aventures. Ens fa molta il\u00b7lusi\u00f3 donar la benvinguda a totes les fam\u00edlies i infants i comen\u00e7ar a construir, plegats, un nou curs ple d\u2019aprenentatges, descobertes i moments compartits.<\/p>\n\n\n\n<p>Aquest any, per\u00f2, l\u2019inici no ser\u00e0 exactament com l\u2019hav\u00edem imaginat. La situaci\u00f3 actual del sistema educatiu ens porta a comen\u00e7ar amb algunes mancances que afecten directament les condicions en qu\u00e8 desenvolupem la nostra tasca. Per aquest motiu, el <strong>dimarts 8 de setembre ens afegim a la jornada de vaga educativa<\/strong>.<\/p>\n\n\n\n<p>Aquest dia l\u2019escola funcionar\u00e0 amb els <strong>serveis m\u00ednims establerts<\/strong>. Rebre\u2019m els infants a la porta principal i, un cop dins, organitzarem els grups amb el professorat disponible. Les activitats que hav\u00edem preparat per al primer dia es traslladaran al <strong>dimecres 9 de setembre<\/strong>, quan esperem poder comen\u00e7ar el curs tal com ens agrada: amb temps per retrobar-nos, con\u00e8ixer els nous espais, descobrir-nos i donar forma al curs que volem viure.<\/p>\n\n\n\n<p>Malgrat les dificultats, mantenim intactes les ganes de comen\u00e7ar. <strong>Tenim moltes coses per compartir, descobrir i aprendre junts.<\/strong><\/p>\n\n\n\n<p>Benvinguts i benvingudes a un nou curs!<\/p>\n","protected":false},"excerpt":{"rendered":"<p>Despr\u00e9s de l\u2019estiu, tornem a omplir l\u2019escola de veus, mirades, retrobaments i noves aventures. Ens fa molta il\u00b7lusi\u00f3 donar la benvinguda a totes les fam\u00edlies i infants i comen\u00e7ar a construir, plegats, un nou curs ple d\u2019aprenentatges, descobertes i moments compartits. Aquest any, per\u00f2, l\u2019inici no ser\u00e0 exactament com l\u2019hav\u00edem imaginat. La situaci\u00f3 actual del [&hellip;]<\/p>\n","protected":false},"author":1,"featured_media":0,"comment_status":"closed","ping_status":"open","sticky":false,"template":"","format":"standard","meta":{"_bbp_topic_count":0,"_bbp_reply_count":0,"_bbp_total_topic_count":0,"_bbp_total_reply_count":0,"_bbp_voice_count":0,"_bbp_anonymous_reply_count":0,"_bbp_topic_count_hidden":0,"_bbp_reply_count_hidden":0,"_bbp_forum_subforum_count":0,"site-sidebar-layout":"default","site-content-layout":"","ast-site-content-layout":"default","site-content-style":"default","site-sidebar-style":"default","ast-global-header-display":"","ast-banner-title-visibility":"","ast-main-header-display":"","ast-hfb-above-header-display":"","ast-hfb-below-header-display":"","ast-hfb-mobile-header-display":"","site-post-title":"","ast-breadcrumbs-content":"","ast-featured-img":"","footer-sml-layout":"","theme-transparent-header-meta":"","adv-header-id-meta":"","stick-header-meta":"","header-above-stick-meta":"","header-main-stick-meta":"","header-below-stick-meta":"","astra-migrate-meta-layouts":"set","ast-page-background-enabled":"default","ast-page-background-meta":{"desktop":{"background-color":"var(--ast-global-color-4)","background-image":"","background-repeat":"repeat","background-position":"center center","background-size":"auto","background-attachment":"scroll","background-type":"","background-media":"","overlay-type":"","overlay-color":"","overlay-opacity":"","overlay-gradient":""},"tablet":{"background-color":"","background-image":"","background-repeat":"repeat","background-position":"center center","background-size":"auto","background-attachment":"scroll","background-type":"","background-media":"","overlay-type":"","overlay-color":"","overlay-opacity":"","overlay-gradient":""},"mobile":{"background-color":"","background-image":"","background-repeat":"repeat","background-position":"center center","background-size":"auto","background-attachment":"scroll","background-type":"","background-media":"","overlay-type":"","overlay-color":"","overlay-opacity":"","overlay-gradient":""}},"ast-content-background-meta":{"desktop":{"background-color":"var(--ast-global-color-5)","background-image":"","background-repeat":"repeat","background-position":"center center","background-size":"auto","background-attachment":"scroll","background-type":"","background-media":"","overlay-type":"","overlay-color":"","overlay-opacity":"","overlay-gradient":""},"tablet":{"background-color":"var(--ast-global-color-5)","background-image":"","background-repeat":"repeat","background-position":"center center","background-size":"auto","background-attachment":"scroll","background-type":"","background-media":"","overlay-type":"","overlay-color":"","overlay-opacity":"","overlay-gradient":""},"mobile":{"background-color":"var(--ast-global-color-5)","background-image":"","background-repeat":"repeat","background-position":"center center","background-size":"auto","background-attachment":"scroll","background-type":"","background-media":"","overlay-type":"","overlay-color":"","overlay-opacity":"","overlay-gradient":""}},"footnotes":""},"categories":[2,4,5],"tags":[587,1014],"class_list":["post-8164","post","type-post","status-publish","format-standard","hentry","category-infantil","category-portada","category-primaria","tag-illusio","tag-inici-de-curs"],"post_mailing_queue_ids":[],"_links":{"self":[{"href":"https:\/\/agora.xtec.cat\/escolaelisabadia\/wp-json\/wp\/v2\/posts\/8164","targetHints":{"allow":["GET"]}}],"collection":[{"href":"https:\/\/agora.xtec.cat\/escolaelisabadia\/wp-json\/wp\/v2\/posts"}],"about":[{"href":"https:\/\/agora.xtec.cat\/escolaelisabadia\/wp-json\/wp\/v2\/types\/post"}],"author":[{"embeddable":true,"href":"https:\/\/agora.xtec.cat\/escolaelisabadia\/wp-json\/wp\/v2\/users\/1"}],"replies":[{"embeddable":true,"href":"https:\/\/agora.xtec.cat\/escolaelisabadia\/wp-json\/wp\/v2\/comments?post=8164"}],"version-history":[{"count":4,"href":"https:\/\/agora.xtec.cat\/escolaelisabadia\/wp-json\/wp\/v2\/posts\/8164\/revisions"}],"predecessor-version":[{"id":8170,"href":"https:\/\/agora.xtec.cat\/escolaelisabadia\/wp-json\/wp\/v2\/posts\/8164\/revisions\/8170"}],"wp:attachment":[{"href":"https:\/\/agora.xtec.cat\/escolaelisabadia\/wp-json\/wp\/v2\/media?parent=8164"}],"wp:term":[{"taxonomy":"category","embeddable":true,"href":"https:\/\/agora.xtec.cat\/escolaelisabadia\/wp-json\/wp\/v2\/categories?post=8164"},{"taxonomy":"post_tag","embeddable":true,"href":"https:\/\/agora.xtec.cat\/escolaelisabadia\/wp-json\/wp\/v2\/tags?post=8164"}],"curies":[{"name":"wp","href":"https:\/\/api.w.org\/{rel}","templated":true}]}}