{"id":6956,"date":"2025-11-21T15:34:33","date_gmt":"2025-11-21T14:34:33","guid":{"rendered":"https:\/\/agora.xtec.cat\/escolaelisabadia\/?p=6956"},"modified":"2025-11-21T15:34:33","modified_gmt":"2025-11-21T14:34:33","slug":"descobrint-la-vida-al-camp-a-la-masia-de-can-deu","status":"publish","type":"post","link":"https:\/\/agora.xtec.cat\/escolaelisabadia\/general\/descobrint-la-vida-al-camp-a-la-masia-de-can-deu\/","title":{"rendered":"Descobrint la vida al camp a la masia de Can Deu"},"content":{"rendered":"<p data-start=\"90\" data-end=\"384\">El passat<strong> 14 de novembre<\/strong> vam fer una sortida a la <strong data-start=\"148\" data-end=\"168\">Masia de Can Deu<\/strong>, a Sabadell. Aquesta activitat forma part del projecte que estem treballant a l\u2019aula, <strong data-start=\"255\" data-end=\"296\">\u201cLa meva hist\u00f2ria i el pas del temps\u201d<\/strong>, on reflexionem sobre com vivien les persones abans i com ha canviat la vida fins avui.<\/p>\n<p data-start=\"386\" data-end=\"634\">A la masia vam participar en una activitat sobre <strong data-start=\"433\" data-end=\"452\">la vida al camp<\/strong>. Vam con\u00e8ixer com eren les cases de pag\u00e8s abans de la industrialitzaci\u00f3, quines feines feien a la terra i quines eines utilitzaven. Tamb\u00e9 vam visitar diferents espais antics de la casa.<\/p>\n<p data-start=\"636\" data-end=\"779\">L\u2019objectiu de la sortida va ser que l\u2019alumnat entengui millor com era la vida rural d\u2019abans i la pugui comparar amb la manera com vivim actualment.<\/p>\n<p data-start=\"90\" data-end=\"384\"><img loading=\"lazy\" decoding=\"async\" class=\"alignnone size-full wp-image-6970\" src=\"https:\/\/agora.xtec.cat\/escolaelisabadia\/wp-content\/uploads\/usu667\/2025\/11\/PHOTO-2025-11-19-13-07-36-1.jpg\" alt=\"\" width=\"1600\" height=\"1200\" srcset=\"https:\/\/agora.xtec.cat\/escolaelisabadia\/wp-content\/uploads\/usu667\/2025\/11\/PHOTO-2025-11-19-13-07-36-1.jpg 1600w, https:\/\/agora.xtec.cat\/escolaelisabadia\/wp-content\/uploads\/usu667\/2025\/11\/PHOTO-2025-11-19-13-07-36-1-300x225.jpg 300w, https:\/\/agora.xtec.cat\/escolaelisabadia\/wp-content\/uploads\/usu667\/2025\/11\/PHOTO-2025-11-19-13-07-36-1-768x576.jpg 768w, https:\/\/agora.xtec.cat\/escolaelisabadia\/wp-content\/uploads\/usu667\/2025\/11\/PHOTO-2025-11-19-13-07-36-1-1536x1152.jpg 1536w, https:\/\/agora.xtec.cat\/escolaelisabadia\/wp-content\/uploads\/usu667\/2025\/11\/PHOTO-2025-11-19-13-07-36-1-200x150.jpg 200w\" sizes=\"auto, (max-width: 1600px) 100vw, 1600px\" \/> <img loading=\"lazy\" decoding=\"async\" class=\"alignnone size-full wp-image-6969\" src=\"https:\/\/agora.xtec.cat\/escolaelisabadia\/wp-content\/uploads\/usu667\/2025\/11\/PHOTO-2025-11-19-13-09-11.jpg\" alt=\"\" width=\"1600\" height=\"1200\" srcset=\"https:\/\/agora.xtec.cat\/escolaelisabadia\/wp-content\/uploads\/usu667\/2025\/11\/PHOTO-2025-11-19-13-09-11.jpg 1600w, https:\/\/agora.xtec.cat\/escolaelisabadia\/wp-content\/uploads\/usu667\/2025\/11\/PHOTO-2025-11-19-13-09-11-300x225.jpg 300w, https:\/\/agora.xtec.cat\/escolaelisabadia\/wp-content\/uploads\/usu667\/2025\/11\/PHOTO-2025-11-19-13-09-11-768x576.jpg 768w, https:\/\/agora.xtec.cat\/escolaelisabadia\/wp-content\/uploads\/usu667\/2025\/11\/PHOTO-2025-11-19-13-09-11-1536x1152.jpg 1536w, https:\/\/agora.xtec.cat\/escolaelisabadia\/wp-content\/uploads\/usu667\/2025\/11\/PHOTO-2025-11-19-13-09-11-200x150.jpg 200w\" sizes=\"auto, (max-width: 1600px) 100vw, 1600px\" \/> <img loading=\"lazy\" decoding=\"async\" class=\"alignnone size-full wp-image-6968\" src=\"https:\/\/agora.xtec.cat\/escolaelisabadia\/wp-content\/uploads\/usu667\/2025\/11\/PHOTO-2025-11-21-12-45-53.jpg\" alt=\"\" width=\"1600\" height=\"1200\" srcset=\"https:\/\/agora.xtec.cat\/escolaelisabadia\/wp-content\/uploads\/usu667\/2025\/11\/PHOTO-2025-11-21-12-45-53.jpg 1600w, https:\/\/agora.xtec.cat\/escolaelisabadia\/wp-content\/uploads\/usu667\/2025\/11\/PHOTO-2025-11-21-12-45-53-300x225.jpg 300w, https:\/\/agora.xtec.cat\/escolaelisabadia\/wp-content\/uploads\/usu667\/2025\/11\/PHOTO-2025-11-21-12-45-53-768x576.jpg 768w, https:\/\/agora.xtec.cat\/escolaelisabadia\/wp-content\/uploads\/usu667\/2025\/11\/PHOTO-2025-11-21-12-45-53-1536x1152.jpg 1536w, https:\/\/agora.xtec.cat\/escolaelisabadia\/wp-content\/uploads\/usu667\/2025\/11\/PHOTO-2025-11-21-12-45-53-200x150.jpg 200w\" sizes=\"auto, (max-width: 1600px) 100vw, 1600px\" \/> <img loading=\"lazy\" decoding=\"async\" class=\"alignnone size-full wp-image-6967\" src=\"https:\/\/agora.xtec.cat\/escolaelisabadia\/wp-content\/uploads\/usu667\/2025\/11\/PHOTO-2025-11-21-12-46-47.jpg\" alt=\"\" width=\"1600\" height=\"1200\" srcset=\"https:\/\/agora.xtec.cat\/escolaelisabadia\/wp-content\/uploads\/usu667\/2025\/11\/PHOTO-2025-11-21-12-46-47.jpg 1600w, https:\/\/agora.xtec.cat\/escolaelisabadia\/wp-content\/uploads\/usu667\/2025\/11\/PHOTO-2025-11-21-12-46-47-300x225.jpg 300w, https:\/\/agora.xtec.cat\/escolaelisabadia\/wp-content\/uploads\/usu667\/2025\/11\/PHOTO-2025-11-21-12-46-47-768x576.jpg 768w, https:\/\/agora.xtec.cat\/escolaelisabadia\/wp-content\/uploads\/usu667\/2025\/11\/PHOTO-2025-11-21-12-46-47-1536x1152.jpg 1536w, https:\/\/agora.xtec.cat\/escolaelisabadia\/wp-content\/uploads\/usu667\/2025\/11\/PHOTO-2025-11-21-12-46-47-200x150.jpg 200w\" sizes=\"auto, (max-width: 1600px) 100vw, 1600px\" \/><\/p>\n","protected":false},"excerpt":{"rendered":"<p>El passat 14 de novembre vam fer una sortida a la Masia de Can Deu, a Sabadell. Aquesta activitat forma part del projecte que estem treballant a l\u2019aula, \u201cLa meva hist\u00f2ria i el pas del temps\u201d, on reflexionem sobre com vivien les persones abans i com ha canviat la vida fins avui. A la masia [&hellip;]<\/p>\n","protected":false},"author":28,"featured_media":6969,"comment_status":"closed","ping_status":"open","sticky":false,"template":"","format":"standard","meta":{"_bbp_topic_count":0,"_bbp_reply_count":0,"_bbp_total_topic_count":0,"_bbp_total_reply_count":0,"_bbp_voice_count":0,"_bbp_anonymous_reply_count":0,"_bbp_topic_count_hidden":0,"_bbp_reply_count_hidden":0,"_bbp_forum_subforum_count":0,"site-sidebar-layout":"default","site-content-layout":"","ast-site-content-layout":"","site-content-style":"default","site-sidebar-style":"default","ast-global-header-display":"","ast-banner-title-visibility":"","ast-main-header-display":"","ast-hfb-above-header-display":"","ast-hfb-below-header-display":"","ast-hfb-mobile-header-display":"","site-post-title":"","ast-breadcrumbs-content":"","ast-featured-img":"","footer-sml-layout":"","theme-transparent-header-meta":"","adv-header-id-meta":"","stick-header-meta":"","header-above-stick-meta":"","header-main-stick-meta":"","header-below-stick-meta":"","astra-migrate-meta-layouts":"default","ast-page-background-enabled":"default","ast-page-background-meta":{"desktop":{"background-color":"var(--ast-global-color-4)","background-image":"","background-repeat":"repeat","background-position":"center center","background-size":"auto","background-attachment":"scroll","background-type":"","background-media":"","overlay-type":"","overlay-color":"","overlay-opacity":"","overlay-gradient":""},"tablet":{"background-color":"","background-image":"","background-repeat":"repeat","background-position":"center center","background-size":"auto","background-attachment":"scroll","background-type":"","background-media":"","overlay-type":"","overlay-color":"","overlay-opacity":"","overlay-gradient":""},"mobile":{"background-color":"","background-image":"","background-repeat":"repeat","background-position":"center center","background-size":"auto","background-attachment":"scroll","background-type":"","background-media":"","overlay-type":"","overlay-color":"","overlay-opacity":"","overlay-gradient":""}},"ast-content-background-meta":{"desktop":{"background-color":"var(--ast-global-color-5)","background-image":"","background-repeat":"repeat","background-position":"center center","background-size":"auto","background-attachment":"scroll","background-type":"","background-media":"","overlay-type":"","overlay-color":"","overlay-opacity":"","overlay-gradient":""},"tablet":{"background-color":"var(--ast-global-color-5)","background-image":"","background-repeat":"repeat","background-position":"center center","background-size":"auto","background-attachment":"scroll","background-type":"","background-media":"","overlay-type":"","overlay-color":"","overlay-opacity":"","overlay-gradient":""},"mobile":{"background-color":"var(--ast-global-color-5)","background-image":"","background-repeat":"repeat","background-position":"center center","background-size":"auto","background-attachment":"scroll","background-type":"","background-media":"","overlay-type":"","overlay-color":"","overlay-opacity":"","overlay-gradient":""}},"footnotes":""},"categories":[12,1,4,5],"tags":[911,912,913,910,72],"class_list":["post-6956","post","type-post","status-publish","format-standard","has-post-thumbnail","hentry","category-3r","category-general","category-portada","category-primaria","tag-can-deu","tag-la-meva-historia-i-el-pas-del-temps","tag-la-vida-al-camp","tag-masia-de-can-deu","tag-sortida"],"post_mailing_queue_ids":[],"_links":{"self":[{"href":"https:\/\/agora.xtec.cat\/escolaelisabadia\/wp-json\/wp\/v2\/posts\/6956","targetHints":{"allow":["GET"]}}],"collection":[{"href":"https:\/\/agora.xtec.cat\/escolaelisabadia\/wp-json\/wp\/v2\/posts"}],"about":[{"href":"https:\/\/agora.xtec.cat\/escolaelisabadia\/wp-json\/wp\/v2\/types\/post"}],"author":[{"embeddable":true,"href":"https:\/\/agora.xtec.cat\/escolaelisabadia\/wp-json\/wp\/v2\/users\/28"}],"replies":[{"embeddable":true,"href":"https:\/\/agora.xtec.cat\/escolaelisabadia\/wp-json\/wp\/v2\/comments?post=6956"}],"version-history":[{"count":2,"href":"https:\/\/agora.xtec.cat\/escolaelisabadia\/wp-json\/wp\/v2\/posts\/6956\/revisions"}],"predecessor-version":[{"id":7022,"href":"https:\/\/agora.xtec.cat\/escolaelisabadia\/wp-json\/wp\/v2\/posts\/6956\/revisions\/7022"}],"wp:featuredmedia":[{"embeddable":true,"href":"https:\/\/agora.xtec.cat\/escolaelisabadia\/wp-json\/wp\/v2\/media\/6969"}],"wp:attachment":[{"href":"https:\/\/agora.xtec.cat\/escolaelisabadia\/wp-json\/wp\/v2\/media?parent=6956"}],"wp:term":[{"taxonomy":"category","embeddable":true,"href":"https:\/\/agora.xtec.cat\/escolaelisabadia\/wp-json\/wp\/v2\/categories?post=6956"},{"taxonomy":"post_tag","embeddable":true,"href":"https:\/\/agora.xtec.cat\/escolaelisabadia\/wp-json\/wp\/v2\/tags?post=6956"}],"curies":[{"name":"wp","href":"https:\/\/api.w.org\/{rel}","templated":true}]}}