{"id":5323,"date":"2020-06-16T23:04:44","date_gmt":"2020-06-16T21:04:44","guid":{"rendered":"https:\/\/agora.xtec.cat\/escolaelfar\/?p=5323"},"modified":"2020-06-22T23:28:56","modified_gmt":"2020-06-22T21:28:56","slug":"festa-fi-de-curs","status":"publish","type":"post","link":"https:\/\/agora.xtec.cat\/escolaelfar\/primaria\/1r\/festa-fi-de-curs\/","title":{"rendered":"FESTA FI DE CURS!"},"content":{"rendered":"<p><a href=\"https:\/\/agora.xtec.cat\/escolaelfar\/wp-content\/uploads\/usu1878\/2020\/06\/2bc193f3133265a3f888b8b4c5c25358.jpg\"><img loading=\"lazy\" decoding=\"async\" class=\"wp-image-5231 aligncenter\" src=\"https:\/\/agora.xtec.cat\/escolaelfar\/wp-content\/uploads\/usu1878\/2020\/06\/2bc193f3133265a3f888b8b4c5c25358-1024x725.jpg\" alt=\"\" width=\"480\" height=\"340\" srcset=\"https:\/\/agora.xtec.cat\/escolaelfar\/wp-content\/uploads\/usu1878\/2020\/06\/2bc193f3133265a3f888b8b4c5c25358-1024x725.jpg 1024w, https:\/\/agora.xtec.cat\/escolaelfar\/wp-content\/uploads\/usu1878\/2020\/06\/2bc193f3133265a3f888b8b4c5c25358-300x212.jpg 300w, https:\/\/agora.xtec.cat\/escolaelfar\/wp-content\/uploads\/usu1878\/2020\/06\/2bc193f3133265a3f888b8b4c5c25358-768x543.jpg 768w, https:\/\/agora.xtec.cat\/escolaelfar\/wp-content\/uploads\/usu1878\/2020\/06\/2bc193f3133265a3f888b8b4c5c25358.jpg 2048w\" sizes=\"auto, (max-width: 480px) 100vw, 480px\" \/><\/a><\/p>\n<p>Aquest dijous 18 de juny, la Tribu Miao hem celebrat una festa de fi de curs de manera telem\u00e0tica! No ens hagu\u00e9ssim imaginat mai un comiat de curs d&#8217;aquesta manera, per\u00f2 les circumst\u00e0ncies, i aquesta situaci\u00f3 que estem vivint, aix\u00ed ho ha requerit! Per\u00f2, tot i aixi, ha estat un comiat molt entrenyable! Compartint aquesta estoneta de videtrobada molt especial!!! Us heu posat tots i totes molt guapos i guapes, amb una gran alegria, un bon berenar i una copeta de refresc per poder brindar! Ha estat una estona molt especial, amb la sorpresa d&#8217;alguns\/es mestres de l&#8217;escola a la festa, explicant-nos moments que hem passat a totes les videotrucades que hem fet durant el confinament!<\/p>\n<p>No hi ha cap dubte que ha estat un fi de curs molt diferent als altres, un fi de curs que recordarem sempre! Sabem tamb\u00e9 que, tenim moltes ganes de tornar a compartir moments a l&#8217;aula i poder abra\u00e7ar-nos i estar junts. Tot arribar\u00e0 i tot anir\u00e0 b\u00e9 Tribu Miao! Ha estat un plaer seguir caminat junts durant aquests dies encara que hagi estat des de la dist\u00e0ncia, per\u00f2 una dist\u00e0ncia que a la vegada ha fet sentir-me m\u00e9s aprop de vosaltres! Gr\u00e0cies per tot, per aquest curs tan especial al vostre costat! Tot han estat aprenentatges compartits i que han sumat dia rere dia. Seguiu aix\u00ed de feli\u00e7os, plens d&#8217;energia, i amb aquesta empempta que tant us caracteritza com a grup! Sou bons companys i companyes, feu\u00a0 una molt bona pinya junts! Sou una gran TRIBU!<\/p>\n<p>Una abra\u00e7ada enorme i a seguir gaudint de tots els moments que us esperen i us fan cr\u00e9ixer dia a dia, sobretot, gaudiu de l&#8217;aire lliure amb la vostra fam\u00edlia i amics!<\/p>\n<p>Bon estiu!!<\/p>\n<p>Us estimo,<\/p>\n<p>Anna V.<\/p>\n<p style=\"text-align: center\"><a href=\"https:\/\/agora.xtec.cat\/escolaelfar\/wp-content\/uploads\/usu1878\/2020\/06\/comiat-1r-1.png\"><img loading=\"lazy\" decoding=\"async\" class=\"alignnone size-full wp-image-5324\" src=\"https:\/\/agora.xtec.cat\/escolaelfar\/wp-content\/uploads\/usu1878\/2020\/06\/comiat-1r-1.png\" alt=\"\" width=\"888\" height=\"624\" srcset=\"https:\/\/agora.xtec.cat\/escolaelfar\/wp-content\/uploads\/usu1878\/2020\/06\/comiat-1r-1.png 888w, https:\/\/agora.xtec.cat\/escolaelfar\/wp-content\/uploads\/usu1878\/2020\/06\/comiat-1r-1-300x211.png 300w, https:\/\/agora.xtec.cat\/escolaelfar\/wp-content\/uploads\/usu1878\/2020\/06\/comiat-1r-1-768x540.png 768w\" sizes=\"auto, (max-width: 888px) 100vw, 888px\" \/><\/a><\/p>\n<p style=\"text-align: center\"><a href=\"https:\/\/agora.xtec.cat\/escolaelfar\/wp-content\/uploads\/usu1878\/2020\/06\/comiat-1r-2.png\"><img loading=\"lazy\" decoding=\"async\" class=\"alignnone size-full wp-image-5325\" src=\"https:\/\/agora.xtec.cat\/escolaelfar\/wp-content\/uploads\/usu1878\/2020\/06\/comiat-1r-2.png\" alt=\"\" width=\"887\" height=\"611\" srcset=\"https:\/\/agora.xtec.cat\/escolaelfar\/wp-content\/uploads\/usu1878\/2020\/06\/comiat-1r-2.png 887w, https:\/\/agora.xtec.cat\/escolaelfar\/wp-content\/uploads\/usu1878\/2020\/06\/comiat-1r-2-300x207.png 300w, https:\/\/agora.xtec.cat\/escolaelfar\/wp-content\/uploads\/usu1878\/2020\/06\/comiat-1r-2-768x529.png 768w\" sizes=\"auto, (max-width: 887px) 100vw, 887px\" \/><\/a><\/p>\n","protected":false},"excerpt":{"rendered":"<p>Aquest dijous 18 de juny, la Tribu Miao hem celebrat una festa de fi de curs de manera telem\u00e0tica! No [&hellip;]<\/p>\n","protected":false},"author":39,"featured_media":5231,"comment_status":"open","ping_status":"closed","sticky":false,"template":"","format":"standard","meta":{"_bbp_topic_count":0,"_bbp_reply_count":0,"_bbp_total_topic_count":0,"_bbp_total_reply_count":0,"_bbp_voice_count":0,"_bbp_anonymous_reply_count":0,"_bbp_topic_count_hidden":0,"_bbp_reply_count_hidden":0,"_bbp_forum_subforum_count":0,"site-sidebar-layout":"default","site-content-layout":"","ast-site-content-layout":"","site-content-style":"default","site-sidebar-style":"default","ast-global-header-display":"","ast-banner-title-visibility":"","ast-main-header-display":"","ast-hfb-above-header-display":"","ast-hfb-below-header-display":"","ast-hfb-mobile-header-display":"","site-post-title":"","ast-breadcrumbs-content":"","ast-featured-img":"","footer-sml-layout":"","theme-transparent-header-meta":"","adv-header-id-meta":"","stick-header-meta":"","header-above-stick-meta":"","header-main-stick-meta":"","header-below-stick-meta":"","astra-migrate-meta-layouts":"default","ast-page-background-enabled":"default","ast-page-background-meta":{"desktop":{"background-color":"var(--ast-global-color-4)","background-image":"","background-repeat":"repeat","background-position":"center center","background-size":"auto","background-attachment":"scroll","background-type":"","background-media":"","overlay-type":"","overlay-color":"","overlay-opacity":"","overlay-gradient":""},"tablet":{"background-color":"","background-image":"","background-repeat":"repeat","background-position":"center center","background-size":"auto","background-attachment":"scroll","background-type":"","background-media":"","overlay-type":"","overlay-color":"","overlay-opacity":"","overlay-gradient":""},"mobile":{"background-color":"","background-image":"","background-repeat":"repeat","background-position":"center center","background-size":"auto","background-attachment":"scroll","background-type":"","background-media":"","overlay-type":"","overlay-color":"","overlay-opacity":"","overlay-gradient":""}},"ast-content-background-meta":{"desktop":{"background-color":"var(--ast-global-color-5)","background-image":"","background-repeat":"repeat","background-position":"center center","background-size":"auto","background-attachment":"scroll","background-type":"","background-media":"","overlay-type":"","overlay-color":"","overlay-opacity":"","overlay-gradient":""},"tablet":{"background-color":"var(--ast-global-color-5)","background-image":"","background-repeat":"repeat","background-position":"center center","background-size":"auto","background-attachment":"scroll","background-type":"","background-media":"","overlay-type":"","overlay-color":"","overlay-opacity":"","overlay-gradient":""},"mobile":{"background-color":"var(--ast-global-color-5)","background-image":"","background-repeat":"repeat","background-position":"center center","background-size":"auto","background-attachment":"scroll","background-type":"","background-media":"","overlay-type":"","overlay-color":"","overlay-opacity":"","overlay-gradient":""}},"footnotes":""},"categories":[10,249],"tags":[],"class_list":["post-5323","post","type-post","status-publish","format-standard","has-post-thumbnail","hentry","category-1r","category-novet1"],"post_mailing_queue_ids":[],"_links":{"self":[{"href":"https:\/\/agora.xtec.cat\/escolaelfar\/wp-json\/wp\/v2\/posts\/5323","targetHints":{"allow":["GET"]}}],"collection":[{"href":"https:\/\/agora.xtec.cat\/escolaelfar\/wp-json\/wp\/v2\/posts"}],"about":[{"href":"https:\/\/agora.xtec.cat\/escolaelfar\/wp-json\/wp\/v2\/types\/post"}],"author":[{"embeddable":true,"href":"https:\/\/agora.xtec.cat\/escolaelfar\/wp-json\/wp\/v2\/users\/39"}],"replies":[{"embeddable":true,"href":"https:\/\/agora.xtec.cat\/escolaelfar\/wp-json\/wp\/v2\/comments?post=5323"}],"version-history":[{"count":1,"href":"https:\/\/agora.xtec.cat\/escolaelfar\/wp-json\/wp\/v2\/posts\/5323\/revisions"}],"predecessor-version":[{"id":5326,"href":"https:\/\/agora.xtec.cat\/escolaelfar\/wp-json\/wp\/v2\/posts\/5323\/revisions\/5326"}],"wp:featuredmedia":[{"embeddable":true,"href":"https:\/\/agora.xtec.cat\/escolaelfar\/wp-json\/wp\/v2\/media\/5231"}],"wp:attachment":[{"href":"https:\/\/agora.xtec.cat\/escolaelfar\/wp-json\/wp\/v2\/media?parent=5323"}],"wp:term":[{"taxonomy":"category","embeddable":true,"href":"https:\/\/agora.xtec.cat\/escolaelfar\/wp-json\/wp\/v2\/categories?post=5323"},{"taxonomy":"post_tag","embeddable":true,"href":"https:\/\/agora.xtec.cat\/escolaelfar\/wp-json\/wp\/v2\/tags?post=5323"}],"curies":[{"name":"wp","href":"https:\/\/api.w.org\/{rel}","templated":true}]}}