{"id":5277,"date":"2020-06-18T10:02:31","date_gmt":"2020-06-18T08:02:31","guid":{"rendered":"https:\/\/agora.xtec.cat\/escolaelfar\/?p=5277"},"modified":"2020-06-18T10:02:31","modified_gmt":"2020-06-18T08:02:31","slug":"activitat-19","status":"publish","type":"post","link":"https:\/\/agora.xtec.cat\/escolaelfar\/primaria\/ee\/activitat-19\/","title":{"rendered":"ACTIVITAT 19"},"content":{"rendered":"<p style=\"text-align: center\"><a href=\"https:\/\/agora.xtec.cat\/escolaelfar\/wp-content\/uploads\/usu1878\/2020\/06\/18-06.jpg\"><img loading=\"lazy\" decoding=\"async\" class=\"alignnone size-full wp-image-5278\" src=\"https:\/\/agora.xtec.cat\/escolaelfar\/wp-content\/uploads\/usu1878\/2020\/06\/18-06.jpg\" alt=\"\" width=\"960\" height=\"720\" srcset=\"https:\/\/agora.xtec.cat\/escolaelfar\/wp-content\/uploads\/usu1878\/2020\/06\/18-06.jpg 960w, https:\/\/agora.xtec.cat\/escolaelfar\/wp-content\/uploads\/usu1878\/2020\/06\/18-06-300x225.jpg 300w, https:\/\/agora.xtec.cat\/escolaelfar\/wp-content\/uploads\/usu1878\/2020\/06\/18-06-768x576.jpg 768w, https:\/\/agora.xtec.cat\/escolaelfar\/wp-content\/uploads\/usu1878\/2020\/06\/18-06-200x150.jpg 200w\" sizes=\"auto, (max-width: 960px) 100vw, 960px\" \/><\/a><\/p>\n<p>No sempre \u00e9s f\u00e0cil resumir-ho tot en una sola imatge.<br \/>\nPer\u00f2 us convidem a fer un rep\u00e0s de tot all\u00f2 que hem apr\u00e8s durant el curs, les noves persones que hem conegut, els moments viscuts,( els feli\u00e7os i els tristos), les noves experi\u00e8ncies, aprenentatges, les metes aconseguides, etc&#8230;<\/p>\n<p>Us animem a que ens feu arribar amb imatges o amb paraules tot all\u00f2 que us ha aportat aquest curs! Recorda que ens pots enviar les imatges a: educacioespecial@elfarescola.cat<\/p>\n<p>Us desitgem que tingueu molt bones vacances d&#8217;estiu. Jugueu, desconnecteu, passeu temps amb fam\u00edlia, sigueu feli\u00e7os, per\u00f2 sobretot cuideu-vos i estimeu i valoreu cada moment.<\/p>\n<p>Us trobarem a faltar i esperem al setemebre amb moltes ganes per tornar-nos a veure!.<\/p>\n<p>Cuida\u2019t a casa, a l\u2019escola El Far ens cuidem!<\/p>\n<p>&nbsp;<\/p>\n<p>Marina i Judit<\/p>\n","protected":false},"excerpt":{"rendered":"<p>No sempre \u00e9s f\u00e0cil resumir-ho tot en una sola imatge. Per\u00f2 us convidem a fer un rep\u00e0s de tot all\u00f2 [&hellip;]<\/p>\n","protected":false},"author":43,"featured_media":5278,"comment_status":"open","ping_status":"closed","sticky":false,"template":"","format":"standard","meta":{"_bbp_topic_count":0,"_bbp_reply_count":0,"_bbp_total_topic_count":0,"_bbp_total_reply_count":0,"_bbp_voice_count":0,"_bbp_anonymous_reply_count":0,"_bbp_topic_count_hidden":0,"_bbp_reply_count_hidden":0,"_bbp_forum_subforum_count":0,"site-sidebar-layout":"default","site-content-layout":"","ast-site-content-layout":"","site-content-style":"default","site-sidebar-style":"default","ast-global-header-display":"","ast-banner-title-visibility":"","ast-main-header-display":"","ast-hfb-above-header-display":"","ast-hfb-below-header-display":"","ast-hfb-mobile-header-display":"","site-post-title":"","ast-breadcrumbs-content":"","ast-featured-img":"","footer-sml-layout":"","theme-transparent-header-meta":"","adv-header-id-meta":"","stick-header-meta":"","header-above-stick-meta":"","header-main-stick-meta":"","header-below-stick-meta":"","astra-migrate-meta-layouts":"default","ast-page-background-enabled":"default","ast-page-background-meta":{"desktop":{"background-color":"var(--ast-global-color-4)","background-image":"","background-repeat":"repeat","background-position":"center center","background-size":"auto","background-attachment":"scroll","background-type":"","background-media":"","overlay-type":"","overlay-color":"","overlay-opacity":"","overlay-gradient":""},"tablet":{"background-color":"","background-image":"","background-repeat":"repeat","background-position":"center center","background-size":"auto","background-attachment":"scroll","background-type":"","background-media":"","overlay-type":"","overlay-color":"","overlay-opacity":"","overlay-gradient":""},"mobile":{"background-color":"","background-image":"","background-repeat":"repeat","background-position":"center center","background-size":"auto","background-attachment":"scroll","background-type":"","background-media":"","overlay-type":"","overlay-color":"","overlay-opacity":"","overlay-gradient":""}},"ast-content-background-meta":{"desktop":{"background-color":"var(--ast-global-color-5)","background-image":"","background-repeat":"repeat","background-position":"center center","background-size":"auto","background-attachment":"scroll","background-type":"","background-media":"","overlay-type":"","overlay-color":"","overlay-opacity":"","overlay-gradient":""},"tablet":{"background-color":"var(--ast-global-color-5)","background-image":"","background-repeat":"repeat","background-position":"center center","background-size":"auto","background-attachment":"scroll","background-type":"","background-media":"","overlay-type":"","overlay-color":"","overlay-opacity":"","overlay-gradient":""},"mobile":{"background-color":"var(--ast-global-color-5)","background-image":"","background-repeat":"repeat","background-position":"center center","background-size":"auto","background-attachment":"scroll","background-type":"","background-media":"","overlay-type":"","overlay-color":"","overlay-opacity":"","overlay-gradient":""}},"footnotes":""},"categories":[77],"tags":[203,231,205,201,200,257,268,270,269],"class_list":["post-5277","post","type-post","status-publish","format-standard","has-post-thumbnail","hentry","category-ee","tag-bons-moments","tag-calendari-emocional","tag-educacio-emocional","tag-educacio-especial","tag-emocions","tag-felicitat","tag-final-de-curs","tag-imatges","tag-records"],"post_mailing_queue_ids":[],"_links":{"self":[{"href":"https:\/\/agora.xtec.cat\/escolaelfar\/wp-json\/wp\/v2\/posts\/5277","targetHints":{"allow":["GET"]}}],"collection":[{"href":"https:\/\/agora.xtec.cat\/escolaelfar\/wp-json\/wp\/v2\/posts"}],"about":[{"href":"https:\/\/agora.xtec.cat\/escolaelfar\/wp-json\/wp\/v2\/types\/post"}],"author":[{"embeddable":true,"href":"https:\/\/agora.xtec.cat\/escolaelfar\/wp-json\/wp\/v2\/users\/43"}],"replies":[{"embeddable":true,"href":"https:\/\/agora.xtec.cat\/escolaelfar\/wp-json\/wp\/v2\/comments?post=5277"}],"version-history":[{"count":1,"href":"https:\/\/agora.xtec.cat\/escolaelfar\/wp-json\/wp\/v2\/posts\/5277\/revisions"}],"predecessor-version":[{"id":5279,"href":"https:\/\/agora.xtec.cat\/escolaelfar\/wp-json\/wp\/v2\/posts\/5277\/revisions\/5279"}],"wp:featuredmedia":[{"embeddable":true,"href":"https:\/\/agora.xtec.cat\/escolaelfar\/wp-json\/wp\/v2\/media\/5278"}],"wp:attachment":[{"href":"https:\/\/agora.xtec.cat\/escolaelfar\/wp-json\/wp\/v2\/media?parent=5277"}],"wp:term":[{"taxonomy":"category","embeddable":true,"href":"https:\/\/agora.xtec.cat\/escolaelfar\/wp-json\/wp\/v2\/categories?post=5277"},{"taxonomy":"post_tag","embeddable":true,"href":"https:\/\/agora.xtec.cat\/escolaelfar\/wp-json\/wp\/v2\/tags?post=5277"}],"curies":[{"name":"wp","href":"https:\/\/api.w.org\/{rel}","templated":true}]}}