{"id":5225,"date":"2020-06-17T18:28:38","date_gmt":"2020-06-17T16:28:38","guid":{"rendered":"https:\/\/agora.xtec.cat\/escolaelfar\/?p=5225"},"modified":"2020-06-19T15:59:52","modified_gmt":"2020-06-19T13:59:52","slug":"benvingut-estiu-propostes-i-plaers","status":"publish","type":"post","link":"https:\/\/agora.xtec.cat\/escolaelfar\/primaria\/1r\/benvingut-estiu-propostes-i-plaers\/","title":{"rendered":"BENVINGUT ESTIU! PROPOSTES I PLAERS."},"content":{"rendered":"<p style=\"text-align: justify\">Hola nens i nenes del cicle inicial!<\/p>\n<p style=\"text-align: justify\">Ja estem entrant a l&#8217;estiu, aquesta \u00e8poca de l&#8217;any que tant ens agrada a tots i totes! Despr\u00e9s de tot l&#8217;esfor\u00e7 i dedicaci\u00f3 que\u00a0 heu fet durant tot el curs, ha arribat el moment de gaudir del temps lliure, de la platja, la companyia de la nostra fam\u00edlia i amistats i fer totes\u00a0 aquelles coses que m\u00e9s ens agraden! Tot aix\u00f2, sense oblidar que en algun moment, tamb\u00e9 cal gaudir d&#8217;activitats, per refor\u00e7ar alguns aspectes que hem treballat durant el curs escolar. Activitats divertides que van lligades al nostre dia a dia en aquestes vacances!<\/p>\n<p style=\"text-align: justify\">Esperem que us agradin les nostres propostes i els plaers que us adjuntem a continuaci\u00f3:<\/p>\n<p><a href=\"https:\/\/agora.xtec.cat\/escolaelfar\/wp-content\/uploads\/usu1878\/2020\/06\/PLAERS-ESTIU.pdf\">Plaers d&#8217;estiu<\/a><\/p>\n<p><a href=\"https:\/\/agora.xtec.cat\/escolaelfar\/wp-content\/uploads\/usu1878\/2020\/06\/Propostes-dactivitats-destiu-1r.pdf\">Propostes d&#8217;activitats d&#8217;estiu cicle inicial<\/a><\/p>\n<p>Enlla\u00e7os de les propostes:<\/p>\n<p><a href=\"https:\/\/maresipares.cat\/land-art\/\"><b>-Gaudim creant obres amb Land Art<\/b><\/a><\/p>\n<p><a href=\"https:\/\/maresipares.cat\/ioga-amb-nens\/\"><b>-Fem ioga a l\u2019aire lliure<\/b><\/a><\/p>\n<p><a href=\"https:\/\/maresipares.cat\/jocs-tradicionals\/\"><b>-Recuperem els jocs tradicionals<\/b><\/a><\/p>\n<p><a href=\"https:\/\/maresipares.cat\/fem-percussio-corporal-en-familia\/\"><b>-Fem percussi\u00f3 corporal<\/b><\/a><\/p>\n<p><a href=\"https:\/\/maresipares.cat\/instruments-musicals\/\"><b>-Gaudim construint instruments musicals<\/b><\/a><\/p>\n<p><a href=\"https:\/\/maresipares.cat\/cantar-a-casa\/\"><b>-63 Recursos per cantar<\/b><\/a><\/p>\n<p><a href=\"https:\/\/natibergada.cat\/curts-magnifics-per-treballar-les-emocions-i-els-valors\"><b>-35 curts magn\u00edfics per treballar les emocions i els valors<\/b><\/a><\/p>\n<p><a href=\"https:\/\/maresipares.cat\/8-jocs-increibles-de-paper-i-boligraf\/\"><b>-8 jocs Incre\u00efbles de paper i bol\u00edgraf<\/b><\/a><\/p>\n<p><a href=\"https:\/\/maresipares.cat\/endevinalles-animals\/\"><b>-Endevina, endevinalla\u2026 Quin animal \u00e9s?<\/b><\/a><\/p>\n<p><a href=\"https:\/\/maresipares.cat\/contes-per-anar-a-dormir\/\"><b>-Contes per anar a dormir: 33 contes per als infants<\/b><\/a><\/p>\n<p>Tamb\u00e9, us deixem uns quants enigmes per seguir pensant amb les seves solucions:<\/p>\n<p><a href=\"https:\/\/agora.xtec.cat\/escolaelfar\/wp-content\/uploads\/usu1878\/2020\/06\/Enigmes-del-21-al-30.pdf\">Enigmes del 21 al 30<\/a><\/p>\n<p><a href=\"https:\/\/agora.xtec.cat\/escolaelfar\/wp-content\/uploads\/usu1878\/2020\/06\/Solucionari-enigmes-del-21-al-30.pdf\">Solucionari enigmes del 21 al 30<\/a><\/p>\n<p>&nbsp;<\/p>\n<p>Bones vacances i a gaudir de tots els petits i bonics moments!<\/p>\n<p>Les mestres de cicle inicial.<\/p>\n<p><a href=\"https:\/\/agora.xtec.cat\/escolaelfar\/wp-content\/uploads\/usu1878\/2020\/06\/tot-es-possible.jpg\"><img loading=\"lazy\" decoding=\"async\" class=\" wp-image-5230 aligncenter\" src=\"https:\/\/agora.xtec.cat\/escolaelfar\/wp-content\/uploads\/usu1878\/2020\/06\/tot-es-possible-1016x1024.jpg\" alt=\"\" width=\"561\" height=\"565\" srcset=\"https:\/\/agora.xtec.cat\/escolaelfar\/wp-content\/uploads\/usu1878\/2020\/06\/tot-es-possible-1016x1024.jpg 1016w, https:\/\/agora.xtec.cat\/escolaelfar\/wp-content\/uploads\/usu1878\/2020\/06\/tot-es-possible-150x150.jpg 150w, https:\/\/agora.xtec.cat\/escolaelfar\/wp-content\/uploads\/usu1878\/2020\/06\/tot-es-possible-298x300.jpg 298w, https:\/\/agora.xtec.cat\/escolaelfar\/wp-content\/uploads\/usu1878\/2020\/06\/tot-es-possible-768x774.jpg 768w, https:\/\/agora.xtec.cat\/escolaelfar\/wp-content\/uploads\/usu1878\/2020\/06\/tot-es-possible.jpg 1488w\" sizes=\"auto, (max-width: 561px) 100vw, 561px\" \/><\/a><\/p>\n","protected":false},"excerpt":{"rendered":"<p>Hola nens i nenes del cicle inicial! Ja estem entrant a l&#8217;estiu, aquesta \u00e8poca de l&#8217;any que tant ens agrada [&hellip;]<\/p>\n","protected":false},"author":39,"featured_media":5267,"comment_status":"open","ping_status":"closed","sticky":false,"template":"","format":"standard","meta":{"_bbp_topic_count":0,"_bbp_reply_count":0,"_bbp_total_topic_count":0,"_bbp_total_reply_count":0,"_bbp_voice_count":0,"_bbp_anonymous_reply_count":0,"_bbp_topic_count_hidden":0,"_bbp_reply_count_hidden":0,"_bbp_forum_subforum_count":0,"site-sidebar-layout":"default","site-content-layout":"","ast-site-content-layout":"","site-content-style":"default","site-sidebar-style":"default","ast-global-header-display":"","ast-banner-title-visibility":"","ast-main-header-display":"","ast-hfb-above-header-display":"","ast-hfb-below-header-display":"","ast-hfb-mobile-header-display":"","site-post-title":"","ast-breadcrumbs-content":"","ast-featured-img":"","footer-sml-layout":"","theme-transparent-header-meta":"","adv-header-id-meta":"","stick-header-meta":"","header-above-stick-meta":"","header-main-stick-meta":"","header-below-stick-meta":"","astra-migrate-meta-layouts":"default","ast-page-background-enabled":"default","ast-page-background-meta":{"desktop":{"background-color":"var(--ast-global-color-4)","background-image":"","background-repeat":"repeat","background-position":"center center","background-size":"auto","background-attachment":"scroll","background-type":"","background-media":"","overlay-type":"","overlay-color":"","overlay-opacity":"","overlay-gradient":""},"tablet":{"background-color":"","background-image":"","background-repeat":"repeat","background-position":"center center","background-size":"auto","background-attachment":"scroll","background-type":"","background-media":"","overlay-type":"","overlay-color":"","overlay-opacity":"","overlay-gradient":""},"mobile":{"background-color":"","background-image":"","background-repeat":"repeat","background-position":"center center","background-size":"auto","background-attachment":"scroll","background-type":"","background-media":"","overlay-type":"","overlay-color":"","overlay-opacity":"","overlay-gradient":""}},"ast-content-background-meta":{"desktop":{"background-color":"var(--ast-global-color-5)","background-image":"","background-repeat":"repeat","background-position":"center center","background-size":"auto","background-attachment":"scroll","background-type":"","background-media":"","overlay-type":"","overlay-color":"","overlay-opacity":"","overlay-gradient":""},"tablet":{"background-color":"var(--ast-global-color-5)","background-image":"","background-repeat":"repeat","background-position":"center center","background-size":"auto","background-attachment":"scroll","background-type":"","background-media":"","overlay-type":"","overlay-color":"","overlay-opacity":"","overlay-gradient":""},"mobile":{"background-color":"var(--ast-global-color-5)","background-image":"","background-repeat":"repeat","background-position":"center center","background-size":"auto","background-attachment":"scroll","background-type":"","background-media":"","overlay-type":"","overlay-color":"","overlay-opacity":"","overlay-gradient":""}},"footnotes":""},"categories":[10,11,249,241],"tags":[],"class_list":["post-5225","post","type-post","status-publish","format-standard","has-post-thumbnail","hentry","category-1r","category-2n","category-novet1","category-novet2"],"post_mailing_queue_ids":[],"_links":{"self":[{"href":"https:\/\/agora.xtec.cat\/escolaelfar\/wp-json\/wp\/v2\/posts\/5225","targetHints":{"allow":["GET"]}}],"collection":[{"href":"https:\/\/agora.xtec.cat\/escolaelfar\/wp-json\/wp\/v2\/posts"}],"about":[{"href":"https:\/\/agora.xtec.cat\/escolaelfar\/wp-json\/wp\/v2\/types\/post"}],"author":[{"embeddable":true,"href":"https:\/\/agora.xtec.cat\/escolaelfar\/wp-json\/wp\/v2\/users\/39"}],"replies":[{"embeddable":true,"href":"https:\/\/agora.xtec.cat\/escolaelfar\/wp-json\/wp\/v2\/comments?post=5225"}],"version-history":[{"count":4,"href":"https:\/\/agora.xtec.cat\/escolaelfar\/wp-json\/wp\/v2\/posts\/5225\/revisions"}],"predecessor-version":[{"id":5287,"href":"https:\/\/agora.xtec.cat\/escolaelfar\/wp-json\/wp\/v2\/posts\/5225\/revisions\/5287"}],"wp:featuredmedia":[{"embeddable":true,"href":"https:\/\/agora.xtec.cat\/escolaelfar\/wp-json\/wp\/v2\/media\/5267"}],"wp:attachment":[{"href":"https:\/\/agora.xtec.cat\/escolaelfar\/wp-json\/wp\/v2\/media?parent=5225"}],"wp:term":[{"taxonomy":"category","embeddable":true,"href":"https:\/\/agora.xtec.cat\/escolaelfar\/wp-json\/wp\/v2\/categories?post=5225"},{"taxonomy":"post_tag","embeddable":true,"href":"https:\/\/agora.xtec.cat\/escolaelfar\/wp-json\/wp\/v2\/tags?post=5225"}],"curies":[{"name":"wp","href":"https:\/\/api.w.org\/{rel}","templated":true}]}}