{"id":5087,"date":"2020-06-08T09:14:15","date_gmt":"2020-06-08T07:14:15","guid":{"rendered":"https:\/\/agora.xtec.cat\/escolaelfar\/?p=5087"},"modified":"2020-06-08T09:54:46","modified_gmt":"2020-06-08T07:54:46","slug":"propostes-de-les-ultimes-setmanes-de-curs","status":"publish","type":"post","link":"https:\/\/agora.xtec.cat\/escolaelfar\/general\/propostes-de-les-ultimes-setmanes-de-curs\/","title":{"rendered":"PROPOSTES DE LES \u00daLTIMES SETMANES DE CURS"},"content":{"rendered":"<p style=\"text-align: center\"><a href=\"https:\/\/agora.xtec.cat\/escolaelfar\/wp-content\/uploads\/usu1878\/2020\/06\/Summer-300x203.jpg\"><img loading=\"lazy\" decoding=\"async\" class=\"alignnone size-full wp-image-5088\" src=\"https:\/\/agora.xtec.cat\/escolaelfar\/wp-content\/uploads\/usu1878\/2020\/06\/Summer-300x203.jpg\" alt=\"\" width=\"300\" height=\"203\" \/><\/a><\/p>\n<p style=\"text-align: justify\">Fam\u00edlies de primer i segon!!!!!<\/p>\n<p style=\"text-align: justify\">Estem a la recta final del curs, ja tocant l\u2019inici del solstici d\u2019estiu. Tot i la situaci\u00f3 at\u00edpica que hem viscut els darrers mesos, durant els quals tots\/es ens hem hagut d\u2019adaptar a una nova manera de treballar, d\u2019ensenyar i d\u2019aprendre, arribem a la cloenda del curs contents de la feina feta, agraint-vos el suport i la implicaci\u00f3 m\u00e9s que mai.<\/p>\n<p style=\"text-align: justify\">Aix\u00ed doncs, comencem un nou estiu, per\u00edode en el que els nostres infants tenen m\u00e9s temps per divertir-se, fent activitats de lleure o marxant de vacances,i en tot cas passant m\u00e9s estona en fam\u00edlia. No hem d\u2019oblidar que sempre \u00e9s important per als nostres fills i filles trobar estones de treball i lectura a casa, per no perdre l\u2019h\u00e0bit i els coneixements adquirits.<\/p>\n<p style=\"text-align: justify\">Volem agrair-vos de nou les ganes i l\u2019inter\u00e8s que heu posat dia rere dia amb les nostres propostes setmanals; sabem que no ha estat gens f\u00e0cil. Ens acomiadem publicant les darreres propostes sense que calgui que feu cap retorn, simplement s\u00f3n per fer-les en fam\u00edlia. En nom de tot l\u2019equip de cicle inicial us desitgem de tot cor un acabament de curs ben feli\u00e7!!!!<\/p>\n<p>&nbsp;<\/p>\n<p><a href=\"https:\/\/agora.xtec.cat\/escolaelfar\/wp-content\/uploads\/usu1878\/2020\/06\/foto-cicle-cor.jpg\"><img loading=\"lazy\" decoding=\"async\" class=\"wp-image-5090 aligncenter\" src=\"https:\/\/agora.xtec.cat\/escolaelfar\/wp-content\/uploads\/usu1878\/2020\/06\/foto-cicle-cor.jpg\" alt=\"\" width=\"407\" height=\"435\" srcset=\"https:\/\/agora.xtec.cat\/escolaelfar\/wp-content\/uploads\/usu1878\/2020\/06\/foto-cicle-cor.jpg 883w, https:\/\/agora.xtec.cat\/escolaelfar\/wp-content\/uploads\/usu1878\/2020\/06\/foto-cicle-cor-281x300.jpg 281w, https:\/\/agora.xtec.cat\/escolaelfar\/wp-content\/uploads\/usu1878\/2020\/06\/foto-cicle-cor-768x819.jpg 768w\" sizes=\"auto, (max-width: 407px) 100vw, 407px\" \/><\/a><\/p>\n<p>&nbsp;<\/p>\n<p><a href=\"https:\/\/agora.xtec.cat\/escolaelfar\/wp-content\/uploads\/usu1878\/2020\/06\/Plaers-dels-\u00faltims-dies-de-curs-escolar.pdf\">Plaers dels \u00faltims dies de curs escolar<\/a><\/p>\n<ul>\n<li><strong>\u00c0mbit art\u00edstic: <\/strong><a style=\"font-family: inherit;font-size: 1em\" href=\"https:\/\/www.ccma.cat\/tv3\/super3\/infok\/que-hem-dibuixat\/video\/6042876\/\">Activitat art\u00edstica en fam\u00edlia<\/a> \/\u00a0<a style=\"font-family: inherit;font-size: 1em\" href=\"https:\/\/ca-es.facebook.com\/gegantscalella\">Concurs de dibuix dels Gegants de Calella<\/a>\n<ul>\n<li style=\"list-style-type: none\">\n<ul>\n<li style=\"list-style-type: none\">\n<ul>\n<li style=\"list-style-type: none\">\n<ul>\n<li style=\"list-style-type: none\">\n<ul>\n<li style=\"list-style-type: none\">\n<ul>\n<li>M\u00fasica: <a href=\"https:\/\/m.youtube.com\/watch?v=pFKRwWsfjno\">Cantem amb percussi\u00f3 corporal<\/a> \/ <a href=\"https:\/\/youtu.be\/PPB_SRyaOjw\">Ritme<\/a> \/ Pels alumnes de 2n que vulguin participar: <a href=\"https:\/\/www.youtube.com\/watch?v=vKgU0GhfcQw\">v\u00eddeo CLIKA<\/a><\/li>\n<li style=\"list-style-type: none\"><\/li>\n<\/ul>\n<\/li>\n<\/ul>\n<\/li>\n<\/ul>\n<\/li>\n<\/ul>\n<\/li>\n<\/ul>\n<\/li>\n<\/ul>\n<\/li>\n<li><strong>Enigmes:<\/strong> <a href=\"https:\/\/agora.xtec.cat\/escolaelfar\/wp-content\/uploads\/usu1878\/2020\/06\/A-PENSAR-17-18-19-i-20.pdf\">A pensar 17, 18, 19 i 20<\/a><\/li>\n<li><strong>\u00c0mbit coneixement del medi: <\/strong><a href=\"https:\/\/www.youtube.com\/watch?v=fSAPPblunPM\">Experiment 1<\/a> i <a href=\"https:\/\/www.repteexperimenta.cat\/2020\/com-fer-ou-saltimbanqui-amb-vinagre\/\">Experiment 2<\/a><\/li>\n<li><strong>Educaci\u00f3 en valors: <\/strong><a href=\"https:\/\/www.youtube.com\/watch?v=vfzx5wO9b18&amp;t=239s\">Curtmetratge 1<\/a>\u00a0 \u00a0 <a href=\"https:\/\/www.youtube.com\/watch?v=xMnx_3BC7EM\">Curtmetratge 2\u00a0<\/a> \u00a0 \u00a0<a href=\"https:\/\/www.youtube.com\/watch?v=oIlIVFBBbNw&amp;t=1s\">Curtmetratge 3<\/a>\u00a0 \u00a0 \u00a0<a href=\"https:\/\/www.youtube.com\/watch?v=sdUUx5FdySs\">Curtmetratge 4<\/a><\/li>\n<li><a href=\"https:\/\/agora.xtec.cat\/escolaelfar\/categoria\/primaria\/ee\/\">Calendari d&#8217;Emocions<\/a><\/li>\n<\/ul>\n","protected":false},"excerpt":{"rendered":"<p>Fam\u00edlies de primer i segon!!!!! Estem a la recta final del curs, ja tocant l\u2019inici del solstici d\u2019estiu. Tot i [&hellip;]<\/p>\n","protected":false},"author":39,"featured_media":0,"comment_status":"open","ping_status":"closed","sticky":false,"template":"","format":"standard","meta":{"_bbp_topic_count":0,"_bbp_reply_count":0,"_bbp_total_topic_count":0,"_bbp_total_reply_count":0,"_bbp_voice_count":0,"_bbp_anonymous_reply_count":0,"_bbp_topic_count_hidden":0,"_bbp_reply_count_hidden":0,"_bbp_forum_subforum_count":0,"site-sidebar-layout":"default","site-content-layout":"","ast-site-content-layout":"","site-content-style":"default","site-sidebar-style":"default","ast-global-header-display":"","ast-banner-title-visibility":"","ast-main-header-display":"","ast-hfb-above-header-display":"","ast-hfb-below-header-display":"","ast-hfb-mobile-header-display":"","site-post-title":"","ast-breadcrumbs-content":"","ast-featured-img":"","footer-sml-layout":"","theme-transparent-header-meta":"","adv-header-id-meta":"","stick-header-meta":"","header-above-stick-meta":"","header-main-stick-meta":"","header-below-stick-meta":"","astra-migrate-meta-layouts":"default","ast-page-background-enabled":"default","ast-page-background-meta":{"desktop":{"background-color":"var(--ast-global-color-4)","background-image":"","background-repeat":"repeat","background-position":"center center","background-size":"auto","background-attachment":"scroll","background-type":"","background-media":"","overlay-type":"","overlay-color":"","overlay-opacity":"","overlay-gradient":""},"tablet":{"background-color":"","background-image":"","background-repeat":"repeat","background-position":"center center","background-size":"auto","background-attachment":"scroll","background-type":"","background-media":"","overlay-type":"","overlay-color":"","overlay-opacity":"","overlay-gradient":""},"mobile":{"background-color":"","background-image":"","background-repeat":"repeat","background-position":"center center","background-size":"auto","background-attachment":"scroll","background-type":"","background-media":"","overlay-type":"","overlay-color":"","overlay-opacity":"","overlay-gradient":""}},"ast-content-background-meta":{"desktop":{"background-color":"var(--ast-global-color-5)","background-image":"","background-repeat":"repeat","background-position":"center center","background-size":"auto","background-attachment":"scroll","background-type":"","background-media":"","overlay-type":"","overlay-color":"","overlay-opacity":"","overlay-gradient":""},"tablet":{"background-color":"var(--ast-global-color-5)","background-image":"","background-repeat":"repeat","background-position":"center center","background-size":"auto","background-attachment":"scroll","background-type":"","background-media":"","overlay-type":"","overlay-color":"","overlay-opacity":"","overlay-gradient":""},"mobile":{"background-color":"var(--ast-global-color-5)","background-image":"","background-repeat":"repeat","background-position":"center center","background-size":"auto","background-attachment":"scroll","background-type":"","background-media":"","overlay-type":"","overlay-color":"","overlay-opacity":"","overlay-gradient":""}},"footnotes":""},"categories":[10,11,1],"tags":[],"class_list":["post-5087","post","type-post","status-publish","format-standard","hentry","category-1r","category-2n","category-general"],"post_mailing_queue_ids":[],"_links":{"self":[{"href":"https:\/\/agora.xtec.cat\/escolaelfar\/wp-json\/wp\/v2\/posts\/5087","targetHints":{"allow":["GET"]}}],"collection":[{"href":"https:\/\/agora.xtec.cat\/escolaelfar\/wp-json\/wp\/v2\/posts"}],"about":[{"href":"https:\/\/agora.xtec.cat\/escolaelfar\/wp-json\/wp\/v2\/types\/post"}],"author":[{"embeddable":true,"href":"https:\/\/agora.xtec.cat\/escolaelfar\/wp-json\/wp\/v2\/users\/39"}],"replies":[{"embeddable":true,"href":"https:\/\/agora.xtec.cat\/escolaelfar\/wp-json\/wp\/v2\/comments?post=5087"}],"version-history":[{"count":3,"href":"https:\/\/agora.xtec.cat\/escolaelfar\/wp-json\/wp\/v2\/posts\/5087\/revisions"}],"predecessor-version":[{"id":5116,"href":"https:\/\/agora.xtec.cat\/escolaelfar\/wp-json\/wp\/v2\/posts\/5087\/revisions\/5116"}],"wp:attachment":[{"href":"https:\/\/agora.xtec.cat\/escolaelfar\/wp-json\/wp\/v2\/media?parent=5087"}],"wp:term":[{"taxonomy":"category","embeddable":true,"href":"https:\/\/agora.xtec.cat\/escolaelfar\/wp-json\/wp\/v2\/categories?post=5087"},{"taxonomy":"post_tag","embeddable":true,"href":"https:\/\/agora.xtec.cat\/escolaelfar\/wp-json\/wp\/v2\/tags?post=5087"}],"curies":[{"name":"wp","href":"https:\/\/api.w.org\/{rel}","templated":true}]}}