{"id":4734,"date":"2020-05-18T09:00:51","date_gmt":"2020-05-18T07:00:51","guid":{"rendered":"https:\/\/agora.xtec.cat\/escolaelfar\/?p=4734"},"modified":"2020-05-17T22:38:12","modified_gmt":"2020-05-17T20:38:12","slug":"6e-videoclip-no-ens-desdibuixeu-cantem","status":"publish","type":"post","link":"https:\/\/agora.xtec.cat\/escolaelfar\/primaria\/6e\/6e-videoclip-no-ens-desdibuixeu-cantem\/","title":{"rendered":"6\u00e8 VIDEOCLIP NO ENS DESDIBUIXEU, CANTEM!"},"content":{"rendered":"<p>Nois i noies!<img loading=\"lazy\" decoding=\"async\" class=\"alignright\" src=\"https:\/\/i.pinimg.com\/736x\/75\/eb\/5f\/75eb5fa8845c0332a91d2d9e9a872676.jpg\" alt=\"La Gente Est\u00e1 Cantando Una Canci\u00f3n En Un Moderno Estudio De ...\" width=\"377\" height=\"251\" \/><\/p>\n<p>Aquesta setmana us proposo la can\u00e7\u00f3 de <strong>&#8220;No ens desdibuixeu&#8221;<\/strong>. \u00c9s una can\u00e7\u00f3 preciosa que parla sobre el reciclatge.<\/p>\n<p>Farem un muntatge molt xulo que es penjar\u00e0 a la web\/ instagram \/ facebook de l&#8217;escola, per aix\u00f2 necessitem fer el seg\u00fcent:<\/p>\n<ol>\n<li>Aprendre<strong> MOLT B\u00c9 LA CAN\u00c7\u00d3 I MOLT AFINADA.<\/strong><\/li>\n<li>Cantar-la amb un <strong>AURICULAR<\/strong> a l&#8217;orella on aneu escoltant la can\u00e7\u00f3 (sense que se senti al v\u00eddeo) per\u00f2 que s&#8217;escolti <strong>NOM\u00c9S LA VOSTRA VEU<\/strong>.<\/li>\n<li>Gravar el v\u00eddeo en <strong>Horitzontal.<\/strong><\/li>\n<li>Que no hi hagi sorolls de fons.<\/li>\n<\/ol>\n<p>\u00c9S MOLT MOLT MOLT IMPORTANT QUE GRAVEU EL V\u00cdDEO AMB UN AURICULAR A L&#8217;ORELLA ESCOLTANT LA CAN\u00c7\u00d3 PER L&#8217;AURICULAR, JO LI POSAR\u00c9 LA M\u00daSICA, PER\u00d2 NOM\u00c9S ES POT SENTIR LA VOSTRA VEU AL V\u00cdDEO.<\/p>\n<p>Envieu-me els vostres v\u00eddeos PER WETRANSFER\u00a0 a marias@elfarescola.cat<\/p>\n<p><em>IMPORTANT! QUI NO TINGUI DRETS D&#8217;IMATGE QUE M&#8217;HO DIGUI AL CORREU.<\/em><\/p>\n<p>AMB VEU:<\/p>\n<div class=\"ast-oembed-container \" style=\"height: 100%;\"><iframe loading=\"lazy\" title=\"No Ens Desdibuixeu Petit Taller de Can\u00e7ons [Video Oficial][PeTaCa]\" width=\"500\" height=\"281\" src=\"https:\/\/www.youtube.com\/embed\/z5csyfS5B_o?start=35&#038;feature=oembed\" frameborder=\"0\" allow=\"accelerometer; autoplay; clipboard-write; encrypted-media; gyroscope; picture-in-picture; web-share\" referrerpolicy=\"strict-origin-when-cross-origin\" allowfullscreen><\/iframe><\/div>\n<p>&nbsp;<\/p>\n<p>KARAOKE:<\/p>\n<div class=\"ast-oembed-container \" style=\"height: 100%;\"><iframe loading=\"lazy\" title=\"NO ENS DESDIBUIXEU Karaoke [Video Oficial][PeTaCa]\" width=\"500\" height=\"281\" src=\"https:\/\/www.youtube.com\/embed\/jI3cE8_1dpE?feature=oembed\" frameborder=\"0\" allow=\"accelerometer; autoplay; clipboard-write; encrypted-media; gyroscope; picture-in-picture; web-share\" referrerpolicy=\"strict-origin-when-cross-origin\" allowfullscreen><\/iframe><\/div>\n","protected":false},"excerpt":{"rendered":"<p>Nois i noies! Aquesta setmana us proposo la can\u00e7\u00f3 de &#8220;No ens desdibuixeu&#8221;. \u00c9s una can\u00e7\u00f3 preciosa que parla sobre [&hellip;]<\/p>\n","protected":false},"author":36,"featured_media":0,"comment_status":"open","ping_status":"closed","sticky":false,"template":"","format":"standard","meta":{"_bbp_topic_count":0,"_bbp_reply_count":0,"_bbp_total_topic_count":0,"_bbp_total_reply_count":0,"_bbp_voice_count":0,"_bbp_anonymous_reply_count":0,"_bbp_topic_count_hidden":0,"_bbp_reply_count_hidden":0,"_bbp_forum_subforum_count":0,"site-sidebar-layout":"default","site-content-layout":"","ast-site-content-layout":"","site-content-style":"default","site-sidebar-style":"default","ast-global-header-display":"","ast-banner-title-visibility":"","ast-main-header-display":"","ast-hfb-above-header-display":"","ast-hfb-below-header-display":"","ast-hfb-mobile-header-display":"","site-post-title":"","ast-breadcrumbs-content":"","ast-featured-img":"","footer-sml-layout":"","theme-transparent-header-meta":"","adv-header-id-meta":"","stick-header-meta":"","header-above-stick-meta":"","header-main-stick-meta":"","header-below-stick-meta":"","astra-migrate-meta-layouts":"default","ast-page-background-enabled":"default","ast-page-background-meta":{"desktop":{"background-color":"var(--ast-global-color-4)","background-image":"","background-repeat":"repeat","background-position":"center center","background-size":"auto","background-attachment":"scroll","background-type":"","background-media":"","overlay-type":"","overlay-color":"","overlay-opacity":"","overlay-gradient":""},"tablet":{"background-color":"","background-image":"","background-repeat":"repeat","background-position":"center center","background-size":"auto","background-attachment":"scroll","background-type":"","background-media":"","overlay-type":"","overlay-color":"","overlay-opacity":"","overlay-gradient":""},"mobile":{"background-color":"","background-image":"","background-repeat":"repeat","background-position":"center center","background-size":"auto","background-attachment":"scroll","background-type":"","background-media":"","overlay-type":"","overlay-color":"","overlay-opacity":"","overlay-gradient":""}},"ast-content-background-meta":{"desktop":{"background-color":"var(--ast-global-color-5)","background-image":"","background-repeat":"repeat","background-position":"center center","background-size":"auto","background-attachment":"scroll","background-type":"","background-media":"","overlay-type":"","overlay-color":"","overlay-opacity":"","overlay-gradient":""},"tablet":{"background-color":"var(--ast-global-color-5)","background-image":"","background-repeat":"repeat","background-position":"center center","background-size":"auto","background-attachment":"scroll","background-type":"","background-media":"","overlay-type":"","overlay-color":"","overlay-opacity":"","overlay-gradient":""},"mobile":{"background-color":"var(--ast-global-color-5)","background-image":"","background-repeat":"repeat","background-position":"center center","background-size":"auto","background-attachment":"scroll","background-type":"","background-media":"","overlay-type":"","overlay-color":"","overlay-opacity":"","overlay-gradient":""}},"footnotes":""},"categories":[15,74,192],"tags":[],"class_list":["post-4734","post","type-post","status-publish","format-standard","hentry","category-6e","category-musica","category-musc6"],"post_mailing_queue_ids":[],"_links":{"self":[{"href":"https:\/\/agora.xtec.cat\/escolaelfar\/wp-json\/wp\/v2\/posts\/4734","targetHints":{"allow":["GET"]}}],"collection":[{"href":"https:\/\/agora.xtec.cat\/escolaelfar\/wp-json\/wp\/v2\/posts"}],"about":[{"href":"https:\/\/agora.xtec.cat\/escolaelfar\/wp-json\/wp\/v2\/types\/post"}],"author":[{"embeddable":true,"href":"https:\/\/agora.xtec.cat\/escolaelfar\/wp-json\/wp\/v2\/users\/36"}],"replies":[{"embeddable":true,"href":"https:\/\/agora.xtec.cat\/escolaelfar\/wp-json\/wp\/v2\/comments?post=4734"}],"version-history":[{"count":3,"href":"https:\/\/agora.xtec.cat\/escolaelfar\/wp-json\/wp\/v2\/posts\/4734\/revisions"}],"predecessor-version":[{"id":4741,"href":"https:\/\/agora.xtec.cat\/escolaelfar\/wp-json\/wp\/v2\/posts\/4734\/revisions\/4741"}],"wp:attachment":[{"href":"https:\/\/agora.xtec.cat\/escolaelfar\/wp-json\/wp\/v2\/media?parent=4734"}],"wp:term":[{"taxonomy":"category","embeddable":true,"href":"https:\/\/agora.xtec.cat\/escolaelfar\/wp-json\/wp\/v2\/categories?post=4734"},{"taxonomy":"post_tag","embeddable":true,"href":"https:\/\/agora.xtec.cat\/escolaelfar\/wp-json\/wp\/v2\/tags?post=4734"}],"curies":[{"name":"wp","href":"https:\/\/api.w.org\/{rel}","templated":true}]}}