{"id":4570,"date":"2020-05-18T09:00:51","date_gmt":"2020-05-18T07:00:51","guid":{"rendered":"https:\/\/agora.xtec.cat\/escolaelfar\/?p=4570"},"modified":"2020-05-17T21:36:14","modified_gmt":"2020-05-17T19:36:14","slug":"1r-i-2n-el-vals-de-les-flors","status":"publish","type":"post","link":"https:\/\/agora.xtec.cat\/escolaelfar\/primaria\/musica\/1r-i-2n-el-vals-de-les-flors\/","title":{"rendered":"1r EL VALS DE LES FLORS"},"content":{"rendered":"<p>Aquesta setmana farem una audici\u00f3 que es diu &#8220;el Vals de les flors&#8221; de Txaikovski.<\/p>\n<p>A aquest v\u00eddeo veureu que hi ha una abella que va tocant floretes de diferents colors, cada cop que toqui una flor haureu de tocar l&#8217;instrument corresponent.<\/p>\n<p>Nosaltres ens muntarem una bateria a casa! Ens podem ajudar posant algun paper de color vermell, blau i groc al costat o sota de cada instrument per saber quin hem de tocar.<\/p>\n<p>NECESSITAREM UNA BAQUETA O CULLERA DE METALL O FUSTA DE LA CUINA.<\/p>\n<p><span style=\"color: #ff0000\">Vermell: <span style=\"color: #000000\">TIMBAL\/CUBELL<\/span><\/span><\/p>\n<p><span style=\"color: #0000ff\">Blau: <span style=\"color: #000000\">CASSOLA<\/span><\/span><\/p>\n<p><span style=\"color: #ffff00\">Groc:<span style=\"color: #000000\"> Got.<\/span><\/span><\/p>\n<p>Ja teniu muntada la bateria?<\/p>\n<p>Doncs si voleu ho podeu fer tots sols o repartir cada instrument amb un membre de la fam\u00edlia.<\/p>\n<p>ANTENCI\u00d3!!! Al final sonen els 3 instruments a la vegada, si ho heu fet sols demaneu a alg\u00fa que us ajudi a tocar un dels instruments perqu\u00e8 aix\u00ed puguin sonar els 3 junts.<\/p>\n<p>COMENCEM?<\/p>\n<div class=\"ast-oembed-container \" style=\"height: 100%;\"><iframe loading=\"lazy\" title=\"Waltz of the Flowers - Percussion\" width=\"500\" height=\"281\" src=\"https:\/\/www.youtube.com\/embed\/bOXFrgB083A?feature=oembed\" frameborder=\"0\" allow=\"accelerometer; autoplay; clipboard-write; encrypted-media; gyroscope; picture-in-picture; web-share\" referrerpolicy=\"strict-origin-when-cross-origin\" allowfullscreen><\/iframe><\/div>\n<p>Envieu-me els vostres v\u00eddeos a marias@elfarescola.cat<\/p>\n","protected":false},"excerpt":{"rendered":"<p>Aquesta setmana farem una audici\u00f3 que es diu &#8220;el Vals de les flors&#8221; de Txaikovski. A aquest v\u00eddeo veureu que [&hellip;]<\/p>\n","protected":false},"author":36,"featured_media":0,"comment_status":"open","ping_status":"closed","sticky":false,"template":"","format":"standard","meta":{"_bbp_topic_count":0,"_bbp_reply_count":0,"_bbp_total_topic_count":0,"_bbp_total_reply_count":0,"_bbp_voice_count":0,"_bbp_anonymous_reply_count":0,"_bbp_topic_count_hidden":0,"_bbp_reply_count_hidden":0,"_bbp_forum_subforum_count":0,"site-sidebar-layout":"default","site-content-layout":"","ast-site-content-layout":"","site-content-style":"default","site-sidebar-style":"default","ast-global-header-display":"","ast-banner-title-visibility":"","ast-main-header-display":"","ast-hfb-above-header-display":"","ast-hfb-below-header-display":"","ast-hfb-mobile-header-display":"","site-post-title":"","ast-breadcrumbs-content":"","ast-featured-img":"","footer-sml-layout":"","theme-transparent-header-meta":"","adv-header-id-meta":"","stick-header-meta":"","header-above-stick-meta":"","header-main-stick-meta":"","header-below-stick-meta":"","astra-migrate-meta-layouts":"default","ast-page-background-enabled":"default","ast-page-background-meta":{"desktop":{"background-color":"var(--ast-global-color-4)","background-image":"","background-repeat":"repeat","background-position":"center center","background-size":"auto","background-attachment":"scroll","background-type":"","background-media":"","overlay-type":"","overlay-color":"","overlay-opacity":"","overlay-gradient":""},"tablet":{"background-color":"","background-image":"","background-repeat":"repeat","background-position":"center center","background-size":"auto","background-attachment":"scroll","background-type":"","background-media":"","overlay-type":"","overlay-color":"","overlay-opacity":"","overlay-gradient":""},"mobile":{"background-color":"","background-image":"","background-repeat":"repeat","background-position":"center center","background-size":"auto","background-attachment":"scroll","background-type":"","background-media":"","overlay-type":"","overlay-color":"","overlay-opacity":"","overlay-gradient":""}},"ast-content-background-meta":{"desktop":{"background-color":"var(--ast-global-color-5)","background-image":"","background-repeat":"repeat","background-position":"center center","background-size":"auto","background-attachment":"scroll","background-type":"","background-media":"","overlay-type":"","overlay-color":"","overlay-opacity":"","overlay-gradient":""},"tablet":{"background-color":"var(--ast-global-color-5)","background-image":"","background-repeat":"repeat","background-position":"center center","background-size":"auto","background-attachment":"scroll","background-type":"","background-media":"","overlay-type":"","overlay-color":"","overlay-opacity":"","overlay-gradient":""},"mobile":{"background-color":"var(--ast-global-color-5)","background-image":"","background-repeat":"repeat","background-position":"center center","background-size":"auto","background-attachment":"scroll","background-type":"","background-media":"","overlay-type":"","overlay-color":"","overlay-opacity":"","overlay-gradient":""}},"footnotes":""},"categories":[74,187],"tags":[],"class_list":["post-4570","post","type-post","status-publish","format-standard","hentry","category-musica","category-musc1"],"post_mailing_queue_ids":[],"_links":{"self":[{"href":"https:\/\/agora.xtec.cat\/escolaelfar\/wp-json\/wp\/v2\/posts\/4570","targetHints":{"allow":["GET"]}}],"collection":[{"href":"https:\/\/agora.xtec.cat\/escolaelfar\/wp-json\/wp\/v2\/posts"}],"about":[{"href":"https:\/\/agora.xtec.cat\/escolaelfar\/wp-json\/wp\/v2\/types\/post"}],"author":[{"embeddable":true,"href":"https:\/\/agora.xtec.cat\/escolaelfar\/wp-json\/wp\/v2\/users\/36"}],"replies":[{"embeddable":true,"href":"https:\/\/agora.xtec.cat\/escolaelfar\/wp-json\/wp\/v2\/comments?post=4570"}],"version-history":[{"count":2,"href":"https:\/\/agora.xtec.cat\/escolaelfar\/wp-json\/wp\/v2\/posts\/4570\/revisions"}],"predecessor-version":[{"id":4725,"href":"https:\/\/agora.xtec.cat\/escolaelfar\/wp-json\/wp\/v2\/posts\/4570\/revisions\/4725"}],"wp:attachment":[{"href":"https:\/\/agora.xtec.cat\/escolaelfar\/wp-json\/wp\/v2\/media?parent=4570"}],"wp:term":[{"taxonomy":"category","embeddable":true,"href":"https:\/\/agora.xtec.cat\/escolaelfar\/wp-json\/wp\/v2\/categories?post=4570"},{"taxonomy":"post_tag","embeddable":true,"href":"https:\/\/agora.xtec.cat\/escolaelfar\/wp-json\/wp\/v2\/tags?post=4570"}],"curies":[{"name":"wp","href":"https:\/\/api.w.org\/{rel}","templated":true}]}}