{"id":4429,"date":"2020-05-10T17:10:06","date_gmt":"2020-05-10T15:10:06","guid":{"rendered":"https:\/\/agora.xtec.cat\/escolaelfar\/?p=4429"},"modified":"2020-05-11T14:45:28","modified_gmt":"2020-05-11T12:45:28","slug":"proposta-dactivitats-setmana-del-11-al-15-de-maig","status":"publish","type":"post","link":"https:\/\/agora.xtec.cat\/escolaelfar\/primaria\/2n\/proposta-dactivitats-setmana-del-11-al-15-de-maig\/","title":{"rendered":"PROPOSTA D&#8217;ACTIVITATS (SETMANA DEL 11 AL 15 DE MAIG)"},"content":{"rendered":"<p>Hola fam\u00edlies!<\/p>\n<p style=\"text-align: justify\">Esperem que estigueu molt b\u00e9!<\/p>\n<p style=\"text-align: justify\">Comencem la segona setmana de maig amb noves propostes d&#8217;activitats per treballar una bona estona a casa. No volem deixar d&#8217;agrair-vos, una setmana m\u00e9s, la vostra participaci\u00f3 i esfor\u00e7, per tal que els vostres fills\/es puguin compaginar experi\u00e8ncies d&#8217;aprenentatge, tant a casa com a l&#8217;aire lliure.<\/p>\n<p style=\"text-align: justify\">Estem reorganitzant el blog de 2n. i, a partir d&#8217;ara, trobareu les propostes d&#8217;angl\u00e8s, m\u00fasica i educaci\u00f3 f\u00edsica penjades dins la carpeta de l&#8217;\u00e0rea espec\u00edfica. Tanmateix, a la carpeta de NOVETATS, podreu anar veient articles que anem penjant sobre activitats que fan els vostres fills\/es a les videotrucades o altres.<\/p>\n<p style=\"text-align: justify\">Una forta abra\u00e7ada,<\/p>\n<p style=\"text-align: justify\">Les Mestres de 2n.<\/p>\n<p><a href=\"https:\/\/agora.xtec.cat\/escolaelfar\/wp-content\/uploads\/usu1878\/2020\/05\/Proposta-dactivitats-2n.-Setmana-del-11-al-15-de-maig.pdf\">Proposta d&#8217;activitats 2n. Setmana del 11 al 15 de maig<\/a><\/p>\n<p><strong>Lengua castellana:<\/strong> <a href=\"https:\/\/agora.xtec.cat\/escolaelfar\/wp-content\/uploads\/usu1878\/2020\/05\/Comprensi\u00f3n-lectora.pdf\">Comprensi\u00f3n lectora<\/a><\/p>\n<p><strong>Matem\u00e0tiques:<\/strong> <a href=\"https:\/\/agora.xtec.cat\/escolaelfar\/wp-content\/uploads\/usu1878\/2020\/05\/Laboratori-de-nombres.-Sessi\u00f3-36.pdf\">Laboratori de nombres. Sessi\u00f3 36<\/a><\/p>\n<p><a href=\"https:\/\/www.youtube.com\/watch?v=MUFJv6SNPms\">V\u00eddeo de la resta portant<\/a><\/p>\n<p><strong>Medi:<\/strong> Videos:<\/p>\n<p><a href=\"https:\/\/www.ccma.cat\/tv3\/super3\/infok\/les-plantes-viuen-millor-en-familia\/video\/5767574\/\">-Les plantes viuen millor en fam\u00edlia.<\/a><\/p>\n<p><a href=\"https:\/\/www.ccma.cat\/tv3\/super3\/infok\/planta-carnivora-en-perill\/video\/3323471\/\">-Planta carn\u00edvora en perill.<\/a><\/p>\n<p><a href=\"https:\/\/www.youtube.com\/watch?v=GIdzNQqsr74\">-Curiosidades de las plantas.<\/a><\/p>\n<p><a href=\"https:\/\/youtu.be\/t_IK9PSe8-g\">-Les parts de la planta i la flor.<\/a><\/p>\n<p>Altres recursos: Cliqueu les imatges<\/p>\n<p><a href=\"https:\/\/agora.xtec.cat\/escolaelfar\/wp-content\/uploads\/usu1878\/2020\/05\/Les-plantes.jpg\"><img loading=\"lazy\" decoding=\"async\" class=\"alignnone size-full wp-image-4441\" src=\"https:\/\/agora.xtec.cat\/escolaelfar\/wp-content\/uploads\/usu1878\/2020\/05\/Les-plantes.jpg\" alt=\"\" width=\"169\" height=\"176\" \/><\/a> <a href=\"https:\/\/agora.xtec.cat\/escolaelfar\/wp-content\/uploads\/usu1878\/2020\/05\/Coneixem-les-plantes.jpg\"><img loading=\"lazy\" decoding=\"async\" class=\"alignnone size-full wp-image-4442\" src=\"https:\/\/agora.xtec.cat\/escolaelfar\/wp-content\/uploads\/usu1878\/2020\/05\/Coneixem-les-plantes.jpg\" alt=\"\" width=\"248\" height=\"141\" \/><\/a> <a href=\"https:\/\/agora.xtec.cat\/escolaelfar\/wp-content\/uploads\/usu1878\/2020\/05\/Les-plantes-I.jpg\"><img loading=\"lazy\" decoding=\"async\" class=\"alignnone size-full wp-image-4443\" src=\"https:\/\/agora.xtec.cat\/escolaelfar\/wp-content\/uploads\/usu1878\/2020\/05\/Les-plantes-I.jpg\" alt=\"\" width=\"242\" height=\"158\" \/><\/a><\/p>\n<p><strong>Altres propostes:<\/strong><\/p>\n<p><a href=\"https:\/\/agora.xtec.cat\/escolaelfar\/wp-content\/uploads\/usu1878\/2020\/05\/A-PENSAR-9-i-10.pdf\">A PENSAR 9 i 10<\/a><\/p>\n<p><a href=\"https:\/\/www.youtube.com\/watch?v=k6kCwj0Sk4s\">Curtmetratge: Es treballa\u00a0el valor de l\u2019amistat, la solidaritat, la solitud i l\u2019alegria.<\/a><\/p>\n<p>&nbsp;<\/p>\n<p>&nbsp;<\/p>\n","protected":false},"excerpt":{"rendered":"<p>Hola fam\u00edlies! Esperem que estigueu molt b\u00e9! Comencem la segona setmana de maig amb noves propostes d&#8217;activitats per treballar una [&hellip;]<\/p>\n","protected":false},"author":39,"featured_media":4262,"comment_status":"open","ping_status":"closed","sticky":false,"template":"","format":"standard","meta":{"_bbp_topic_count":0,"_bbp_reply_count":0,"_bbp_total_topic_count":0,"_bbp_total_reply_count":0,"_bbp_voice_count":0,"_bbp_anonymous_reply_count":0,"_bbp_topic_count_hidden":0,"_bbp_reply_count_hidden":0,"_bbp_forum_subforum_count":0,"site-sidebar-layout":"default","site-content-layout":"","ast-site-content-layout":"","site-content-style":"default","site-sidebar-style":"default","ast-global-header-display":"","ast-banner-title-visibility":"","ast-main-header-display":"","ast-hfb-above-header-display":"","ast-hfb-below-header-display":"","ast-hfb-mobile-header-display":"","site-post-title":"","ast-breadcrumbs-content":"","ast-featured-img":"","footer-sml-layout":"","theme-transparent-header-meta":"","adv-header-id-meta":"","stick-header-meta":"","header-above-stick-meta":"","header-main-stick-meta":"","header-below-stick-meta":"","astra-migrate-meta-layouts":"default","ast-page-background-enabled":"default","ast-page-background-meta":{"desktop":{"background-color":"var(--ast-global-color-4)","background-image":"","background-repeat":"repeat","background-position":"center center","background-size":"auto","background-attachment":"scroll","background-type":"","background-media":"","overlay-type":"","overlay-color":"","overlay-opacity":"","overlay-gradient":""},"tablet":{"background-color":"","background-image":"","background-repeat":"repeat","background-position":"center center","background-size":"auto","background-attachment":"scroll","background-type":"","background-media":"","overlay-type":"","overlay-color":"","overlay-opacity":"","overlay-gradient":""},"mobile":{"background-color":"","background-image":"","background-repeat":"repeat","background-position":"center center","background-size":"auto","background-attachment":"scroll","background-type":"","background-media":"","overlay-type":"","overlay-color":"","overlay-opacity":"","overlay-gradient":""}},"ast-content-background-meta":{"desktop":{"background-color":"var(--ast-global-color-5)","background-image":"","background-repeat":"repeat","background-position":"center center","background-size":"auto","background-attachment":"scroll","background-type":"","background-media":"","overlay-type":"","overlay-color":"","overlay-opacity":"","overlay-gradient":""},"tablet":{"background-color":"var(--ast-global-color-5)","background-image":"","background-repeat":"repeat","background-position":"center center","background-size":"auto","background-attachment":"scroll","background-type":"","background-media":"","overlay-type":"","overlay-color":"","overlay-opacity":"","overlay-gradient":""},"mobile":{"background-color":"var(--ast-global-color-5)","background-image":"","background-repeat":"repeat","background-position":"center center","background-size":"auto","background-attachment":"scroll","background-type":"","background-media":"","overlay-type":"","overlay-color":"","overlay-opacity":"","overlay-gradient":""}},"footnotes":""},"categories":[11],"tags":[],"class_list":["post-4429","post","type-post","status-publish","format-standard","has-post-thumbnail","hentry","category-2n"],"post_mailing_queue_ids":[],"_links":{"self":[{"href":"https:\/\/agora.xtec.cat\/escolaelfar\/wp-json\/wp\/v2\/posts\/4429","targetHints":{"allow":["GET"]}}],"collection":[{"href":"https:\/\/agora.xtec.cat\/escolaelfar\/wp-json\/wp\/v2\/posts"}],"about":[{"href":"https:\/\/agora.xtec.cat\/escolaelfar\/wp-json\/wp\/v2\/types\/post"}],"author":[{"embeddable":true,"href":"https:\/\/agora.xtec.cat\/escolaelfar\/wp-json\/wp\/v2\/users\/39"}],"replies":[{"embeddable":true,"href":"https:\/\/agora.xtec.cat\/escolaelfar\/wp-json\/wp\/v2\/comments?post=4429"}],"version-history":[{"count":3,"href":"https:\/\/agora.xtec.cat\/escolaelfar\/wp-json\/wp\/v2\/posts\/4429\/revisions"}],"predecessor-version":[{"id":4493,"href":"https:\/\/agora.xtec.cat\/escolaelfar\/wp-json\/wp\/v2\/posts\/4429\/revisions\/4493"}],"wp:featuredmedia":[{"embeddable":true,"href":"https:\/\/agora.xtec.cat\/escolaelfar\/wp-json\/wp\/v2\/media\/4262"}],"wp:attachment":[{"href":"https:\/\/agora.xtec.cat\/escolaelfar\/wp-json\/wp\/v2\/media?parent=4429"}],"wp:term":[{"taxonomy":"category","embeddable":true,"href":"https:\/\/agora.xtec.cat\/escolaelfar\/wp-json\/wp\/v2\/categories?post=4429"},{"taxonomy":"post_tag","embeddable":true,"href":"https:\/\/agora.xtec.cat\/escolaelfar\/wp-json\/wp\/v2\/tags?post=4429"}],"curies":[{"name":"wp","href":"https:\/\/api.w.org\/{rel}","templated":true}]}}