{"id":4321,"date":"2020-05-11T07:00:33","date_gmt":"2020-05-11T05:00:33","guid":{"rendered":"https:\/\/agora.xtec.cat\/escolaelfar\/?p=4321"},"modified":"2020-05-11T07:52:09","modified_gmt":"2020-05-11T05:52:09","slug":"p4-p5-healthy-recipes","status":"publish","type":"post","link":"https:\/\/agora.xtec.cat\/escolaelfar\/infantil\/p4\/p4-p5-healthy-recipes\/","title":{"rendered":"P4-P5 HEALTHY RECIPES!"},"content":{"rendered":"<h1 style=\"text-align: center\">FRUIT SALAD WITH<\/h1>\n<h1 style=\"text-align: center\">TELMO AND TULA!<\/h1>\n<p style=\"text-align: left\"><strong>Hi kids!<\/strong><\/p>\n<p style=\"text-align: left\"><strong>This week we&#8217;ll be chefs! Telmo and Tula offer us healthy and easy recipes! They cook together and show us how to do it in a funny way.\u00a0<\/strong><\/p>\n<p><strong>I&#8217;ve thought a fruit salad is easy to do and healthy as well. Remember to eat fruit every day!<\/strong><\/p>\n<p><strong>Do you want to do a fruit salad with Telmo and Tula? You can do it with different fruits or with your favourite ones!\u00a0<\/strong><\/p>\n<p><strong>Come on! I&#8217;ll wait for your fruit salads pictures! You can send me photos cooking it or with the delicious results!<\/strong><\/p>\n<p><em>Hola nens i nenes!<\/em><\/p>\n<p><em>Aquesta setmana ens convertirem en chefs! En Telmo i la Tula ens ofereixen receptes sanes i f\u00e0cils! Cuinen junts i ens ensenyen com fer-ho d&#8217;una forma divertida.<\/em><\/p>\n<p><em>He pensat que una maced\u00f2nia \u00e9s f\u00e0cil de fer i, al mateix temps, sana. Recordeu menjar fruita cada dia!<\/em><\/p>\n<p><em>Voleu fer una maced\u00f2nia amb en Telmo i la Tula? Podeu fer-ho amb diferents fruites o amb les vostres preferides!<\/em><\/p>\n<p><em>Som-hi! Esperar\u00e9 les fotos de les vostres maced\u00f2nies! Em podeu enviar fotos fent la maced\u00f2nia o amb el delici\u00f3s resultat final!<\/em><\/p>\n<p><a href=\"https:\/\/youtu.be\/aS3nLa6-VpE\" target=\"_blank\" rel=\"noopener noreferrer\"><img loading=\"lazy\" decoding=\"async\" class=\"aligncenter\" src=\"https:\/\/lh3.googleusercontent.com\/proxy\/U5ur1C1epkdb2AMiG3ltKWiUdSdsy4zGukeNX_CgyuZTG67wz27LgeVjI2VxISAHntLTsptw7fhv4Yi_TzJjP6RfvW55AhoazI5zNPmxeav39iOHzE862bgcE-LaeQ\" alt=\"TELMO AND TULA \u2013 LITTLE COOKS | Motion Pictures Entertainment SL\" width=\"512\" height=\"216\" \/><\/a><\/p>\n<p><strong>Kisses and hugs,<\/strong><\/p>\n<p><strong>Teacher Mar<\/strong><\/p>\n","protected":false},"excerpt":{"rendered":"<p>FRUIT SALAD WITH TELMO AND TULA! Hi kids! This week we&#8217;ll be chefs! Telmo and Tula offer us healthy and [&hellip;]<\/p>\n","protected":false},"author":22,"featured_media":4324,"comment_status":"open","ping_status":"closed","sticky":false,"template":"","format":"standard","meta":{"_bbp_topic_count":0,"_bbp_reply_count":0,"_bbp_total_topic_count":0,"_bbp_total_reply_count":0,"_bbp_voice_count":0,"_bbp_anonymous_reply_count":0,"_bbp_topic_count_hidden":0,"_bbp_reply_count_hidden":0,"_bbp_forum_subforum_count":0,"site-sidebar-layout":"default","site-content-layout":"","ast-site-content-layout":"","site-content-style":"default","site-sidebar-style":"default","ast-global-header-display":"","ast-banner-title-visibility":"","ast-main-header-display":"","ast-hfb-above-header-display":"","ast-hfb-below-header-display":"","ast-hfb-mobile-header-display":"","site-post-title":"","ast-breadcrumbs-content":"","ast-featured-img":"","footer-sml-layout":"","theme-transparent-header-meta":"","adv-header-id-meta":"","stick-header-meta":"","header-above-stick-meta":"","header-main-stick-meta":"","header-below-stick-meta":"","astra-migrate-meta-layouts":"default","ast-page-background-enabled":"default","ast-page-background-meta":{"desktop":{"background-color":"var(--ast-global-color-4)","background-image":"","background-repeat":"repeat","background-position":"center center","background-size":"auto","background-attachment":"scroll","background-type":"","background-media":"","overlay-type":"","overlay-color":"","overlay-opacity":"","overlay-gradient":""},"tablet":{"background-color":"","background-image":"","background-repeat":"repeat","background-position":"center center","background-size":"auto","background-attachment":"scroll","background-type":"","background-media":"","overlay-type":"","overlay-color":"","overlay-opacity":"","overlay-gradient":""},"mobile":{"background-color":"","background-image":"","background-repeat":"repeat","background-position":"center center","background-size":"auto","background-attachment":"scroll","background-type":"","background-media":"","overlay-type":"","overlay-color":"","overlay-opacity":"","overlay-gradient":""}},"ast-content-background-meta":{"desktop":{"background-color":"var(--ast-global-color-5)","background-image":"","background-repeat":"repeat","background-position":"center center","background-size":"auto","background-attachment":"scroll","background-type":"","background-media":"","overlay-type":"","overlay-color":"","overlay-opacity":"","overlay-gradient":""},"tablet":{"background-color":"var(--ast-global-color-5)","background-image":"","background-repeat":"repeat","background-position":"center center","background-size":"auto","background-attachment":"scroll","background-type":"","background-media":"","overlay-type":"","overlay-color":"","overlay-opacity":"","overlay-gradient":""},"mobile":{"background-color":"var(--ast-global-color-5)","background-image":"","background-repeat":"repeat","background-position":"center center","background-size":"auto","background-attachment":"scroll","background-type":"","background-media":"","overlay-type":"","overlay-color":"","overlay-opacity":"","overlay-gradient":""}},"footnotes":""},"categories":[71,225,226,8,9],"tags":[],"class_list":["post-4321","post","type-post","status-publish","format-standard","has-post-thumbnail","hentry","category-angles-ed-infantil-c-inicial","category-angp4","category-angp5","category-p4","category-p5"],"post_mailing_queue_ids":[],"_links":{"self":[{"href":"https:\/\/agora.xtec.cat\/escolaelfar\/wp-json\/wp\/v2\/posts\/4321","targetHints":{"allow":["GET"]}}],"collection":[{"href":"https:\/\/agora.xtec.cat\/escolaelfar\/wp-json\/wp\/v2\/posts"}],"about":[{"href":"https:\/\/agora.xtec.cat\/escolaelfar\/wp-json\/wp\/v2\/types\/post"}],"author":[{"embeddable":true,"href":"https:\/\/agora.xtec.cat\/escolaelfar\/wp-json\/wp\/v2\/users\/22"}],"replies":[{"embeddable":true,"href":"https:\/\/agora.xtec.cat\/escolaelfar\/wp-json\/wp\/v2\/comments?post=4321"}],"version-history":[{"count":2,"href":"https:\/\/agora.xtec.cat\/escolaelfar\/wp-json\/wp\/v2\/posts\/4321\/revisions"}],"predecessor-version":[{"id":4323,"href":"https:\/\/agora.xtec.cat\/escolaelfar\/wp-json\/wp\/v2\/posts\/4321\/revisions\/4323"}],"wp:featuredmedia":[{"embeddable":true,"href":"https:\/\/agora.xtec.cat\/escolaelfar\/wp-json\/wp\/v2\/media\/4324"}],"wp:attachment":[{"href":"https:\/\/agora.xtec.cat\/escolaelfar\/wp-json\/wp\/v2\/media?parent=4321"}],"wp:term":[{"taxonomy":"category","embeddable":true,"href":"https:\/\/agora.xtec.cat\/escolaelfar\/wp-json\/wp\/v2\/categories?post=4321"},{"taxonomy":"post_tag","embeddable":true,"href":"https:\/\/agora.xtec.cat\/escolaelfar\/wp-json\/wp\/v2\/tags?post=4321"}],"curies":[{"name":"wp","href":"https:\/\/api.w.org\/{rel}","templated":true}]}}