{"id":4052,"date":"2020-04-26T20:51:25","date_gmt":"2020-04-26T18:51:25","guid":{"rendered":"https:\/\/agora.xtec.cat\/escolaelfar\/?p=4052"},"modified":"2020-04-26T22:35:37","modified_gmt":"2020-04-26T20:35:37","slug":"prposta-dactivitats-1r-setmana-del-27-al-30-dabril","status":"publish","type":"post","link":"https:\/\/agora.xtec.cat\/escolaelfar\/primaria\/1r\/prposta-dactivitats-1r-setmana-del-27-al-30-dabril\/","title":{"rendered":"PROPOSTA D&#8217;ACTIVITATS 1r SETMANA DEL 27 AL 30 D&#8217;ABRIL"},"content":{"rendered":"<p>Hola TRIBU MIAO!<\/p>\n<p>Com esteu? Espero que estigueu tots\/es molt b\u00e9 i que avui diumenge 26 d&#8217;abril hagueu pogut sortir una estoneta al carrer a moure-us una mica i gaudir d&#8217;una bona passejada.<\/p>\n<p>De nou, felicitar-vos pel treball que heu estat fent, des de casa, aquesta setmana. Veureu que he publicat l&#8217;activitat de Sant Jordi que vau fer. Aviat penjar\u00e9 les vostres flors de les emocions, que han quedat molt boniques!<\/p>\n<p>Aqu\u00ed teniu, les propostes per aquesta setmana. Com ja sabeu, el proper divendres 1 de maig \u00e9s festiu i el dilluns 4 de maig, \u00e9s un dels dies festius de lliure elecci\u00f3 per tant, la propera setmana, penjarem la nova proposta d&#8217;activitats, el dimarts 5 de maig.<\/p>\n<p>Pel que fa a les propostes d&#8217;activitats setmanals, dir-vos que pretenen ser una guia, una ajuda&#8230;per\u00f2 en cap cas, volem que us suposi un neguit o un estr\u00e9s afegit. Som molt conscients que cada fam\u00edlia t\u00e9 una situaci\u00f3 diferent i que, no sempre \u00e9s f\u00e0cil realitzar aquestes propostes. Per tant, al vostre ritme i si una setmana es fan menys activitats, tamb\u00e9 estar\u00e0 b\u00e9. El que s\u00ed us demanem, \u00e9s un contacte setmanal per saber com esteu i, no dubteu en posar-vos en contacte amb nosaltres per qualsevol dubte o neguit. Estem junts en aquest cam\u00ed!<\/p>\n<p>Una vegada m\u00e9s, agrair-vos la vostra comprensi\u00f3, col.laboraci\u00f3, recol\u00e7ament i esfor\u00e7.<\/p>\n<p>Una abra\u00e7ada ben forta,<\/p>\n<p>Anna V.<\/p>\n<p>Enlla\u00e7 a la graella de la proposta d&#8217;activitats d&#8217;aquesta setmana:<\/p>\n<p><a href=\"https:\/\/agora.xtec.cat\/escolaelfar\/wp-content\/uploads\/usu1878\/2020\/04\/Proposta-dactivitats-1r-setmana-27-30-dabril.pdf\">Proposta d&#8217;activitats 1r setmana 27-30 d&#8217;abril<\/a><\/p>\n<p>Enlla\u00e7 activitat de llengua castellana:<\/p>\n<p><a href=\"https:\/\/agora.xtec.cat\/escolaelfar\/wp-content\/uploads\/usu1878\/2020\/04\/FICHA-LECTURA-1r.pdf\">FICHA LECTURA 1r<\/a><\/p>\n<p>Enlla\u00e7os de l&#8217;activitat &#8220;LA MALETA VIATGERA&#8221; de llengua catalana:<\/p>\n<p><a href=\"https:\/\/agora.xtec.cat\/escolaelfar\/wp-content\/uploads\/usu1878\/2020\/04\/Exemple-MALETA-VIATGERA.pdf\">Exemple MALETA VIATGERA<\/a><\/p>\n<p><a href=\"https:\/\/agora.xtec.cat\/escolaelfar\/wp-content\/uploads\/usu1878\/2020\/04\/Normes-ortogr\u00e0fiques-i-autoavaluaci\u00f3.pdf\">Normes ortogr\u00e0fiques i autoavaluaci\u00f3<\/a><\/p>\n<p>Enlla\u00e7os sessi\u00f3 31 de llenguatge matem\u00e0tic:<\/p>\n<p><a href=\"https:\/\/agora.xtec.cat\/escolaelfar\/wp-content\/uploads\/usu1878\/2020\/04\/sessi\u00f3-31.pdf\">sessi\u00f3 31<\/a><\/p>\n<p><a href=\"https:\/\/agora.xtec.cat\/escolaelfar\/wp-content\/uploads\/usu1878\/2020\/04\/exemple-sessi\u00f331.pdf\">exemple sessi\u00f331<\/a><\/p>\n<p>L&#8217;enlla\u00e7 dels enigmes 5 i 6, recordeu que el seu retorn \u00e9s OPCIONAL:<\/p>\n<p><a href=\"https:\/\/agora.xtec.cat\/escolaelfar\/wp-content\/uploads\/usu1878\/2020\/04\/A-pensar-5-i-6.pdf\">A pensar! 5 i 6<\/a><\/p>\n<p>Per \u00faltim, l&#8217;enlla\u00e7 del curtmetratge que us mencionem a la graella:<\/p>\n<p><a href=\"https:\/\/www.youtube.com\/watch?v=bF4_Xm6RIQQ\">Curtmetratge<\/a><\/p>\n<p><a href=\"https:\/\/agora.xtec.cat\/escolaelfar\/wp-content\/uploads\/usu1878\/2020\/04\/ensenyar-amb-el-cor.jpg\"><img loading=\"lazy\" decoding=\"async\" class=\"wp-image-4076 aligncenter\" src=\"https:\/\/agora.xtec.cat\/escolaelfar\/wp-content\/uploads\/usu1878\/2020\/04\/ensenyar-amb-el-cor.jpg\" alt=\"\" width=\"423\" height=\"599\" srcset=\"https:\/\/agora.xtec.cat\/escolaelfar\/wp-content\/uploads\/usu1878\/2020\/04\/ensenyar-amb-el-cor.jpg 600w, https:\/\/agora.xtec.cat\/escolaelfar\/wp-content\/uploads\/usu1878\/2020\/04\/ensenyar-amb-el-cor-212x300.jpg 212w\" sizes=\"auto, (max-width: 423px) 100vw, 423px\" \/><\/a><\/p>\n","protected":false},"excerpt":{"rendered":"<p>Hola TRIBU MIAO! Com esteu? Espero que estigueu tots\/es molt b\u00e9 i que avui diumenge 26 d&#8217;abril hagueu pogut sortir [&hellip;]<\/p>\n","protected":false},"author":39,"featured_media":0,"comment_status":"open","ping_status":"closed","sticky":false,"template":"","format":"standard","meta":{"_bbp_topic_count":0,"_bbp_reply_count":0,"_bbp_total_topic_count":0,"_bbp_total_reply_count":0,"_bbp_voice_count":0,"_bbp_anonymous_reply_count":0,"_bbp_topic_count_hidden":0,"_bbp_reply_count_hidden":0,"_bbp_forum_subforum_count":0,"site-sidebar-layout":"default","site-content-layout":"","ast-site-content-layout":"","site-content-style":"default","site-sidebar-style":"default","ast-global-header-display":"","ast-banner-title-visibility":"","ast-main-header-display":"","ast-hfb-above-header-display":"","ast-hfb-below-header-display":"","ast-hfb-mobile-header-display":"","site-post-title":"","ast-breadcrumbs-content":"","ast-featured-img":"","footer-sml-layout":"","theme-transparent-header-meta":"","adv-header-id-meta":"","stick-header-meta":"","header-above-stick-meta":"","header-main-stick-meta":"","header-below-stick-meta":"","astra-migrate-meta-layouts":"default","ast-page-background-enabled":"default","ast-page-background-meta":{"desktop":{"background-color":"var(--ast-global-color-4)","background-image":"","background-repeat":"repeat","background-position":"center center","background-size":"auto","background-attachment":"scroll","background-type":"","background-media":"","overlay-type":"","overlay-color":"","overlay-opacity":"","overlay-gradient":""},"tablet":{"background-color":"","background-image":"","background-repeat":"repeat","background-position":"center center","background-size":"auto","background-attachment":"scroll","background-type":"","background-media":"","overlay-type":"","overlay-color":"","overlay-opacity":"","overlay-gradient":""},"mobile":{"background-color":"","background-image":"","background-repeat":"repeat","background-position":"center center","background-size":"auto","background-attachment":"scroll","background-type":"","background-media":"","overlay-type":"","overlay-color":"","overlay-opacity":"","overlay-gradient":""}},"ast-content-background-meta":{"desktop":{"background-color":"var(--ast-global-color-5)","background-image":"","background-repeat":"repeat","background-position":"center center","background-size":"auto","background-attachment":"scroll","background-type":"","background-media":"","overlay-type":"","overlay-color":"","overlay-opacity":"","overlay-gradient":""},"tablet":{"background-color":"var(--ast-global-color-5)","background-image":"","background-repeat":"repeat","background-position":"center center","background-size":"auto","background-attachment":"scroll","background-type":"","background-media":"","overlay-type":"","overlay-color":"","overlay-opacity":"","overlay-gradient":""},"mobile":{"background-color":"var(--ast-global-color-5)","background-image":"","background-repeat":"repeat","background-position":"center center","background-size":"auto","background-attachment":"scroll","background-type":"","background-media":"","overlay-type":"","overlay-color":"","overlay-opacity":"","overlay-gradient":""}},"footnotes":""},"categories":[10],"tags":[],"class_list":["post-4052","post","type-post","status-publish","format-standard","hentry","category-1r"],"post_mailing_queue_ids":[],"_links":{"self":[{"href":"https:\/\/agora.xtec.cat\/escolaelfar\/wp-json\/wp\/v2\/posts\/4052","targetHints":{"allow":["GET"]}}],"collection":[{"href":"https:\/\/agora.xtec.cat\/escolaelfar\/wp-json\/wp\/v2\/posts"}],"about":[{"href":"https:\/\/agora.xtec.cat\/escolaelfar\/wp-json\/wp\/v2\/types\/post"}],"author":[{"embeddable":true,"href":"https:\/\/agora.xtec.cat\/escolaelfar\/wp-json\/wp\/v2\/users\/39"}],"replies":[{"embeddable":true,"href":"https:\/\/agora.xtec.cat\/escolaelfar\/wp-json\/wp\/v2\/comments?post=4052"}],"version-history":[{"count":3,"href":"https:\/\/agora.xtec.cat\/escolaelfar\/wp-json\/wp\/v2\/posts\/4052\/revisions"}],"predecessor-version":[{"id":4102,"href":"https:\/\/agora.xtec.cat\/escolaelfar\/wp-json\/wp\/v2\/posts\/4052\/revisions\/4102"}],"wp:attachment":[{"href":"https:\/\/agora.xtec.cat\/escolaelfar\/wp-json\/wp\/v2\/media?parent=4052"}],"wp:term":[{"taxonomy":"category","embeddable":true,"href":"https:\/\/agora.xtec.cat\/escolaelfar\/wp-json\/wp\/v2\/categories?post=4052"},{"taxonomy":"post_tag","embeddable":true,"href":"https:\/\/agora.xtec.cat\/escolaelfar\/wp-json\/wp\/v2\/tags?post=4052"}],"curies":[{"name":"wp","href":"https:\/\/api.w.org\/{rel}","templated":true}]}}